{"id":1023,"date":"2008-12-01T12:57:57","date_gmt":"2008-12-01T10:57:57","guid":{"rendered":"http:\/\/bitacora.eniac2000.com\/?p=1023"},"modified":"2008-12-01T12:57:57","modified_gmt":"2008-12-01T10:57:57","slug":"estado-de-la-via-de-la-plata-entre-santiponce-y-guillena","status":"publish","type":"post","link":"https:\/\/bitacora.eniac2000.com\/?p=1023","title":{"rendered":"Estado de la V\u00eda de la Plata entre Santiponce y Guillena"},"content":{"rendered":"<p>\u00c9ste era el estado que presentaba la V\u00eda de la Plata en <a href=\"https:\/\/maps.google.es\/maps?f=q&#038;hl=es&#038;geocode=&#038;q=santiponce&#038;ie=UTF8&#038;ll=37.49329,-6.048843&#038;spn=0.006614,0.009656&#038;t=h&#038;z=17\">este punto entre Santiponce y Guillena<\/a> ayer domingo:<\/p>\n<p><a href=\"http:\/\/bitacora.eniac2000.com\/wp-content\/uploads\/2008\/12\/foto0164.jpg\" rel=\"lightbox[pics1023]\" title=\"V\u00eda de la Plata\"><img loading=\"lazy\" decoding=\"async\" src=\"http:\/\/bitacora.eniac2000.com\/wp-content\/uploads\/2008\/12\/foto0164.thumbnail.jpg\" alt=\"V\u00eda de la Plata\" width=\"400\" height=\"300\" class=\"attachment wp-att-1024 \" \/><\/a><\/p>\n<p>El agua alcanzaba una altura de unos 40-50 cm., por lo que recomiendo a los intr\u00e9pidos peregrinos que se aventuren a cruzarlo el uso de unas botas katiuskas bien altas, o a ser posible una balsa neum\u00e1tica. <img src=\"https:\/\/bitacora.eniac2000.com\/wp-includes\/images\/smilies\/mrgreen.png\" alt=\":mrgreen:\" class=\"wp-smiley\" style=\"height: 1em; max-height: 1em;\" \/><\/p>\n","protected":false},"excerpt":{"rendered":"<p>\u00c9ste era el estado que presentaba la V\u00eda de la<\/p>\n","protected":false},"author":1,"featured_media":0,"comment_status":"open","ping_status":"open","sticky":false,"template":"","format":"standard","meta":{"advanced_seo_description":"","jetpack_seo_html_title":"","jetpack_seo_noindex":false,"_jetpack_memberships_contains_paid_content":false,"footnotes":"","jetpack_publicize_message":"","jetpack_publicize_feature_enabled":true,"jetpack_social_post_already_shared":false,"jetpack_social_options":{"image_generator_settings":{"template":"highway","default_image_id":0,"font":"","enabled":false},"version":2}},"categories":[2,19],"tags":[],"series":[],"class_list":["post-1023","post","type-post","status-publish","format-standard","hentry","category-camino-de-santiago","category-via-de-la-plata"],"jetpack_publicize_connections":[],"jetpack_featured_media_url":"","jetpack_sharing_enabled":true,"_links":{"self":[{"href":"https:\/\/bitacora.eniac2000.com\/index.php?rest_route=\/wp\/v2\/posts\/1023","targetHints":{"allow":["GET"]}}],"collection":[{"href":"https:\/\/bitacora.eniac2000.com\/index.php?rest_route=\/wp\/v2\/posts"}],"about":[{"href":"https:\/\/bitacora.eniac2000.com\/index.php?rest_route=\/wp\/v2\/types\/post"}],"author":[{"embeddable":true,"href":"https:\/\/bitacora.eniac2000.com\/index.php?rest_route=\/wp\/v2\/users\/1"}],"replies":[{"embeddable":true,"href":"https:\/\/bitacora.eniac2000.com\/index.php?rest_route=%2Fwp%2Fv2%2Fcomments&post=1023"}],"version-history":[{"count":0,"href":"https:\/\/bitacora.eniac2000.com\/index.php?rest_route=\/wp\/v2\/posts\/1023\/revisions"}],"wp:attachment":[{"href":"https:\/\/bitacora.eniac2000.com\/index.php?rest_route=%2Fwp%2Fv2%2Fmedia&parent=1023"}],"wp:term":[{"taxonomy":"category","embeddable":true,"href":"https:\/\/bitacora.eniac2000.com\/index.php?rest_route=%2Fwp%2Fv2%2Fcategories&post=1023"},{"taxonomy":"post_tag","embeddable":true,"href":"https:\/\/bitacora.eniac2000.com\/index.php?rest_route=%2Fwp%2Fv2%2Ftags&post=1023"},{"taxonomy":"series","embeddable":true,"href":"https:\/\/bitacora.eniac2000.com\/index.php?rest_route=%2Fwp%2Fv2%2Fseries&post=1023"}],"curies":[{"name":"wp","href":"https:\/\/api.w.org\/{rel}","templated":true}]}}