{"id":1025,"date":"2008-12-13T20:52:27","date_gmt":"2008-12-13T18:52:27","guid":{"rendered":"http:\/\/bitacora.eniac2000.com\/?p=1025"},"modified":"2025-10-11T04:45:45","modified_gmt":"2025-10-11T02:45:45","slug":"camino-de-la-costa-etapa-2-cudillero-luarca","status":"publish","type":"post","link":"https:\/\/bitacora.eniac2000.com\/?p=1025","title":{"rendered":"Camino de la Costa: Etapa 2. Cudillero &#8211; Luarca"},"content":{"rendered":"<div class=\"seriesmeta\">Esta entrada es la parte 3 de 7 de la serie <a href=\"https:\/\/bitacora.eniac2000.com\/?series=camino-de-santiago-2008\" class=\"series-1829\" title=\"Camino de Santiago 2008\">Camino de Santiago 2008<\/a><\/div><p>EL 21 de julio nos levantamos a las seis de la ma\u00f1ana para emprender la etapa. Tras desayunar y preparar las bicicletas, empezamos la etapa al filo de las siete de la ma\u00f1ana. \u00c9sta se presentaba soleada, pero muy fr\u00eda. Sin embargo, pronto \u00edbamos a entrar en calor. La carretera que nos devolv\u00eda al a la N-632 se encontraba al final del puerto. Tan s\u00f3lo dos kil\u00f3metros, pero no iba a ser nada f\u00e1cil. En ellos hab\u00eda que salvar un desnivel de 100 metros. Lo que, lastrados con unos 10 kilos de equipaje, no era moco de pavo.<\/p>\n<figure class=\"wp-block-piwigo-gallery-single-image piwigo-single-image\"><a href=\"https:\/\/www.eniac2000.com\/piwigo\/picture.php?\/2701\" target=\"_blank\" rel=\"noopener noreferrer\"><img decoding=\"async\" src=\"https:\/\/www.eniac2000.com\/piwigo\/_data\/i\/galleries\/albums\/2008-07-camino-santiago-oviedo\/dia2\/Camino_Santiago_2008_183-me.JPG\" alt=\"Camino Santiago 2008 183\" \/><\/a><figcaption><strong>Camino Santiago 2008 183<\/strong><\/figcaption><\/figure>\n<p>La subida fue, como era de esperar, dur\u00edsima. De esas en las que tienes que clavar la vista en los platos, y limitarte a mirar c\u00f3mo suben y bajan tus propios pies, pues si tratas de ver la siguiente curva, \u00e9sta parece que nunca va a llegar. Aun as\u00ed (qu\u00e9 remedio) lo subimos. Unos quince minutos que parec\u00edan, tambi\u00e9n, que nunca iban a terminar. Pero la vista merec\u00eda la pena:<\/p>\n<figure class=\"wp-block-piwigo-gallery-single-image piwigo-single-image\"><a href=\"https:\/\/www.eniac2000.com\/piwigo\/picture.php?\/2704\" target=\"_blank\" rel=\"noopener noreferrer\"><img decoding=\"async\" src=\"https:\/\/www.eniac2000.com\/piwigo\/_data\/i\/galleries\/albums\/2008-07-camino-santiago-oviedo\/dia2\/Camino_Santiago_2008_186-me.JPG\" alt=\"Camino Santiago 2008 186\" \/><\/a><figcaption><strong>Camino Santiago 2008 186<\/strong><\/figcaption><\/figure>\n<p>La etapa puede resumirse f\u00e1cilmente como una etapa \u00abrompepiernas\u00bb. Cont\u00ednuas subidas y bajadas a medida que \u00edbamos salvando arroyuelos hac\u00edan que la carretera (al principio la N-632A y posteriormente la N-634) subiera y bajara por peque\u00f1os valles cuajados de vegetaci\u00f3n.<\/p>\n<p>Antes de abandonar el concejo de Cudillero, nos desviamos para contemplar los impresionantes acantilados de <a href=\"https:\/\/maps.google.es\/maps?f=q&#038;hl=es&#038;geocode=&#038;q=cabo+vidio,+asturias&#038;sll=40.396764,-3.713379&#038;sspn=8.097298,15.05127&#038;ie=UTF8&#038;ll=43.58064,-6.199379&#038;spn=0.120373,0.235176&#038;t=h&#038;z=12\">Cabo Vidio<\/a>, que constituyen un espect\u00e1culo sin igual con sus cien metros de ca\u00edda hasta el nivel del mar. <\/p>\n<figure class=\"wp-block-piwigo-gallery-single-image piwigo-single-image\"><a href=\"https:\/\/www.eniac2000.com\/piwigo\/picture.php?\/2706\" target=\"_blank\" rel=\"noopener noreferrer\"><img decoding=\"async\" src=\"https:\/\/www.eniac2000.com\/piwigo\/_data\/i\/galleries\/albums\/2008-07-camino-santiago-oviedo\/dia2\/Camino_Santiago_2008_188-me.JPG\" alt=\"Camino Santiago 2008 188\" \/><\/a><figcaption><strong>Camino Santiago 2008 188<\/strong><\/figcaption><\/figure>\n<figure class=\"wp-block-piwigo-gallery-single-image piwigo-single-image\"><a href=\"https:\/\/www.eniac2000.com\/piwigo\/picture.php?\/2727\" target=\"_blank\" rel=\"noopener noreferrer\"><img decoding=\"async\" src=\"https:\/\/www.eniac2000.com\/piwigo\/_data\/i\/galleries\/albums\/2008-07-camino-santiago-oviedo\/dia2\/Camino_Santiago_2008_209-me.JPG\" alt=\"Camino Santiago 2008 209\" \/><\/a><figcaption><strong>Camino Santiago 2008 209<\/strong><\/figcaption><\/figure>\n<p>Una vez recuperamos el Camino, seguimos avanzado en direcci\u00f3n oeste por la N-632A. El perfil, como hasta entonces, segu\u00eda ofrenciendo cont\u00ednuas subidas y bajadas sin excesiva dureza, pero que imposibilitaban mantener un ritmo c\u00f3modo.<\/p>\n<p>A media ma\u00f1ana llegamos a uno de los puntos interesantes del Camino en esta etapa: la bifurcaci\u00f3n del Camino antes de llegar a Albuerne. Escogimos la alternativa de Ballotas, m\u00e1s larga, por carretera, pero m\u00e1s descansada; antes de abandonar el Concejo, pudimos deleitarnos con unas magn\u00edficas tostadas de buen pan de pueblo.<\/p>\n<figure class=\"wp-block-piwigo-gallery-single-image piwigo-single-image\"><a href=\"https:\/\/www.eniac2000.com\/piwigo\/picture.php?\/2732\" target=\"_blank\" rel=\"noopener noreferrer\"><img decoding=\"async\" src=\"https:\/\/www.eniac2000.com\/piwigo\/_data\/i\/galleries\/albums\/2008-07-camino-santiago-oviedo\/dia2\/Camino_Santiago_2008_214-me.JPG\" alt=\"Camino Santiago 2008 214\" \/><\/a><figcaption><strong>Camino Santiago 2008 214<\/strong><\/figcaption><\/figure>\n<p>Una vez retomada la etapa, con el calor arreciando, continuamos por la carretera en direcci\u00f3n a Luarca, nuestro fin de etapa. Antes de llegar tuvimos la magn\u00edfica ocasi\u00f3n de contemplar la visi\u00f3n del estuario y la playa del r\u00edo Esva, en las cercan\u00edas de Cuevas.<\/p>\n<figure class=\"wp-block-piwigo-gallery-single-image piwigo-single-image\"><a href=\"https:\/\/www.eniac2000.com\/piwigo\/picture.php?\/2733\" target=\"_blank\" rel=\"noopener noreferrer\"><img decoding=\"async\" src=\"https:\/\/www.eniac2000.com\/piwigo\/_data\/i\/galleries\/albums\/2008-07-camino-santiago-oviedo\/dia2\/Camino_Santiago_2008_215-me.JPG\" alt=\"Camino Santiago 2008 215\" \/><\/a><figcaption><strong>Camino Santiago 2008 215<\/strong><\/figcaption><\/figure>\n<p>Pronto llegamos a las cercan\u00edas de Luarca, nuestro fin de etapa. Apenas pasado el mediod\u00eda dimos con el albergue de peregrinos de Luarca, que se encuentra unos tres kil\u00f3metros antes de la localidad. Se encontraba a\u00fan cerrado, y dado que no nos ofrec\u00eda nada, salvo un enjambre de moscas (\u00abKingdom of Flies\u00bb, hab\u00eda dejado escrito alg\u00fan peregrino de parla inglesa), decidimos continuar hasta el pueblo, comer all\u00ed, y buscar alojamiento en el propio pueblo. Comimos en un restaurante cercano a la oficina de Turismo. A\u00fan recuerdo el magn\u00edfico marmitaco con el que saci\u00e9 mi hambre. Tras comer, encontramos una pensi\u00f3n agradable y a buen precio en la calle, c\u00f3mo no, Crucero. Por la tarde visitamos el pueblo, hicimos la compra, y nos concedimos un peque\u00f1o lujo: llevar la ropa a la tintorer\u00eda para que nos la lavaran. <\/p>\n<figure class=\"wp-block-piwigo-gallery-single-image piwigo-single-image\"><a href=\"https:\/\/www.eniac2000.com\/piwigo\/picture.php?\/2734\" target=\"_blank\" rel=\"noopener noreferrer\"><img decoding=\"async\" src=\"https:\/\/www.eniac2000.com\/piwigo\/_data\/i\/galleries\/albums\/2008-07-camino-santiago-oviedo\/dia2\/Camino_Santiago_2008_216-me.JPG\" alt=\"Camino Santiago 2008 216\" \/><\/a><figcaption><strong>Camino Santiago 2008 216<\/strong><\/figcaption><\/figure>\n<p>Luarca, parte del concejo de Vald\u00e9s, es una peque\u00f1a poblaci\u00f3n costera, agradable y tur\u00edstica. Cuenta con un singular cementerio marinero en lo alto de un cerro junto al mar, y con unas curiosas playas hormigonadas en la desembocadura del r\u00edo Negro, que atraviesa la localidad.<\/p>\n<figure class=\"wp-block-piwigo-gallery-single-image piwigo-single-image\"><a href=\"https:\/\/www.eniac2000.com\/piwigo\/picture.php?\/2744\" target=\"_blank\" rel=\"noopener noreferrer\"><img decoding=\"async\" src=\"https:\/\/www.eniac2000.com\/piwigo\/_data\/i\/galleries\/albums\/2008-07-camino-santiago-oviedo\/dia2\/Camino_Santiago_2008_226-me.JPG\" alt=\"Camino Santiago 2008 226\" \/><\/a><figcaption><strong>Camino Santiago 2008 226<\/strong><\/figcaption><\/figure>\n<p>Esa tarde, tras recoger la ropa, nos dedicamos a pasear por Luarca, y hacer un reconocimiento previo del terreno, de cara a la etapa del d\u00eda siguiente. La salida, c\u00f3mo no, iba a ser de nuevo en alto, pasando junto a una ermita que dominaba el pueblo desde un cerro cercano.<\/p>\n<figure class=\"wp-block-piwigo-gallery-single-image piwigo-single-image\"><a href=\"https:\/\/www.eniac2000.com\/piwigo\/picture.php?\/2745\" target=\"_blank\" rel=\"noopener noreferrer\"><img decoding=\"async\" src=\"https:\/\/www.eniac2000.com\/piwigo\/_data\/i\/galleries\/albums\/2008-07-camino-santiago-oviedo\/dia2\/Camino_Santiago_2008_227-me.JPG\" alt=\"Camino Santiago 2008 227\" \/><\/a><figcaption><strong>Camino Santiago 2008 227<\/strong><\/figcaption><\/figure>\n<p><strong>Datos de la etapa:<\/strong><\/p>\n<ul>\n<li><strong>Distancia (seg\u00fan cuentakil\u00f3metros): 66&#8217;920 km.<\/strong><\/li>\n<li><strong>Tiempo empleado: 4:11:00<\/strong><\/li>\n<\/ul>\n","protected":false},"excerpt":{"rendered":"<div class=\"seriesmeta\">Esta entrada es la parte 3 de 7 de la serie <a href=\"https:\/\/bitacora.eniac2000.com\/?series=camino-de-santiago-2008\" class=\"series-1829\" title=\"Camino de Santiago 2008\">Camino de Santiago 2008<\/a><\/div><p>EL 21 de julio nos levantamos a las seis de<\/p>\n","protected":false},"author":1,"featured_media":0,"comment_status":"open","ping_status":"open","sticky":false,"template":"","format":"standard","meta":{"advanced_seo_description":"","jetpack_seo_html_title":"","jetpack_seo_noindex":false,"_jetpack_memberships_contains_paid_content":false,"footnotes":"","jetpack_publicize_message":"","jetpack_publicize_feature_enabled":true,"jetpack_social_post_already_shared":false,"jetpack_social_options":{"image_generator_settings":{"template":"highway","default_image_id":0,"font":"","enabled":false},"version":2}},"categories":[23,2],"tags":[],"series":[1829],"class_list":["post-1025","post","type-post","status-publish","format-standard","hentry","category-camino-de-la-costa","category-camino-de-santiago","series-camino-de-santiago-2008"],"jetpack_publicize_connections":[],"jetpack_featured_media_url":"","jetpack_sharing_enabled":true,"_links":{"self":[{"href":"https:\/\/bitacora.eniac2000.com\/index.php?rest_route=\/wp\/v2\/posts\/1025","targetHints":{"allow":["GET"]}}],"collection":[{"href":"https:\/\/bitacora.eniac2000.com\/index.php?rest_route=\/wp\/v2\/posts"}],"about":[{"href":"https:\/\/bitacora.eniac2000.com\/index.php?rest_route=\/wp\/v2\/types\/post"}],"author":[{"embeddable":true,"href":"https:\/\/bitacora.eniac2000.com\/index.php?rest_route=\/wp\/v2\/users\/1"}],"replies":[{"embeddable":true,"href":"https:\/\/bitacora.eniac2000.com\/index.php?rest_route=%2Fwp%2Fv2%2Fcomments&post=1025"}],"version-history":[{"count":1,"href":"https:\/\/bitacora.eniac2000.com\/index.php?rest_route=\/wp\/v2\/posts\/1025\/revisions"}],"predecessor-version":[{"id":10975,"href":"https:\/\/bitacora.eniac2000.com\/index.php?rest_route=\/wp\/v2\/posts\/1025\/revisions\/10975"}],"wp:attachment":[{"href":"https:\/\/bitacora.eniac2000.com\/index.php?rest_route=%2Fwp%2Fv2%2Fmedia&parent=1025"}],"wp:term":[{"taxonomy":"category","embeddable":true,"href":"https:\/\/bitacora.eniac2000.com\/index.php?rest_route=%2Fwp%2Fv2%2Fcategories&post=1025"},{"taxonomy":"post_tag","embeddable":true,"href":"https:\/\/bitacora.eniac2000.com\/index.php?rest_route=%2Fwp%2Fv2%2Ftags&post=1025"},{"taxonomy":"series","embeddable":true,"href":"https:\/\/bitacora.eniac2000.com\/index.php?rest_route=%2Fwp%2Fv2%2Fseries&post=1025"}],"curies":[{"name":"wp","href":"https:\/\/api.w.org\/{rel}","templated":true}]}}