{"id":1049,"date":"2009-01-25T15:21:18","date_gmt":"2009-01-25T13:21:18","guid":{"rendered":"http:\/\/bitacora.eniac2000.com\/?p=1049"},"modified":"2025-10-11T04:45:58","modified_gmt":"2025-10-11T02:45:58","slug":"camino-de-la-costa-etapa-4-ribadeo-villalba","status":"publish","type":"post","link":"https:\/\/bitacora.eniac2000.com\/?p=1049","title":{"rendered":"Camino de la Costa: Etapa 4. Ribadeo &#8211; Villalba"},"content":{"rendered":"<div class=\"seriesmeta\">Esta entrada es la parte 5 de 7 de la serie <a href=\"https:\/\/bitacora.eniac2000.com\/?series=camino-de-santiago-2008\" class=\"series-1829\" title=\"Camino de Santiago 2008\">Camino de Santiago 2008<\/a><\/div><p>La ma\u00f1ana de la cuarta etapa del Camino, primera en la que part\u00edamos ya desde tierras gallegas, amaneci\u00f3 fr\u00eda, nublada, y con amenaza de lluvia. Esta etapa la iniciamos con una importante variaci\u00f3n en el recorrido. En vez de seguir estrictamente el Camino, continuamos bordeando la costa desde Ribadeo por la N-634, previa parada en una gasolinera para hacernos con un mapa de carreteras de Galicia, hasta Barreiros. Una vez all\u00ed, tomamos seguimos por la nacional en direcci\u00f3n a Mondo\u00f1edo. El trayecto por la carretera, en constante ascenso, fue bastante tranquilo hasta Vilanova de Lourenz\u00e1.<\/p>\n<figure class=\"wp-block-piwigo-gallery-single-image piwigo-single-image\"><a href=\"https:\/\/www.eniac2000.com\/piwigo\/picture.php?\/2800\" target=\"_blank\" rel=\"noopener noreferrer\"><img decoding=\"async\" src=\"https:\/\/www.eniac2000.com\/piwigo\/_data\/i\/galleries\/albums\/2008-07-camino-santiago-oviedo\/dia4\/Camino_Santiago_2008_280-me.JPG\" alt=\"Camino Santiago 2008 280\" \/><\/a><figcaption><strong>Camino Santiago 2008 280<\/strong><\/figcaption><\/figure>\n<p>Hicimos la primera para de la ma\u00f1ana en Lourenz\u00e1, junto al Monasterio de San Salvador, magn\u00edfica muestra del Barroco gallego, y en el que se puede visitar un conocido museo de Arte Sacro, y en la que destaca la preciosa iglesia de Santa Mar\u00eda.<\/p>\n<figure class=\"wp-block-piwigo-gallery-single-image piwigo-single-image\"><a href=\"https:\/\/www.eniac2000.com\/piwigo\/picture.php?\/2803\" target=\"_blank\" rel=\"noopener noreferrer\"><img decoding=\"async\" src=\"https:\/\/www.eniac2000.com\/piwigo\/_data\/i\/galleries\/albums\/2008-07-camino-santiago-oviedo\/dia4\/Camino_Santiago_2008_283-me.JPG\" alt=\"Camino Santiago 2008 283\" \/><\/a><figcaption><strong>Camino Santiago 2008 283<\/strong><\/figcaption><\/figure>\n<p>Una vez finalizado el descanso, continuamos en direcci\u00f3n a Mondo\u00f1edo. Optamos por seguir por un viejo tramo de la N-634, evitando el nuevo trazado. No fue una mala decisi\u00f3n, ya que el <a href=\"http:\/\/sertorio.eniac2000.com\/gallery2\/main.php?g2_itemId=19380\">trazado del tramo<\/a> era mucho m\u00e1s cercano al <a href=\"http:\/\/sertorio.eniac2000.com\/gallery2\/main.php?g2_itemId=19384\">recorrido se\u00f1alizado<\/a> del Camino. <\/p>\n<figure class=\"wp-block-piwigo-gallery-single-image piwigo-single-image\"><a href=\"https:\/\/www.eniac2000.com\/piwigo\/picture.php?\/2816\" target=\"_blank\" rel=\"noopener noreferrer\"><img decoding=\"async\" src=\"https:\/\/www.eniac2000.com\/piwigo\/_data\/i\/galleries\/albums\/2008-07-camino-santiago-oviedo\/dia4\/Camino_Santiago_2008_296-me.JPG\" alt=\"Camino Santiago 2008 296\" \/><\/a><figcaption><strong>Camino Santiago 2008 296<\/strong><\/figcaption><\/figure>\n<p>Por otro lado, proporcionaba un ascenso mucho m\u00e1s descansado hasta Mondo\u00f1edo, y nos permiti\u00f3 contemplar unas bellas vistas de Lourenz\u00e1.<\/p>\n<figure class=\"wp-block-piwigo-gallery-single-image piwigo-single-image\"><a href=\"https:\/\/www.eniac2000.com\/piwigo\/picture.php?\/2818\" target=\"_blank\" rel=\"noopener noreferrer\"><img decoding=\"async\" src=\"https:\/\/www.eniac2000.com\/piwigo\/_data\/i\/galleries\/albums\/2008-07-camino-santiago-oviedo\/dia4\/Camino_Santiago_2008_298-me.JPG\" alt=\"Camino Santiago 2008 298\" \/><\/a><figcaption><strong>Camino Santiago 2008 298<\/strong><\/figcaption><\/figure>\n<p>Sin embargo, la ma\u00f1ana estaba empezando a complicarse. La lluvia que llevaba amenazando desde la salida de Ribadeo, hizo acto de presencia, si bien es verdad que apenas en forma de una breve llovizna.<\/p>\n<p>Tras recorrer los apenas 10 km. que separan Lourenz\u00e1 de Mondo\u00f1edo, entramos en la bella ciudad de <a href=\"http:\/\/es.wikipedia.org\/wiki\/Mondo%C3%B1edo\">Mondo\u00f1edo<\/a>, capital de una de las siete provincias hist\u00f3ricas de Galicia, y co-sede del episcopado de Mondo\u00f1edo-Ferrol. Su importancia a lo largo de la Historia ha dejado huella en el entramado urbano de Mondo\u00f1edo y, pese a que actualmente no llega a los 5000 habitantes, es una hermosa poblaci\u00f3n con un importante legado art\u00edstico.<\/p>\n<figure class=\"wp-block-piwigo-gallery-single-image piwigo-single-image\"><a href=\"https:\/\/www.eniac2000.com\/piwigo\/picture.php?\/2819\" target=\"_blank\" rel=\"noopener noreferrer\"><img decoding=\"async\" src=\"https:\/\/www.eniac2000.com\/piwigo\/_data\/i\/galleries\/albums\/2008-07-camino-santiago-oviedo\/dia4\/Camino_Santiago_2008_299-me.JPG\" alt=\"Camino Santiago 2008 299\" \/><\/a><figcaption><strong>Camino Santiago 2008 299<\/strong><\/figcaption><\/figure>\n<figure class=\"wp-block-piwigo-gallery-single-image piwigo-single-image\"><a href=\"https:\/\/www.eniac2000.com\/piwigo\/picture.php?\/2854\" target=\"_blank\" rel=\"noopener noreferrer\"><img decoding=\"async\" src=\"https:\/\/www.eniac2000.com\/piwigo\/_data\/i\/galleries\/albums\/2008-07-camino-santiago-oviedo\/dia4\/Camino_Santiago_2008_334-me.JPG\" alt=\"Camino Santiago 2008 334\" \/><\/a><figcaption><strong>Camino Santiago 2008 334<\/strong><\/figcaption><\/figure>\n<p>La siguiente parada, como no pod\u00eda ser menos, la hicimos frente a la catedral, donde, en los soportales de la plaza, pudimos tomar un buen tentempi\u00e9 a base de caf\u00e9 y tostadas; estas \u00faltimas, pese a ser de pan Bimbo, cayeron maravillosamente bien. Aprovech\u00e9 este rato para enviar un par de postales.<\/p>\n<figure class=\"wp-block-piwigo-gallery-single-image piwigo-single-image\"><a href=\"https:\/\/www.eniac2000.com\/piwigo\/picture.php?\/2820\" target=\"_blank\" rel=\"noopener noreferrer\"><img decoding=\"async\" src=\"https:\/\/www.eniac2000.com\/piwigo\/_data\/i\/galleries\/albums\/2008-07-camino-santiago-oviedo\/dia4\/Camino_Santiago_2008_300-me.JPG\" alt=\"Camino Santiago 2008 300\" \/><\/a><figcaption><strong>Camino Santiago 2008 300<\/strong><\/figcaption><\/figure>\n<p>Dado que la lluvia volv\u00eda a hacer acto de presencia, decidimos hacer una peque\u00f1a parada para visitar la <a href=\"http:\/\/es.wikipedia.org\/wiki\/Catedral_de_Mondo%C3%B1edo\">catedral<\/a>. Algo que fue, sin lugar a dudas, una decisi\u00f3n muy acertada. En la catedral, de un estilo g\u00f3tico de transici\u00f3n con el rom\u00e1nico, pudimos disfrutar de unos magn\u00edficos murales.<\/p>\n<figure class=\"wp-block-piwigo-gallery-single-image piwigo-single-image\"><a href=\"https:\/\/www.eniac2000.com\/piwigo\/picture.php?\/2839\" target=\"_blank\" rel=\"noopener noreferrer\"><img decoding=\"async\" src=\"https:\/\/www.eniac2000.com\/piwigo\/_data\/i\/galleries\/albums\/2008-07-camino-santiago-oviedo\/dia4\/Camino_Santiago_2008_319-me.JPG\" alt=\"Camino Santiago 2008 319\" \/><\/a><figcaption><strong>Camino Santiago 2008 319<\/strong><\/figcaption><\/figure>\n<p>Tambi\u00e9n merece ser destacado el precioso roset\u00f3n que corona la entrada.<\/p>\n<figure class=\"wp-block-piwigo-gallery-single-image piwigo-single-image\"><a href=\"https:\/\/www.eniac2000.com\/piwigo\/picture.php?\/2835\" target=\"_blank\" rel=\"noopener noreferrer\"><img decoding=\"async\" src=\"https:\/\/www.eniac2000.com\/piwigo\/_data\/i\/galleries\/albums\/2008-07-camino-santiago-oviedo\/dia4\/Camino_Santiago_2008_315-me.JPG\" alt=\"Camino Santiago 2008 315\" \/><\/a><figcaption><strong>Camino Santiago 2008 315<\/strong><\/figcaption><\/figure>\n<p>Dado que segu\u00eda lloviendo de manera intermiente, seguimos postponiendo el momento de seguir el Camino. Aprovechamos para ver la Fuente Vieja, construida en la \u00e9poca de Carlos V.<\/p>\n<figure class=\"wp-block-piwigo-gallery-single-image piwigo-single-image\"><a href=\"https:\/\/www.eniac2000.com\/piwigo\/picture.php?\/2845\" target=\"_blank\" rel=\"noopener noreferrer\"><img decoding=\"async\" src=\"https:\/\/www.eniac2000.com\/piwigo\/_data\/i\/galleries\/albums\/2008-07-camino-santiago-oviedo\/dia4\/Camino_Santiago_2008_325-me.JPG\" alt=\"Camino Santiago 2008 325\" \/><\/a><figcaption><strong>Camino Santiago 2008 325<\/strong><\/figcaption><\/figure>\n<p>Posteriormente, y siguiendo la ruta cultural por la ciudad, contemplamos el imponente edificio del Seminario de Santa Catalina, del siglo XVI.<\/p>\n<figure class=\"wp-block-piwigo-gallery-single-image piwigo-single-image\"><a href=\"https:\/\/www.eniac2000.com\/piwigo\/picture.php?\/2849\" target=\"_blank\" rel=\"noopener noreferrer\"><img decoding=\"async\" src=\"https:\/\/www.eniac2000.com\/piwigo\/_data\/i\/galleries\/albums\/2008-07-camino-santiago-oviedo\/dia4\/Camino_Santiago_2008_329-me.JPG\" alt=\"Camino Santiago 2008 329\" \/><\/a><figcaption><strong>Camino Santiago 2008 329<\/strong><\/figcaption><\/figure>\n<p>Mediada la ma\u00f1ana, el tiempo empez\u00f3 a mejorar bastante. El cielo se despej\u00f3, e incluso empez\u00f3 a brillar un sol bastante fuerte, lo que nos permiti\u00f3 retomar el camino. Desde Mondo\u00f1edo, dado que el Camino transcurr\u00eda por una vieja carretera cercana en su trazado a la Nacional, decidimos seguirlo, para evitar el tr\u00e1fico pesado de la N-634. El Camino sale en ascenso del pueblo, y la carretera es una cont\u00ednua sucesi\u00f3n de subidas y bajadas, algunas de ellas de fuerte pendiente.<\/p>\n<p>Nada m\u00e1s salir de Mondo\u00f1edo pasamos por un alto en el que hay una casa que presentaba una curiosa hornacina, en la que en alg\u00fan momento hubo una imagen. Ahora tan s\u00f3lo queda la siguiente inscripci\u00f3n:<\/p>\n<blockquote><p>\u00abEl Ylmo. Sr. Obispo de Mo\u00f1do [Mondo\u00f1edo] concede cuarenta d\u00edas de yndulgencias a los fieles que devotamente ante esta ymagen rezaren V.G. el Padrenuestro o el Credo. 2 de Enero de 1903\u00bb<\/p><\/blockquote>\n<figure class=\"wp-block-piwigo-gallery-single-image piwigo-single-image\"><a href=\"https:\/\/www.eniac2000.com\/piwigo\/picture.php?\/2859\" target=\"_blank\" rel=\"noopener noreferrer\"><img decoding=\"async\" src=\"https:\/\/www.eniac2000.com\/piwigo\/_data\/i\/galleries\/albums\/2008-07-camino-santiago-oviedo\/dia4\/Foto0057-me.jpg\" alt=\"Foto0057\" \/><\/a><figcaption><strong>Foto0057<\/strong><\/figcaption><\/figure>\n<p>La carretera continuaba con cont\u00ednuos ascensos y descensos hasta la aldea de Lousada, a unos siete kil\u00f3metros y medio, en los que pr\u00e1cticamente ninguna casa flanquea la carretera (salvo por la aldea de Sopena), algo bastante inaudito en el agro gallego. Pasado Lousada, hay que superar un duro ascenso hasta el Llano de la Aldea, donde se desemboca de nuevo en la Nacional. Justo antes de llegar a \u00e9sta hay una fuente de agua helada que hace las delicias de los caminantes.<\/p>\n<p>De nuevo en la carretera, pronto llegamos al Alto da Xesta, que marca el inicio de un largo descenso que lleva pr\u00e1cticamente hasta Gont\u00e1n, el pueblo donde ten\u00edamos previsto terminar esta etapa. Sin embargo, dado que a\u00fan era algo temprano para comer, decidimos continuar hasta el vecino pueblo de Abad\u00edn, que tambi\u00e9n cuenta con albergue de peregrinos.<\/p>\n<p>Una vez all\u00ed, entramos en un bar de carretera, recomendado por unos obreros que realizaban reparaciones en la carretera, para comer. En efecto, disfrutamos de una magn\u00edfica comida. A la salida, dado que a\u00fan era bastante temprano, y que apenas ten\u00edamos 20 kil\u00f3metros de recorrido bastante asequible hasta Villalba, decidimos continuar la etapa.<\/p>\n<p>En efecto, el recorrido hasta Villalba apenas present\u00f3 dificultades. El terreno era pr\u00e1cticamente plano, con apenas subidas y bajadas, e incluso la carretera, antes de llegar a Villalba, era una recta perfecta de unos 10 kil\u00f3metros. El Camino, en este trayecto, no discurre exactamente por la Nacional, sino por una pista cercana que va acerc\u00e1ndose y separ\u00e1ndose de la carretera. Decidimos continuar por \u00e9sta, si bien pudimos ver a un gran grupo de ciclistas que iban por el Camino. Pronto los volver\u00edamos a encontrar.<\/p>\n<p>El albergue de peregrinos de Villalba se encuentra justo a la entrada de esta poblaci\u00f3n, en un pol\u00edgono que est\u00e1 junto a la N-634. Es un edificio bastante moderno y con buenos servicios. Es gestionado por Protecci\u00f3n Civil. Como hecho curioso puede citarse que ha sido el primer albergue del Camino, de todos los realizados, donde hemos pagado en vez de realizar el correspondiente donativo, con entrega de una entrada serigrafiada y todo. Todo esto viene de una normativa que public\u00f3 la Xunta en 2006, en la que, para evitar que los albergues fueran invadidos por <em>turistas<\/em> que no estuvieran realizando el Camino, decidi\u00f3 establecer un cobro de una peque\u00f1a cantidad, previa muestra de la credencial de peregrino.<\/p>\n<figure class=\"wp-block-piwigo-gallery-single-image piwigo-single-image\"><a href=\"https:\/\/www.eniac2000.com\/piwigo\/picture.php?\/2857\" target=\"_blank\" rel=\"noopener noreferrer\"><img decoding=\"async\" src=\"https:\/\/www.eniac2000.com\/piwigo\/_data\/i\/galleries\/albums\/2008-07-camino-santiago-oviedo\/dia4\/Camino_Santiago_2008_337-me.JPG\" alt=\"Camino Santiago 2008 337\" \/><\/a><figcaption><strong>Camino Santiago 2008 337<\/strong><\/figcaption><\/figure>\n<p>La tarde la empleamos en ajustar las bicis, lavar ropa, y reposar tranquilamente en el albergue. No mucho tiempo despu\u00e9s lleg\u00f3 el grupo de ciclistas que hab\u00edamos visto con anterioridad. Cenamos con ellos en un restaurante cercano, en el pol\u00edgono. All\u00ed les recomendamos, dado que a\u00fan no ten\u00edan sitio donde parar en Santiago, que acudieran al Seminario Mayor, el sitio donde nosotros ten\u00edamos reservada habitaci\u00f3n. <\/p>\n<p>Recapitulando, hab\u00edamos realizado etapa y media en el mismo d\u00eda. Ello implicaba que la etapa del d\u00eda siguiente iba a ser demasiado corta, o que, por el contrario, tendr\u00edamos que volver a hacer etapa y media en la siguiente jornada. De acuerdo al perfil de la etapa, esto \u00faltimo parec\u00eda ser la opci\u00f3n ganadora. Sin embargo, ello implicaba que \u00edbamos a llegar a Santiago con un d\u00eda de antelaci\u00f3n: el 25 de julio, d\u00eda de Santiago. Algo que precisamente hab\u00edamos tratado de evitar. Pero algo que, finalmente, cre\u00edamos que merecer\u00eda la pena.<\/p>\n<p><strong>Datos de la etapa:<\/strong><\/p>\n<ul>\n<li><strong>Distancia (seg\u00fan cuentakil\u00f3metros):<\/strong> 77&#8217;048 km.<\/li>\n<li><strong>Tiempo empleado:<\/strong> 5:16:45<\/li>\n<\/ul>\n","protected":false},"excerpt":{"rendered":"<div class=\"seriesmeta\">Esta entrada es la parte 5 de 7 de la serie <a href=\"https:\/\/bitacora.eniac2000.com\/?series=camino-de-santiago-2008\" class=\"series-1829\" title=\"Camino de Santiago 2008\">Camino de Santiago 2008<\/a><\/div><p>La ma\u00f1ana de la cuarta etapa del Camino, primera en<\/p>\n","protected":false},"author":1,"featured_media":0,"comment_status":"open","ping_status":"open","sticky":false,"template":"","format":"standard","meta":{"advanced_seo_description":"","jetpack_seo_html_title":"","jetpack_seo_noindex":false,"_jetpack_memberships_contains_paid_content":false,"footnotes":"","jetpack_publicize_message":"","jetpack_publicize_feature_enabled":true,"jetpack_social_post_already_shared":false,"jetpack_social_options":{"image_generator_settings":{"template":"highway","default_image_id":0,"font":"","enabled":false},"version":2}},"categories":[23,2],"tags":[],"series":[1829],"class_list":["post-1049","post","type-post","status-publish","format-standard","hentry","category-camino-de-la-costa","category-camino-de-santiago","series-camino-de-santiago-2008"],"jetpack_publicize_connections":[],"jetpack_featured_media_url":"","jetpack_sharing_enabled":true,"_links":{"self":[{"href":"https:\/\/bitacora.eniac2000.com\/index.php?rest_route=\/wp\/v2\/posts\/1049","targetHints":{"allow":["GET"]}}],"collection":[{"href":"https:\/\/bitacora.eniac2000.com\/index.php?rest_route=\/wp\/v2\/posts"}],"about":[{"href":"https:\/\/bitacora.eniac2000.com\/index.php?rest_route=\/wp\/v2\/types\/post"}],"author":[{"embeddable":true,"href":"https:\/\/bitacora.eniac2000.com\/index.php?rest_route=\/wp\/v2\/users\/1"}],"replies":[{"embeddable":true,"href":"https:\/\/bitacora.eniac2000.com\/index.php?rest_route=%2Fwp%2Fv2%2Fcomments&post=1049"}],"version-history":[{"count":1,"href":"https:\/\/bitacora.eniac2000.com\/index.php?rest_route=\/wp\/v2\/posts\/1049\/revisions"}],"predecessor-version":[{"id":10977,"href":"https:\/\/bitacora.eniac2000.com\/index.php?rest_route=\/wp\/v2\/posts\/1049\/revisions\/10977"}],"wp:attachment":[{"href":"https:\/\/bitacora.eniac2000.com\/index.php?rest_route=%2Fwp%2Fv2%2Fmedia&parent=1049"}],"wp:term":[{"taxonomy":"category","embeddable":true,"href":"https:\/\/bitacora.eniac2000.com\/index.php?rest_route=%2Fwp%2Fv2%2Fcategories&post=1049"},{"taxonomy":"post_tag","embeddable":true,"href":"https:\/\/bitacora.eniac2000.com\/index.php?rest_route=%2Fwp%2Fv2%2Ftags&post=1049"},{"taxonomy":"series","embeddable":true,"href":"https:\/\/bitacora.eniac2000.com\/index.php?rest_route=%2Fwp%2Fv2%2Fseries&post=1049"}],"curies":[{"name":"wp","href":"https:\/\/api.w.org\/{rel}","templated":true}]}}