{"id":109,"date":"2005-07-06T22:06:13","date_gmt":"2005-07-06T20:06:13","guid":{"rendered":"http:\/\/bitacora.eniac2000.com\/?p=109"},"modified":"2005-07-06T22:06:13","modified_gmt":"2005-07-06T20:06:13","slug":"unos-dias-de-asueto","status":"publish","type":"post","link":"https:\/\/bitacora.eniac2000.com\/?p=109","title":{"rendered":"Unos d\u00edas de asueto"},"content":{"rendered":"<p>Salvo por la defensa del trabajo de IA2 que, por cierto, tengo ma\u00f1ana a las 9 de la ma\u00f1ana, el viernes pasado termin\u00e9 el curso en la <a href=\"http:\/\/www.us.es\">Universidad de Sevilla<\/a>. As\u00ed que, por fin, pude disfrutar de unos d\u00edas de asueto, que Ana y yo aprovechamos para irnos de viajecito a Granada.<\/p>\n<p>S\u00e1bado, salida de C\u00f3rdoba a las 7:30h de la ma\u00f1ana. Parada no prevista en Zuheros, ya que nos entraron ganas de ver la Cueva de los Murci\u00e9lagos. A lo tonto, vimos la cueva (una delicia de 9\u00baC en el interior), el museo del pueblo y el castillo.<\/p>\n<p><a href=\"\/wp-content\/dsc03691.jpg\" target=\"_blank\"><img decoding=\"async\" src=\"\/wp-content\/thumb-dsc03691.jpg\" alt='Vistas desde el castillo de Zuheros' \/><\/a><\/p>\n<p>A las 13:00h retomamos el camino hacia Granada, a la que llegamos a la hora de comer, tras una infructuosa parada en Pinos Puente. Mejor no hablar de ello.<br \/>\nPor la tarde, encontrar un <a href=\"http:\/\/www.hotelreinamora.com\">hotelito<\/a>, y de callejeo por el Albaic\u00edn, t\u00e9 en una teter\u00eda, paseo hasta el Parque Federico Garc\u00eda Lorca, y despu\u00e9s a cenar, que a la ma\u00f1ana siguiente \u00edbamos a las Alpujarras.<\/p>\n<p><a href=\"\/wp-content\/dsc03725.jpg\" target=\"_blank\"><img decoding=\"async\" src=\"\/wp-content\/thumb-dsc03725.jpg\" alt='Ana, en el Mirador de San Crist&Atilde;&sup3;bal' \/><\/a><\/p>\n<p>Domingo; sal\u00edamos de Granada a las 7:30h, direcci\u00f3n sur. Primera parada: Lanjar\u00f3n, para desayunar, beber de las famosas aguas de esta villa alpujarre\u00f1a, y deleitarnos con el entorno. A continuaci\u00f3n, los pueblos blancos de las Alpujarras: valle de Poqueira, Pampaneira, Bubi\u00f3n y Capileira. \u00bfDe verdad que est\u00e1bamos en Granada? Apenas eran las 10:00h y el calor se empezaba a notar.<\/p>\n<p><a href=\"\/wp-content\/dsc03768.jpg\" target=\"_blank\"><img decoding=\"async\" src=\"\/wp-content\/thumb-dsc03768.jpg\" alt='Pampaneira y el Valle de Poqueira, desde Capileira' \/><\/a><\/p>\n<p>Tras una lamentablemente corta visita a los tres pueblos, emprendimos el camino de la costa. Luis, Emilio y Ana, novia de Luis, nos esperaban en La Herradura, para echar la tarde de asueto, ir a la playita y esas cosas. Un viaje tranquilo y r\u00e1pido, las precauciones tomadas por la <a href=\"http:\/\/www.dgt.es\">DGT<\/a> hab\u00edan surtido efecto: doble carril hacia la costa y control de la Guardia Civil. Bien por ellos.<br \/>\nY en La Herradura, genial: disfrutamos de una magn\u00edfica comida en un restaurante de la costa, vimos el triunfo de Fernando Alonso en Magny Cours, y en una calita cercana a la casa de Luis nos relajamos, si bien el ba\u00f1o hubo de ser breve, merced a las medusas que infestan este verano las aguas del Mediterr\u00e1neo.<\/p>\n<p>A las 19:30h, vuelta a C\u00f3rdoba, por M\u00e1laga. Jam\u00e1s lo hiciera. 12 km. de retenciones para entrar a M\u00e1laga, unos 35 km. para salir, y retenciones peque\u00f1as en las traves\u00edas de la N-331 en diversos pueblos de la provincia de C\u00f3rdoba. Para un trayecto que normalmente exige unas dos horas, tardamos casi cuatro y media. Pero hab\u00edamos pasado un par de d\u00edas geniales, tra\u00eddo muchos recuerdos, alg\u00fan que otro regalo, y un preocupante moreno de camionero en mi caso, y una importante quemaz\u00f3n en los hombros en el de Ana.<\/p>\n<p>El lunes disfrutamos de un merecido descanso, y el martes nos fuimos Ana, mi padre y yo a hacer la <a href=\"http:\/\/www.ffe.es\/viasverdes\/viasv_htm\/vv_campina1.htm\">V\u00eda Verde de la Campi\u00f1a<\/a>, recientemente habilitada por la <a href=\"http:\/\/www.ffe.es\">Fundaci\u00f3n de Ferrocarriles Espa\u00f1oles<\/a>. EL resultado es a pedir de boca: taludes reconstruidos, tramos perdidos recuperados, firme de grava fina que permite el rodar c\u00f3modo de las bicicletas, indicaciones, plantado de vegetaci\u00f3n, eliminaci\u00f3n de malas hierbas y, lo m\u00e1s sorprendente, un arreglo total del T\u00fanel de las Tablas (<em>alias<\/em> T\u00fanel de los Champi\u00f1ones), que incluye el desescombro y la iluminaci\u00f3n alimentada por energ\u00eda solar. Una aut\u00e9ntica delicia, vaya. Lo malo es que no hay ni una mala sombra en todo el recorrido, lo que ha hecho que Ana y yo estemos algo m\u00e1s churruscados de lo habitual. En fin.<\/p>\n<p>Hoy estoy en Sevilla. Ana ha vuelto a Pontevedra, y yo tengo que defender ma\u00f1ana el trabajo de IA2, adem\u00e1s de buscar nuevo piso en Sevilla, ya que Rafa se va a trabajar a Madrid, y pone en venta el que tiene. Una pena.<\/p>\n","protected":false},"excerpt":{"rendered":"<p>Salvo por la defensa del trabajo de IA2 que, por<\/p>\n","protected":false},"author":1,"featured_media":0,"comment_status":"open","ping_status":"open","sticky":false,"template":"","format":"standard","meta":{"advanced_seo_description":"","jetpack_seo_html_title":"","jetpack_seo_noindex":false,"_jetpack_memberships_contains_paid_content":false,"footnotes":"","jetpack_publicize_message":"","jetpack_publicize_feature_enabled":true,"jetpack_social_post_already_shared":false,"jetpack_social_options":{"image_generator_settings":{"template":"highway","default_image_id":0,"font":"","enabled":false},"version":2}},"categories":[20],"tags":[],"series":[],"class_list":["post-109","post","type-post","status-publish","format-standard","hentry","category-vida-corriente"],"jetpack_publicize_connections":[],"jetpack_featured_media_url":"","jetpack_sharing_enabled":true,"_links":{"self":[{"href":"https:\/\/bitacora.eniac2000.com\/index.php?rest_route=\/wp\/v2\/posts\/109","targetHints":{"allow":["GET"]}}],"collection":[{"href":"https:\/\/bitacora.eniac2000.com\/index.php?rest_route=\/wp\/v2\/posts"}],"about":[{"href":"https:\/\/bitacora.eniac2000.com\/index.php?rest_route=\/wp\/v2\/types\/post"}],"author":[{"embeddable":true,"href":"https:\/\/bitacora.eniac2000.com\/index.php?rest_route=\/wp\/v2\/users\/1"}],"replies":[{"embeddable":true,"href":"https:\/\/bitacora.eniac2000.com\/index.php?rest_route=%2Fwp%2Fv2%2Fcomments&post=109"}],"version-history":[{"count":0,"href":"https:\/\/bitacora.eniac2000.com\/index.php?rest_route=\/wp\/v2\/posts\/109\/revisions"}],"wp:attachment":[{"href":"https:\/\/bitacora.eniac2000.com\/index.php?rest_route=%2Fwp%2Fv2%2Fmedia&parent=109"}],"wp:term":[{"taxonomy":"category","embeddable":true,"href":"https:\/\/bitacora.eniac2000.com\/index.php?rest_route=%2Fwp%2Fv2%2Fcategories&post=109"},{"taxonomy":"post_tag","embeddable":true,"href":"https:\/\/bitacora.eniac2000.com\/index.php?rest_route=%2Fwp%2Fv2%2Ftags&post=109"},{"taxonomy":"series","embeddable":true,"href":"https:\/\/bitacora.eniac2000.com\/index.php?rest_route=%2Fwp%2Fv2%2Fseries&post=109"}],"curies":[{"name":"wp","href":"https:\/\/api.w.org\/{rel}","templated":true}]}}