{"id":1091,"date":"2009-03-07T19:48:44","date_gmt":"2009-03-07T18:48:44","guid":{"rendered":"http:\/\/bitacora.eniac2000.com\/?p=1091"},"modified":"2025-10-11T04:46:10","modified_gmt":"2025-10-11T02:46:10","slug":"camino-de-la-costa-etapa-6-sobrado-dos-monxes-santiago-de-compostela","status":"publish","type":"post","link":"https:\/\/bitacora.eniac2000.com\/?p=1091","title":{"rendered":"Camino de la Costa: Etapa 6. Sobrado dos Monxes &#8211; Santiago de Compostela"},"content":{"rendered":"<div class=\"seriesmeta\">Esta entrada es la parte 7 de 7 de la serie <a href=\"https:\/\/bitacora.eniac2000.com\/?series=camino-de-santiago-2008\" class=\"series-1829\" title=\"Camino de Santiago 2008\">Camino de Santiago 2008<\/a><\/div><p>El \u00faltimo d\u00eda de recorrido, 25 de Julio, D\u00eda de Santiago, amaneci\u00f3 con malos presagios. Mi padre, a consecuencia del enfriamiento del d\u00eda anterior, hab\u00eda pasado muy mala noche, con un catarrazo de cuidado. A la ma\u00f1ana, gracias a unos antigripales y dopado de paracetamol, parec\u00eda encontrarse mejor. Pero el clima no iba, ni mucho menos, a ayudar. De nuevo el d\u00eda se presentaba muy fr\u00edo y lluvioso. M\u00e1s que un d\u00eda de verano, parec\u00eda un d\u00eda de invierno en C\u00f3rdoba. Decidimos no perder demasiado tiempo. Tomamos un \u00abdesayuno de campa\u00f1a\u00bb, con los v\u00edveres de supermercado que hab\u00edamos comprado la tarde anterior, y nos hicimos pronto al camino.<\/p>\n<p>Dado que no estaba la situaci\u00f3n como para andarse con florituras, decidimos realizar una nueva variaci\u00f3n en el recorrido. Optamos por tomar la conocida como \u00abvariante de O Pino\u00bb: recorrimos un d\u00e9dalo de carreteras comarcales, que nos hicieron pasar por las aldeas de Corredoiras, Boimorto, dejar Orxal a nuestra izquierda, y Li\u00f1ares\/Pastor, para acabar saliendo de nuevo a la N-634.<\/p>\n<p>Camino de Boimorto empez\u00f3 a llovernos en serio, como no nos hab\u00eda ca\u00eddo agua en todo el Camino. Una de esas lluvias densas, con gotas gordas como cocos de La Habana, que casi hac\u00edan da\u00f1o al caer. Y all\u00ed est\u00e1bamos, en mitad de la nada, sin ning\u00fan sitio en el que guarecernos. Con la \u00fanica opci\u00f3n de seguir adelante, aguantar el chaparr\u00f3n, y esperar a que escampara. Y no lo digo de manera metaf\u00f3rica.<\/p>\n<p>El zurreo de agua dur\u00f3 hasta Boimorto, pero no dejar\u00eda de caernos agua hasta llegar a Santiago. Incluso, de cuando en cuando, el recorrido se ve\u00eda aderezado con nuevas excelencias meteorol\u00f3gicas. Pronto hizo aparici\u00f3n una niebla densa que, hasta entonces, hab\u00eda pensado que era algo incompatible con la lluvia. Pero se ve que Galicia siempre te guarda alguna sorpresa. Decidimos hacer, cerca de un recinto ferial, la primera parada del d\u00eda.<\/p>\n<figure class=\"wp-block-piwigo-gallery-single-image piwigo-single-image\"><a href=\"https:\/\/www.eniac2000.com\/piwigo\/picture.php?\/2959\" target=\"_blank\" rel=\"noopener noreferrer\"><img decoding=\"async\" src=\"https:\/\/www.eniac2000.com\/piwigo\/_data\/i\/galleries\/albums\/2008-07-camino-santiago-oviedo\/dia6\/Camino_Santiago_2008_437-me.JPG\" alt=\"Camino Santiago 2008 437\" \/><\/a><figcaption><strong>Camino Santiago 2008 437<\/strong><\/figcaption><\/figure>\n<p>Tras un breve rato de descanso, por aquello de no enfriarnos, seguimos adelante por un bosque de eucaliptos. Con la humedad, provocada por la lluvia y la niebla, el olor a eucalipto era enloquecedor, de tal manera que parec\u00eda que estuvi\u00e9ramos rodando por un bote de Vicks VapoRub m\u00e1s que por un bosque gallego. \u00abAl menos -le dije a mi padre- te vendr\u00e1 bien para la congesti\u00f3n\u00bb. Nos echamos unas risas a cuenta de esto.<\/p>\n<p>A\u00fan continuamos unos cuantos kil\u00f3metros por carreteras secundarias, algunas de ellas en obras, antes de desembocar por \u00faltima vez a la N-634. Ya no la abandonar\u00edamos hasta Santiago. Pero por el camino, entre subidas y -sobre todo- bajadas, a\u00fan tuvimos tiempo de parar en un bar de carretera a meternos entre pecho y espalda algo caliente (\u00abT\u00e9, caf\u00e9, caldo, un taz\u00f3n de leche, lo que tenga\u00bb), para combatir el fr\u00edo que, ayudado por el agua y un fastidioso viento en contra, nos calaba hasta los huesos.<\/p>\n<p>De nuevo en marcha, tuvimos que superar un par de peque\u00f1os altos -apenas tachuelas- que al menos nos permitieron entrar en calor. Aunque lo que m\u00e1s reconfortaba eran los \u00e1nimos con que la gente, desde los coches y autobuses que se dirig\u00edan a Compostela para celebrar la fiesta, nos regalaban con cari\u00f1o. Y bueno, es algo que no se olvida.<\/p>\n<p>As\u00ed, poco a poco, nos \u00edbamos aproximando a Santiago. No pasar\u00eda mucho tiempo antes de que lleg\u00e1ramos a las inmediaciones del aeropuerto de Santiago. All\u00ed coincidimos con un padre y un hijo con un aspecto teut\u00f3nico ciertamente imponentes, tambi\u00e9n ciclistas, que iban a Santiago, con el equipaje en unos curiosos carritos que llevaban a rastras de la bici. Estuvimos rodando un rato con ellos, juntos pero no revueltos. A esas alturas, entroncamos nuestro recorrido con el Camino Franc\u00e9s. Esa parte ya me resultaba conocida. No el balde <a href=\"http:\/\/bitacora.eniac2000.com\/?page_id=615\">la hab\u00eda recorrido el a\u00f1o anterior con Fran<\/a>, si bien con un estado climatol\u00f3gico ciertamente diferente. Pero era ya terreno familiar, y eso, junto a la cercan\u00eda de Santiago, nos hizo casi volar. Y de repente, casi sin esperarlo, la vimos. Bajo la lluvia, con fr\u00edo y viento. Ah\u00ed estaba. Hab\u00edamos llegado, o casi, a Santiago.<\/p>\n<figure class=\"wp-block-piwigo-gallery-single-image piwigo-single-image\"><a href=\"https:\/\/www.eniac2000.com\/piwigo\/picture.php?\/2961\" target=\"_blank\" rel=\"noopener noreferrer\"><img decoding=\"async\" src=\"https:\/\/www.eniac2000.com\/piwigo\/_data\/i\/galleries\/albums\/2008-07-camino-santiago-oviedo\/dia6\/Camino_Santiago_2008_439-me.JPG\" alt=\"Camino Santiago 2008 439\" \/><\/a><figcaption><strong>Camino Santiago 2008 439<\/strong><\/figcaption><\/figure>\n<p>La entrada a Santiago la hicimos por el <em>recorrido can\u00f3nico<\/em>. Rodamos por la Avenida de los Concheiros, para tomar a continuaci\u00f3n las calles de San Pedro y Casas Reales, para bajar, ya andando debido a la aglomeraci\u00f3n de gente, por la Azabacher\u00eda, para desembocar en la Plaza de la Inmaculada. Esta vez s\u00ed, hab\u00edamos llegado.<\/p>\n<figure class=\"wp-block-piwigo-gallery-single-image piwigo-single-image\"><a href=\"https:\/\/www.eniac2000.com\/piwigo\/picture.php?\/2974\" target=\"_blank\" rel=\"noopener noreferrer\"><img decoding=\"async\" src=\"https:\/\/www.eniac2000.com\/piwigo\/_data\/i\/galleries\/albums\/2008-07-camino-santiago-oviedo\/dia6\/Camino_Santiago_2008_452-me.JPG\" alt=\"Camino Santiago 2008 452\" \/><\/a><figcaption><strong>Camino Santiago 2008 452<\/strong><\/figcaption><\/figure>\n<p>Contra la costumbre, lo primero que hicimos fue entrar en el Seminario Mayor para formalizar la reserva, y soltar bicis y dem\u00e1s bagaje. Y no fue mala variaci\u00f3n. Resulta impresionante el edificio del Seminario Mayor. Aunque mejor como lugar de visita que como albergue. No tardar\u00eda mucho en descubrir que dos noches durmiendo en las camas del Seminario iban a afectarme m\u00e1s en lo f\u00edsico que seis d\u00edas dando pedales desde Oviedo. Pero casi se le perdonaba por lo magn\u00edfico del emplazamiento. Casi.<\/p>\n<figure class=\"wp-block-piwigo-gallery-single-image piwigo-single-image\"><a href=\"https:\/\/www.eniac2000.com\/piwigo\/picture.php?\/2979\" target=\"_blank\" rel=\"noopener noreferrer\"><img decoding=\"async\" src=\"https:\/\/www.eniac2000.com\/piwigo\/_data\/i\/galleries\/albums\/2008-07-camino-santiago-oviedo\/dia6\/Camino_Santiago_2008_457-me.JPG\" alt=\"Camino Santiago 2008 457\" \/><\/a><figcaption><strong>Camino Santiago 2008 457<\/strong><\/figcaption><\/figure>\n<p>Siguiente tarea: dirigirse a la Oficina del Peregrino para obtener la Compostela. No hab\u00eda tanta gente como hab\u00eda temido, pero aun as\u00ed la cola sal\u00eda a la calle. Lo m\u00e1s divertido del asunto fue un curioso letrero, en varios idiomas, que reclamaban a la gente que esperara su turno. Pero como no estaba en todos los idiomas hablados por los peregrinos, \u00e9stos se hab\u00edan decidido a complementarlo.<\/p>\n<figure class=\"wp-block-piwigo-gallery-single-image piwigo-single-image\"><a href=\"https:\/\/www.eniac2000.com\/piwigo\/picture.php?\/2990\" target=\"_blank\" rel=\"noopener noreferrer\"><img decoding=\"async\" src=\"https:\/\/www.eniac2000.com\/piwigo\/_data\/i\/galleries\/albums\/2008-07-camino-santiago-oviedo\/dia6\/Foto0059-me.jpg\" alt=\"Foto0059\" \/><\/a><figcaption><strong>Foto0059<\/strong><\/figcaption><\/figure>\n<p>Ducha, descanso y almuerzo y siesta. Tras toda una etapa de fr\u00edo, lluvia y viento, bien merec\u00eda la pena remolonear un poco antes de ponerse a dar vueltas por Santiago. Especialmente por mi padre que, pese a su resfriado, hab\u00eda aguantado como un campe\u00f3n. Por la tarde cumplimos con el Ap\u00f3stol.<\/p>\n<figure class=\"wp-block-piwigo-gallery-single-image piwigo-single-image\"><a href=\"https:\/\/www.eniac2000.com\/piwigo\/picture.php?\/2986\" target=\"_blank\" rel=\"noopener noreferrer\"><img decoding=\"async\" src=\"https:\/\/www.eniac2000.com\/piwigo\/_data\/i\/galleries\/albums\/2008-07-camino-santiago-oviedo\/dia6\/Camino_Santiago_2008_464-me.JPG\" alt=\"Camino Santiago 2008 464\" \/><\/a><figcaption><strong>Camino Santiago 2008 464<\/strong><\/figcaption><\/figure>\n<p>Y color\u00edn, colorado, el Camino, una vez m\u00e1s, se hab\u00eda acabado. Y con un d\u00eda de adelanto.<\/p>\n<p><strong>Datos de la etapa:<\/strong><\/p>\n<ul>\n<li><strong>Distancia (seg\u00fan cuentakil\u00f3metros): 62&#8217;143 km.<\/strong><\/li>\n<li><strong>Tiempo empleado: 4:08:15<\/strong><\/li>\n<\/ul>\n","protected":false},"excerpt":{"rendered":"<div class=\"seriesmeta\">Esta entrada es la parte 7 de 7 de la serie <a href=\"https:\/\/bitacora.eniac2000.com\/?series=camino-de-santiago-2008\" class=\"series-1829\" title=\"Camino de Santiago 2008\">Camino de Santiago 2008<\/a><\/div><p>El \u00faltimo d\u00eda de recorrido, 25 de Julio, D\u00eda de<\/p>\n","protected":false},"author":1,"featured_media":0,"comment_status":"open","ping_status":"open","sticky":false,"template":"","format":"standard","meta":{"advanced_seo_description":"","jetpack_seo_html_title":"","jetpack_seo_noindex":false,"_jetpack_memberships_contains_paid_content":false,"footnotes":"","jetpack_publicize_message":"","jetpack_publicize_feature_enabled":true,"jetpack_social_post_already_shared":false,"jetpack_social_options":{"image_generator_settings":{"template":"highway","default_image_id":0,"font":"","enabled":false},"version":2}},"categories":[23,2],"tags":[],"series":[1829],"class_list":["post-1091","post","type-post","status-publish","format-standard","hentry","category-camino-de-la-costa","category-camino-de-santiago","series-camino-de-santiago-2008"],"jetpack_publicize_connections":[],"jetpack_featured_media_url":"","jetpack_sharing_enabled":true,"_links":{"self":[{"href":"https:\/\/bitacora.eniac2000.com\/index.php?rest_route=\/wp\/v2\/posts\/1091","targetHints":{"allow":["GET"]}}],"collection":[{"href":"https:\/\/bitacora.eniac2000.com\/index.php?rest_route=\/wp\/v2\/posts"}],"about":[{"href":"https:\/\/bitacora.eniac2000.com\/index.php?rest_route=\/wp\/v2\/types\/post"}],"author":[{"embeddable":true,"href":"https:\/\/bitacora.eniac2000.com\/index.php?rest_route=\/wp\/v2\/users\/1"}],"replies":[{"embeddable":true,"href":"https:\/\/bitacora.eniac2000.com\/index.php?rest_route=%2Fwp%2Fv2%2Fcomments&post=1091"}],"version-history":[{"count":1,"href":"https:\/\/bitacora.eniac2000.com\/index.php?rest_route=\/wp\/v2\/posts\/1091\/revisions"}],"predecessor-version":[{"id":10979,"href":"https:\/\/bitacora.eniac2000.com\/index.php?rest_route=\/wp\/v2\/posts\/1091\/revisions\/10979"}],"wp:attachment":[{"href":"https:\/\/bitacora.eniac2000.com\/index.php?rest_route=%2Fwp%2Fv2%2Fmedia&parent=1091"}],"wp:term":[{"taxonomy":"category","embeddable":true,"href":"https:\/\/bitacora.eniac2000.com\/index.php?rest_route=%2Fwp%2Fv2%2Fcategories&post=1091"},{"taxonomy":"post_tag","embeddable":true,"href":"https:\/\/bitacora.eniac2000.com\/index.php?rest_route=%2Fwp%2Fv2%2Ftags&post=1091"},{"taxonomy":"series","embeddable":true,"href":"https:\/\/bitacora.eniac2000.com\/index.php?rest_route=%2Fwp%2Fv2%2Fseries&post=1091"}],"curies":[{"name":"wp","href":"https:\/\/api.w.org\/{rel}","templated":true}]}}