{"id":1155,"date":"2009-03-22T19:14:25","date_gmt":"2009-03-22T18:14:25","guid":{"rendered":"http:\/\/bitacora.eniac2000.com\/?p=1155"},"modified":"2009-03-22T19:14:25","modified_gmt":"2009-03-22T18:14:25","slug":"etapa-22iii2009-via-verde-de-italica-santiponce-rio-guadiamar","status":"publish","type":"post","link":"https:\/\/bitacora.eniac2000.com\/?p=1155","title":{"rendered":"Etapa 22\/III\/2009: V\u00eda Verde de It\u00e1lica. Santiponce &#8211; r\u00edo Guadiamar"},"content":{"rendered":"<p>Esta ma\u00f1ana he estado rodando un poco por la <a href=\"http:\/\/www.viasverdes.com\/ViasVerdes\/Itinerarios\/Andaluc%EDa\/Sevilla\/V.V.%20de%20It%E1lica\">V\u00eda Verde de It\u00e1lica<\/a>. La ma\u00f1ana se presentaba buena para rodar: algo cubierto el d\u00eda y fresco, pero agradable. Mi intenci\u00f3n era tomar la v\u00eda verde hasta donde fuera posible, que no ten\u00eda muy claro si se trataba del r\u00edo Guadiamar (donde la v\u00eda salvaba el r\u00edo mediante su correspondiente puente), o bien Aznalc\u00f3llar.<\/p>\n<p>El recorrido en s\u00ed tiene dos partes claramente diferenciadas. La primera de ellas es desde Camas hasta el puente sobre el Arroyo del Jud\u00edo, donde la v\u00eda verde se cruza con la <a href=\"http:\/\/urbanismoenvalencina.blogspot.com\/2008\/09\/fotografas-de-la-caada-real-de-las.html\">Ca\u00f1ada Real de las Islas<\/a>. <\/p>\n<figure id=\"attachment_1160\" aria-describedby=\"caption-attachment-1160\" style=\"width: 400px\" class=\"wp-caption alignnone\"><a href=\"http:\/\/bitacora.eniac2000.com\/wp-content\/uploads\/2009\/03\/puente-judio.jpg\"><img loading=\"lazy\" decoding=\"async\" src=\"http:\/\/bitacora.eniac2000.com\/wp-content\/uploads\/2009\/03\/puente-judio-400x300.jpg\" alt=\"Puente de la V\u00eda sobre el arroyo del Jud\u00edo (Fotograf\u00eda cortes\u00eda de Urbanismo en Valencina)\" title=\"Puente sobre el arroyo del Jud\u00edo\" width=\"400\" height=\"300\" class=\"size-medium wp-image-1160\" \/><\/a><figcaption id=\"caption-attachment-1160\" class=\"wp-caption-text\">Puente de la V\u00eda sobre el arroyo del Jud\u00edo (Fotograf\u00eda cortes\u00eda de Urbanismo en Valencina)<\/figcaption><\/figure>\n<p>Hasta ah\u00ed la v\u00eda se encuentra adaptada al uso para senderismo y ciclismo. Desde el puente, sin embargo, la v\u00eda se encuentra abandonada. Si bien se puede circular aceptablemente bien por todo su recorrido, en algunos tramos (los m\u00e1s cercanos al arroyo) hay abundante balasto, por lo que se bota un poco y el rodar es un poco m\u00e1s complicado. En cuanto a perfil, no hay ning\u00fan problema: es ligeramente ascendente en todo su recorrido, pero sin llegar a resultar pesado.<\/p>\n<p>El paisaje no destaca precisamente por su variedad: una campi\u00f1a cerealista con ocasionales apariciones de olivares y frutales, en la que las perdices campan a sus anchas. Aun as\u00ed, tiene una cierta belleza que tampoco se puede ignorar.<\/p>\n<figure id=\"attachment_1156\" aria-describedby=\"caption-attachment-1156\" style=\"width: 300px\" class=\"wp-caption alignnone\"><a href=\"http:\/\/bitacora.eniac2000.com\/wp-content\/uploads\/2009\/03\/foto0206.jpg\"><img loading=\"lazy\" decoding=\"async\" src=\"http:\/\/bitacora.eniac2000.com\/wp-content\/uploads\/2009\/03\/foto0206-300x400.jpg\" alt=\"El t\u00edpico fondo Windows, en su versi\u00f3n sevillana\" title=\"T\u00edpico fondo Windows\" width=\"300\" height=\"400\" class=\"size-medium wp-image-1156\" \/><\/a><figcaption id=\"caption-attachment-1156\" class=\"wp-caption-text\">El t\u00edpico fondo Windows, en su versi\u00f3n sevillana<\/figcaption><\/figure>\n<p>El trazado sigue sin muchas variaciones, salvando dos carreteras, la SE-3409 y la SE-3405, siendo esta \u00faltima la que marca pr\u00e1cticamente el l\u00edmite del recorrido. Poco despu\u00e9s se encuentra el r\u00edo Guadiamar, que no se puede salvar debido a que el puente del ferrocarril se encuentra derruido; el r\u00edo, adem\u00e1s, presenta abundante agua en esta \u00e9poca del a\u00f1o, como se puede apreciar en el polar derrumbado, que est\u00e1 casi cubierto por las aguas.<\/p>\n<figure id=\"attachment_1157\" aria-describedby=\"caption-attachment-1157\" style=\"width: 300px\" class=\"wp-caption alignnone\"><a href=\"http:\/\/bitacora.eniac2000.com\/wp-content\/uploads\/2009\/03\/foto0209.jpg\"><img loading=\"lazy\" decoding=\"async\" src=\"http:\/\/bitacora.eniac2000.com\/wp-content\/uploads\/2009\/03\/foto0209-300x400.jpg\" alt=\"Puente derruido sobre el r\u00edo Guadiamar\" title=\"Puente Guadiamar\" width=\"300\" height=\"400\" class=\"size-medium wp-image-1157\" \/><\/a><figcaption id=\"caption-attachment-1157\" class=\"wp-caption-text\">Puente derruido sobre el r\u00edo Guadiamar<\/figcaption><\/figure>\n<p>Hubo algo que me llam\u00f3 la atenci\u00f3n. Por lo general, todo el trayecto del antiguo ferrocarril se ha mantenido conservado, salvo en dos puntos. El primero de ellos es poco despu\u00e9s de la SE-3409, en la que un par de derrumbes han provocado que la v\u00eda no sea transitable, ante lo que la gente ha trazado caminos que bordean los derrumbes, pegados a la propia v\u00eda. El segundo de ellos es ya llegando al puente del Guadiamar: esta vez la causa es diferente. Todo el trazado de la v\u00eda ha desaparecido bajo una plantaci\u00f3n, que ha enajenado el trazado de la v\u00eda. Afortunadamente no presenta mucho problema, ya que hay un camino que permite llegar hasta el r\u00edo, pero no deja de ser llamativo, ya que, pese a que la v\u00eda ya no existe, salvo que me equivoque, el terreno por el que discurr\u00eda sigue siendo p\u00fablico.<\/p>\n<p>Otra cosa que me llam\u00f3 la antenci\u00f3n fue la existencia de flechas amarillas en el puente y sus cercan\u00edas. En un primer momento pens\u00e9 que podr\u00edan estar relacionadas con la V\u00eda de la Plata, pero su recorrido, por Guillena y Castilblanco, cae bastante lejos. No he encontrado mucha informaci\u00f3n al respecto, pero cabe la posibilidad de que exista otro <a href=\"http:\/\/www.revistaiberica.com\/Rutas_y_destinos\/anda\/gerena.htm\">ramal diferente que lleve desde Santiponce hasta Gerena<\/a>. Seguir\u00e9 investigando.<\/p>\n<p>La vuelta, habiendo visto que no se pod\u00eda avanzar hacia Aznalc\u00f3llar, la hice por el mismo camino. Tuve la ocasi\u00f3n de contemplar unas llamativas estructuras en la lejan\u00eda: una especie de torres que desped\u00edan bastante luz por su parte superior. No s\u00e9 si se tratar\u00e1n de alg\u00fan tipo de centrales de energ\u00eda solar, o algo por el estilo, por lo que agradecer\u00eda informaci\u00f3n al respecto.<\/p>\n<figure id=\"attachment_1158\" aria-describedby=\"caption-attachment-1158\" style=\"width: 300px\" class=\"wp-caption alignnone\"><a href=\"http:\/\/bitacora.eniac2000.com\/wp-content\/uploads\/2009\/03\/foto0212.jpg\"><img loading=\"lazy\" decoding=\"async\" src=\"http:\/\/bitacora.eniac2000.com\/wp-content\/uploads\/2009\/03\/foto0212-300x400.jpg\" alt=\"Torres en la lejan\u00eda\" title=\"Torres en la lejan\u00eda\" width=\"300\" height=\"400\" class=\"size-medium wp-image-1158\" \/><\/a><figcaption id=\"caption-attachment-1158\" class=\"wp-caption-text\">Torres en la lejan\u00eda<\/figcaption><\/figure>\n<p>Por desgracia, las fotos est\u00e1n tomadas con mi tel\u00e9fono m\u00f3vil, por lo que no se pueden apreciar demasiado bien.<\/p>\n<p>El recorrido total de la etapa fue de unos 40 km., y emple\u00e9 en ellos aproximadamente dos horas. El trazado con Google Maps es el siguiente:<\/p>\n<p><iframe loading=\"lazy\" width=\"425\" height=\"350\" frameborder=\"0\" scrolling=\"no\" marginheight=\"0\" marginwidth=\"0\" src=\"https:\/\/maps.google.es\/maps\/ms?ie=UTF8&amp;hl=es&amp;msa=0&amp;msid=107359855203283141524.000465b7535d349bc00ae&amp;t=h&amp;ll=37.472984,-6.116424&amp;spn=0.065735,0.151319&amp;output=embed&amp;s=AARTsJqqW8HbuBLW0URWYJKcmsffidzIEA\"><\/iframe><br \/><small><a href=\"https:\/\/maps.google.es\/maps\/ms?ie=UTF8&amp;hl=es&amp;msa=0&amp;msid=107359855203283141524.000465b7535d349bc00ae&amp;t=h&amp;ll=37.472984,-6.116424&amp;spn=0.065735,0.151319&amp;source=embed\" style=\"color:#0000FF;text-align:left\">Ver mapa m\u00e1s grande<\/a><\/small><\/p>\n","protected":false},"excerpt":{"rendered":"<p>Esta ma\u00f1ana he estado rodando un poco por la V\u00eda<\/p>\n","protected":false},"author":1,"featured_media":0,"comment_status":"open","ping_status":"open","sticky":false,"template":"","format":"standard","meta":{"advanced_seo_description":"","jetpack_seo_html_title":"","jetpack_seo_noindex":false,"_jetpack_memberships_contains_paid_content":false,"footnotes":"","jetpack_publicize_message":"","jetpack_publicize_feature_enabled":true,"jetpack_social_post_already_shared":false,"jetpack_social_options":{"image_generator_settings":{"template":"highway","default_image_id":0,"font":"","enabled":false},"version":2}},"categories":[24,8],"tags":[180,768,1500,1707,1716],"series":[],"class_list":["post-1155","post","type-post","status-publish","format-standard","hentry","category-ciclismo","category-deporte","tag-aznalcollar","tag-guadiamar","tag-santiponce","tag-via-verde-de-italica","tag-vias-verdes"],"jetpack_publicize_connections":[],"jetpack_featured_media_url":"","jetpack_sharing_enabled":true,"_links":{"self":[{"href":"https:\/\/bitacora.eniac2000.com\/index.php?rest_route=\/wp\/v2\/posts\/1155","targetHints":{"allow":["GET"]}}],"collection":[{"href":"https:\/\/bitacora.eniac2000.com\/index.php?rest_route=\/wp\/v2\/posts"}],"about":[{"href":"https:\/\/bitacora.eniac2000.com\/index.php?rest_route=\/wp\/v2\/types\/post"}],"author":[{"embeddable":true,"href":"https:\/\/bitacora.eniac2000.com\/index.php?rest_route=\/wp\/v2\/users\/1"}],"replies":[{"embeddable":true,"href":"https:\/\/bitacora.eniac2000.com\/index.php?rest_route=%2Fwp%2Fv2%2Fcomments&post=1155"}],"version-history":[{"count":0,"href":"https:\/\/bitacora.eniac2000.com\/index.php?rest_route=\/wp\/v2\/posts\/1155\/revisions"}],"wp:attachment":[{"href":"https:\/\/bitacora.eniac2000.com\/index.php?rest_route=%2Fwp%2Fv2%2Fmedia&parent=1155"}],"wp:term":[{"taxonomy":"category","embeddable":true,"href":"https:\/\/bitacora.eniac2000.com\/index.php?rest_route=%2Fwp%2Fv2%2Fcategories&post=1155"},{"taxonomy":"post_tag","embeddable":true,"href":"https:\/\/bitacora.eniac2000.com\/index.php?rest_route=%2Fwp%2Fv2%2Ftags&post=1155"},{"taxonomy":"series","embeddable":true,"href":"https:\/\/bitacora.eniac2000.com\/index.php?rest_route=%2Fwp%2Fv2%2Fseries&post=1155"}],"curies":[{"name":"wp","href":"https:\/\/api.w.org\/{rel}","templated":true}]}}