{"id":11595,"date":"2026-01-26T18:50:50","date_gmt":"2026-01-26T17:50:50","guid":{"rendered":"https:\/\/bitacora.eniac2000.com\/?p=11595"},"modified":"2026-01-29T09:05:07","modified_gmt":"2026-01-29T08:05:07","slug":"mtb-en-monte-seixo-portalen-desafio-extremo-bajo-la-borrasca-ingrid-25-01-2026","status":"publish","type":"post","link":"https:\/\/bitacora.eniac2000.com\/?p=11595","title":{"rendered":"MTB en Monte Seixo \u2013 Portal\u00e9n: Desaf\u00edo Extremo bajo la Borrasca Ingrid (25\/01\/2026)"},"content":{"rendered":"\n<img decoding=\"async\" src=\"https:\/\/www.eniac2000.com\/piwigo\/_data\/i\/upload\/2026\/01\/25\/20260125163551-e976d64b-me.jpg\" alt=\"Imagen destacada\" style=\"display: none;\">\n\n\n\n<p>Hay d\u00edas en los que la monta\u00f1a no te recibe con los brazos abiertos, sino que te pone a prueba con toda su furia. El pasado <strong>25 de enero de 2026<\/strong> fue uno de esos d\u00edas. Con la llegada de la <strong>borrasca Ingrid<\/strong> a las costas gallegas, el pron\u00f3stico de la AEMET era claro: avisos naranjas por vientos huracanados y lluvias intensas. Sin embargo, la curiosidad de ver el entorno de <strong>Portal\u00e9n<\/strong>, en el m\u00edtico <strong>Monte Seixo<\/strong>, cubierto por el manto blanco de la nieve ca\u00edda el d\u00eda anterior, fue m\u00e1s fuerte que la prudencia. Cargu\u00e9 mi Giant Trance X4 en el coche y puse rumbo a las tierras altas de Pontevedra, sin saber que estaba a punto de vivir una de las jornadas m\u00e1s duras sobre la bicicleta.<\/p>\n\n\n<figure class=\"wp-block-piwigo-gallery-single-image piwigo-single-image\"><a href=\"https:\/\/www.eniac2000.com\/piwigo\/picture.php?\/13580\" target=\"_blank\" rel=\"noopener noreferrer\"><img decoding=\"async\" src=\"https:\/\/www.eniac2000.com\/piwigo\/_data\/i\/upload\/2026\/01\/25\/20260125163458-a0eeef2e-me.jpg\" alt=\"IMG 20260125 103947881\" \/><\/a><figcaption><strong>IMG 20260125 103947881<\/strong><\/figcaption><\/figure>\n\n\n<p>Comenc\u00e9 la actividad a las <strong>09:05<\/strong> desde Carball\u00e1s. En ese punto inicial, las condiciones eran, sorprendentemente, razonables. Seg\u00fan los datos de la estaci\u00f3n meteorol\u00f3gica de <strong>Beariz<\/strong>, nos mov\u00edamos en un rango de temperaturas entre los 5.2\u00b0C y los 8.5\u00b0C, aunque la sensaci\u00f3n t\u00e9rmica debido a la humedad del 15.6 mm de precipitaci\u00f3n acumulada era mucho menor. Al principio, incluso tuve la suerte de ver c\u00f3mo algunos rayos de sol lograban filtrarse entre las nubes, iluminando las pistas del parque e\u00f3lico por las que inici\u00e9 el ascenso al <strong>Monte Seixo<\/strong>, lo que creaba un juego de luces precioso sobre el paisaje gallego. Me sent\u00eda animado, pensando que quiz\u00e1 Ingrid me dar\u00eda una tregua suficiente para llegar a la cima y disfrutar de las vistas.<\/p>\n\n\n<figure class=\"wp-block-piwigo-gallery-single-image piwigo-single-image\"><a href=\"https:\/\/www.eniac2000.com\/piwigo\/picture.php?\/13591\" target=\"_blank\" rel=\"noopener noreferrer\"><img decoding=\"async\" src=\"https:\/\/www.eniac2000.com\/piwigo\/_data\/i\/upload\/2026\/01\/25\/20260125163532-68fc4b9f-me.jpg\" alt=\"IMG 20260125 102702203\" \/><\/a><figcaption><strong>IMG 20260125 102702203<\/strong><\/figcaption><\/figure>\n\n\n<p>A medida que ganaba altura, el panorama comenz\u00f3 a cambiar de forma dram\u00e1tica. La mole de la monta\u00f1a me serv\u00eda de escudo natural contra lo peor del viento, pero la lluvia no tard\u00f3 en hacer acto de presencia. Lo que empez\u00f3 como una fina lluvia se transform\u00f3 r\u00e1pidamente en un persistente aguacero. Aun as\u00ed, la pendiente de la pista y el esfuerzo por mantener la tracci\u00f3n me manten\u00edan caliente. El GPS de Strava marcaba una progresi\u00f3n constante mientras me adentraba en los dominios de la &#8216;Monta\u00f1a M\u00e1xica&#8217;.<\/p>\n\n\n<figure class=\"wp-block-piwigo-gallery-single-image piwigo-single-image\"><a href=\"https:\/\/www.eniac2000.com\/piwigo\/picture.php?\/13594\" target=\"_blank\" rel=\"noopener noreferrer\"><img decoding=\"async\" src=\"https:\/\/www.eniac2000.com\/piwigo\/_data\/i\/upload\/2026\/01\/25\/20260125163551-e976d64b-me.jpg\" alt=\"IMG 20260125 101254106\" \/><\/a><figcaption><strong>IMG 20260125 101254106<\/strong><\/figcaption><\/figure>\n\n\n<p>La verdadera cara de la borrasca Ingrid se mostr\u00f3 al alcanzar la zona de la subestaci\u00f3n el\u00e9ctrica. Al llegar a la cresta, la protecci\u00f3n que me brindaba la ladera desapareci\u00f3 por completo. Me encontr\u00e9 de frente con un vendaval infernal. La nieve, que en las cotas inferiores aguantaba en las cunetas, aqu\u00ed arriba parec\u00eda haber sido barrida por la fuerza del viento. La niebla se volvi\u00f3 tan densa que apenas pod\u00eda ver unos metros por delante de mi rueda delantera. El fr\u00edo era ya helador, y la lluvia, impulsada por rachas de viento huracanado, ca\u00eda de lado, golpeando y &#8216;taladrando&#8217; la poca piel que llevaba expuesta bajo el casco.<\/p>\n\n\n<figure class=\"wp-block-piwigo-gallery-single-image piwigo-single-image\"><a href=\"https:\/\/www.eniac2000.com\/piwigo\/picture.php?\/13597\" target=\"_blank\" rel=\"noopener noreferrer\"><img decoding=\"async\" src=\"https:\/\/www.eniac2000.com\/piwigo\/_data\/i\/upload\/2026\/01\/25\/20260125163616-5257e1d9-me.jpg\" alt=\"IMG 20260125 100658534\" \/><\/a><figcaption><strong>IMG 20260125 100658534<\/strong><\/figcaption><\/figure>\n\n\n<p>Al llegar a las inmediaciones de <strong>Portal\u00e9n<\/strong>, el m\u00edtico &#8216;portal del m\u00e1s all\u00e1&#8217;, la tormenta pareci\u00f3 darnos un respiro de apenas unos minutos. Comet\u00ed el error de intentar volar el <strong>DJI Neo<\/strong> para captar la majestuosidad del lugar. Nada m\u00e1s despegar, una racha violenta arrastr\u00f3 el dron como si fuera un juguete de papel. Me cost\u00f3 Diox y ayuda recuperarlo, luchando contra el viento para evitar que se perdiera en el abismo de niebla. Desist\u00ed de volar y opt\u00e9 por mi Motorola G73 para grabar algunas tomas a pie. El sonido del viento en las grabaciones es ensordecedor; es el rugido puro de la sierra del Seixo bajo un temporal.<\/p>\n\n\n<figure class=\"wp-block-piwigo-gallery-single-image piwigo-single-image\"><a href=\"https:\/\/www.eniac2000.com\/piwigo\/picture.php?\/13595\" target=\"_blank\" rel=\"noopener noreferrer\"><img decoding=\"async\" src=\"https:\/\/www.eniac2000.com\/piwigo\/_data\/i\/upload\/2026\/01\/25\/20260125163602-7d181158-me.jpg\" alt=\"IMG 20260125 101149685\" \/><\/a><figcaption><strong>IMG 20260125 101149685<\/strong><\/figcaption><\/figure>\n\n\n<p>El regreso fue una lucha de supervivencia. Durante la bajada, el viento volvi\u00f3 a arreciar, llegando a desequilibrarme y casi tirarme de la bici en varias ocasiones. No fue hasta que super\u00e9 de nuevo la subestaci\u00f3n y volv\u00ed a la protecci\u00f3n de la mole monta\u00f1osa que el castigo ces\u00f3. El descenso final hasta Carball\u00e1s fue tranquilo pero g\u00e9lido, con la sensaci\u00f3n t\u00e9rmica muy por debajo de los cero grados. Termin\u00e9 la ruta con 15.13 km en las piernas y la satisfacci\u00f3n de haber respetado y sobrevivido a un d\u00eda de monta\u00f1a extremo. Monte Seixo y Portal\u00e9n siempre guardan leyendas, y hoy entend\u00ed por qu\u00e9 bajo la batuta de la borrasca Ingrid.<\/p>\n\n\n\n<p><iframe loading=\"lazy\" src=\"https:\/\/www.youtube.com\/embed\/navJ_yh1BeA\" width=\"560\" height=\"315\" frameborder=\"0\" allowfullscreen=\"allowfullscreen\"><\/iframe><\/p>\n\n\n\n<div class=\"strava-embed-placeholder\" data-embed-type=\"activity\" data-embed-id=\"17169045027\" data-style=\"standard\" data-from-embed=\"false\">&nbsp;<\/div>\n<script src=\"https:\/\/strava-embeds.com\/embed.js\"><\/script>\n\n\n\n<h3 class=\"wp-block-heading\">Datos clave de la etapa:<\/h3>\n\n\n\n<ul class=\"wp-block-list\">\n<li><strong>Distancia:<\/strong> 15.13 km<\/li>\n\n\n\n<li><strong>Tiempo en movimiento:<\/strong> 1h 18m<\/li>\n\n\n\n<li><strong>Ganancia de elevaci\u00f3n:<\/strong> 410 m<\/li>\n\n\n\n<li><strong>Velocidad media:<\/strong> 11.5 km\/h<\/li>\n\n\n\n<li><strong>Velocidad m\u00e1xima:<\/strong> 43.2 km\/h<\/li>\n\n\n\n<li><strong>Fecha:<\/strong> 25 de enero de 2026<\/li>\n\n\n\n<li><strong>Tipo de actividad:<\/strong> Ride<\/li>\n<\/ul>\n","protected":false},"excerpt":{"rendered":"<p>Hay d\u00edas en los que la monta\u00f1a no te recibe<\/p>\n","protected":false},"author":1,"featured_media":0,"comment_status":"open","ping_status":"open","sticky":false,"template":"","format":"standard","meta":{"advanced_seo_description":"","jetpack_seo_html_title":"","jetpack_seo_noindex":false,"_jetpack_memberships_contains_paid_content":false,"footnotes":"","jetpack_publicize_message":"","jetpack_publicize_feature_enabled":true,"jetpack_social_post_already_shared":true,"jetpack_social_options":{"image_generator_settings":{"template":"highway","default_image_id":0,"font":"","enabled":false},"version":2}},"categories":[1845,24,8],"tags":[1936,323,538,551,683,728,1118,1135,1296],"series":[],"class_list":["post-11595","post","type-post","status-publish","format-standard","hentry","category-generado-con-ia","category-ciclismo","category-deporte","tag-borrasca-ingrid","tag-carballas","tag-dji-neo","tag-dron","tag-forcarey","tag-giant","tag-monte-seixo","tag-mtb","tag-portalen"],"jetpack_publicize_connections":[],"jetpack_featured_media_url":"","jetpack_sharing_enabled":true,"_links":{"self":[{"href":"https:\/\/bitacora.eniac2000.com\/index.php?rest_route=\/wp\/v2\/posts\/11595","targetHints":{"allow":["GET"]}}],"collection":[{"href":"https:\/\/bitacora.eniac2000.com\/index.php?rest_route=\/wp\/v2\/posts"}],"about":[{"href":"https:\/\/bitacora.eniac2000.com\/index.php?rest_route=\/wp\/v2\/types\/post"}],"author":[{"embeddable":true,"href":"https:\/\/bitacora.eniac2000.com\/index.php?rest_route=\/wp\/v2\/users\/1"}],"replies":[{"embeddable":true,"href":"https:\/\/bitacora.eniac2000.com\/index.php?rest_route=%2Fwp%2Fv2%2Fcomments&post=11595"}],"version-history":[{"count":4,"href":"https:\/\/bitacora.eniac2000.com\/index.php?rest_route=\/wp\/v2\/posts\/11595\/revisions"}],"predecessor-version":[{"id":11599,"href":"https:\/\/bitacora.eniac2000.com\/index.php?rest_route=\/wp\/v2\/posts\/11595\/revisions\/11599"}],"wp:attachment":[{"href":"https:\/\/bitacora.eniac2000.com\/index.php?rest_route=%2Fwp%2Fv2%2Fmedia&parent=11595"}],"wp:term":[{"taxonomy":"category","embeddable":true,"href":"https:\/\/bitacora.eniac2000.com\/index.php?rest_route=%2Fwp%2Fv2%2Fcategories&post=11595"},{"taxonomy":"post_tag","embeddable":true,"href":"https:\/\/bitacora.eniac2000.com\/index.php?rest_route=%2Fwp%2Fv2%2Ftags&post=11595"},{"taxonomy":"series","embeddable":true,"href":"https:\/\/bitacora.eniac2000.com\/index.php?rest_route=%2Fwp%2Fv2%2Fseries&post=11595"}],"curies":[{"name":"wp","href":"https:\/\/api.w.org\/{rel}","templated":true}]}}