{"id":1261,"date":"2009-04-13T22:28:43","date_gmt":"2009-04-13T20:28:43","guid":{"rendered":"http:\/\/bitacora.eniac2000.com\/?p=1261"},"modified":"2025-10-05T17:12:27","modified_gmt":"2025-10-05T15:12:27","slug":"vias-verdes-del-aceite-y-subbetica-etapa-2-zuheros-puente-genil","status":"publish","type":"post","link":"https:\/\/bitacora.eniac2000.com\/?p=1261","title":{"rendered":"V\u00edas verdes del Aceite y Subb\u00e9tica. Etapa 2: Zuheros &#8211; Puente Genil"},"content":{"rendered":"<p>El Domingo de Ramos nos levantamos temprano, en torno a las siete de la ma\u00f1ana, para emprender la segunda y \u00faltima etapa de las v\u00edas verdes del Aceite y Subb\u00e9tica.<\/p>\n<figure class=\"wp-block-piwigo-gallery-single-image piwigo-single-image\"><a href=\"https:\/\/www.eniac2000.com\/piwigo\/picture.php?\/8603\" target=\"_blank\" rel=\"noopener noreferrer\"><img decoding=\"async\" src=\"https:\/\/www.eniac2000.com\/piwigo\/_data\/i\/galleries\/albums\/ciclismo\/2009-04-via-verde-aceite\/100_9110-me.JPG\" alt=\"100 9110\" \/><\/a><figcaption><strong>100 9110<\/strong><\/figcaption><\/figure>\n<p>Al filo de las ocho de la ma\u00f1ana abandonamos el apartamento, y nos dispusimos a reemprender la marcha, no sin antes tomar algunas fotograf\u00edas de Zuheros y su entorno, y buscar de manera infructuosa un bar que nos permitiera tomar algo caliente para comenzar la etapa con buen pie, y combatir el aire fr\u00edo de la ma\u00f1ana.<\/p>\n<figure class=\"wp-block-piwigo-gallery-single-image piwigo-single-image\"><a href=\"https:\/\/www.eniac2000.com\/piwigo\/picture.php?\/8608\" target=\"_blank\" rel=\"noopener noreferrer\"><img decoding=\"async\" src=\"https:\/\/www.eniac2000.com\/piwigo\/_data\/i\/galleries\/albums\/ciclismo\/2009-04-via-verde-aceite\/100_9115-me.JPG\" alt=\"100 9115\" \/><\/a><figcaption><strong>100 9115<\/strong><\/figcaption><\/figure>\n<p>Despu\u00e9s de descender nuevamente hasta la v\u00eda verde, a la altura de la oficina de turismo de Zuheros, retomamos el camino all\u00ed donde lo hab\u00edamos dejado la jornada anterior. Pod\u00edamos haber descendido directamente hasta el apeadero de Zuheros, pero la vista que se contemplaba desde la trichera del ferrocarril hac\u00eda que valiera la pena retroceder un poco.<\/p>\n<figure class=\"wp-block-piwigo-gallery-single-image piwigo-single-image\"><a href=\"https:\/\/www.eniac2000.com\/piwigo\/picture.php?\/8611\" target=\"_blank\" rel=\"noopener noreferrer\"><img decoding=\"async\" src=\"https:\/\/www.eniac2000.com\/piwigo\/_data\/i\/galleries\/albums\/ciclismo\/2009-04-via-verde-aceite\/100_9118-me.JPG\" alt=\"100 9118\" \/><\/a><figcaption><strong>100 9118<\/strong><\/figcaption><\/figure>\n<p>Poco a poco fuimos salvando el leve desnivel ascendente de la v\u00eda verde hasta la cercana Do\u00f1a Menc\u00eda (km. 72), donde hicimos la primera parada del d\u00eda, para desayunar unas magn\u00edficas tostadas con aceite en el bar en el que se ha convertido la antigua estaci\u00f3n. Tostadas que hicieros milagros, ya que desde entonces adquirimos un ritmo de marcha envidiable. Quiz\u00e1s el que la v\u00eda verde comenzara su descenso desde su cima en C\u00f3rdoba (algo m\u00e1s de 600 m.) tuviera algo que ver&#8230;<\/p>\n<p>A unos 6 km. de Do\u00f1a Menc\u00eda atravesamos el t\u00fanel del Plant\u00edo (140 m), el \u00fanico existente en el trazado del tren del aceite en la provincia de C\u00f3rdoba. Y poco despu\u00e9s llegamos al viaducto de la Sima (132 m), con unas vistas de la Subb\u00e9tica espectaculares.<\/p>\n<figure class=\"wp-block-piwigo-gallery-single-image piwigo-single-image\"><a href=\"https:\/\/www.eniac2000.com\/piwigo\/picture.php?\/8625\" target=\"_blank\" rel=\"noopener noreferrer\"><img decoding=\"async\" src=\"https:\/\/www.eniac2000.com\/piwigo\/_data\/i\/galleries\/albums\/ciclismo\/2009-04-via-verde-aceite\/100_9132-me.JPG\" alt=\"100 9132\" \/><\/a><figcaption><strong>100 9132<\/strong><\/figcaption><\/figure>\n<p>Seguimos el descenso hacia Cabra atravesando unas espectaculares trincheras excavadas en la roca, aparte de cruzar otro viaducto, el de los Dientes de la Vieja (25 m).<\/p>\n<p>Sobre las 10:15h llegamos a la estaci\u00f3n de Cabra (km. 92), recuperada como centro de interpretaci\u00f3n del Tren del Aceite (si bien cuando pasamos por all\u00ed \u00e9sta se hallaba desmantelada), y con una cafeter\u00eda en la parte superior de la estaci\u00f3n. All\u00ed fue donde conseguimos el sello correspondiente a la v\u00eda verde de la Subb\u00e9tica. Y donde pude hacer un poco el ganso en las dos locomotoras que s encuentran estacionadas en la estaci\u00f3n.<\/p>\n<figure class=\"wp-block-piwigo-gallery-single-image piwigo-single-image\"><a href=\"https:\/\/www.eniac2000.com\/piwigo\/picture.php?\/8635\" target=\"_blank\" rel=\"noopener noreferrer\"><img decoding=\"async\" src=\"https:\/\/www.eniac2000.com\/piwigo\/_data\/i\/galleries\/albums\/ciclismo\/2009-04-via-verde-aceite\/100_9142-me.JPG\" alt=\"100 9142\" \/><\/a><figcaption><strong>100 9142<\/strong><\/figcaption><\/figure>\n<p>\u00bfA que es como en \u00abRetorno al Pasado\u00bb?<\/p>\n<p>Abandonamos Cabra, siempre en descenso, para llegar a Lucena, tras haber pasado por el viaducto del Barranco del Alamedal. Lucena, con su magn\u00edficamente restaurada estaci\u00f3n (aprox. km. 99), marca el <em>Non Plus Ultra<\/em> en lo que a cuidados de la v\u00eda verde se refiere. <\/p>\n<figure class=\"wp-block-piwigo-gallery-single-image piwigo-single-image\"><a href=\"https:\/\/www.eniac2000.com\/piwigo\/picture.php?\/8638\" target=\"_blank\" rel=\"noopener noreferrer\"><img decoding=\"async\" src=\"https:\/\/www.eniac2000.com\/piwigo\/_data\/i\/galleries\/albums\/ciclismo\/2009-04-via-verde-aceite\/100_9145-me.JPG\" alt=\"100 9145\" \/><\/a><figcaption><strong>100 9145<\/strong><\/figcaption><\/figure>\n<p>Una vez pasado el kil\u00f3metro 100, la v\u00eda verde se encuentra bastante abandonada, con la excepci\u00f3n de la excelente pasarela que salva el paso de la v\u00eda verde sobre la desdoblada N-331 a su entrada en Lucena. La v\u00eda verde transcurre entre vi\u00f1edos y olivares hasta hacer entrada en la pedan\u00eda de Las Navas de Selpillar, donde se encuentra la estaci\u00f3n de Moriles-Horcajo (km. 108), la \u00faltima de la v\u00eda verde.<\/p>\n<p>Hicimos una parada en la estaci\u00f3n, en la que aprovechamos para proveernos de agua (muy buena, por cierto), engrasar un poco el eje del pedalier de mi bici, y consultar a un lugare\u00f1o sobre la mejor manera de alcanzar Puente Genil desde all\u00ed. Nos recomend\u00f3 continuar por la v\u00eda verde hasta su finalizaci\u00f3n, a unos 4 km. de distancia, y desde all\u00ed tomar la cercana A-318 hasta Puente Genil, a unos 12 km. de distancia; consejo que decidimos seguir.<\/p>\n<p>El fin de la v\u00eda verde se encuentra situado en el km. 112&#8217;400. Por desgracia, el resto del trazado del tren del aceite hasta Puente Genil se encuentra perdido, comido por la maleza y taponado por escombros y vertidos, por lo que no es posible continuar por \u00e9l. As\u00ed pues, alcanzamos la carretera, y tras una parada en un bar de carretera para reponer fuerzas (a base de Acuarius y patatas fritas de bolsa), empezamos a rodar hasta Puente Genil. <\/p>\n<p>Procur\u00e9 imponer un ritmo r\u00e1pido, ya que el eje de mi rueda trasera, que hab\u00eda estado <em>quej\u00e1ndose<\/em> desde pr\u00e1cticamente desde Ja\u00e9n, empez\u00f3 a dar muestras de desfallecimiento: ya en el Camino del Norte me hab\u00edan comentado que ten\u00eda los rodamientos del buje algo tocados. No me hab\u00eda dado guerra en las salidas por C\u00f3rdoba, pero al meterle el peso de las alforjas lo estaba sentenciando a muerte. As\u00ed fue: poco a poco la oscilaci\u00f3n de la rueda trasera hab\u00eda ido en aumento, y desde Zuheros la rueda emit\u00eda unos crujidos bastante sospechosos. Crujidos que, de camino a Puente Genil, se hab\u00edan transformado en un lamento estremecedor, cual si estuviera dejando cuadrados los rodamientos. Pensaba que en cualquier momento la rueda iba a decir \u00abbasta\u00bb.<\/p>\n<p>Llegamos a Puente Genil cerca de las 13:00h. Tuvimos que abandonar la idea de visitar la villa romana de Fuente \u00c1lamo debido al estado de mi rueda. Compramos los billetes de vuelta a C\u00f3rdoba en el tren de las 16:35h, y nos dirigimos a un bar cercano, donde tapeamos e hicimos algo de tiempo antes de volver a la estaci\u00f3n, a esperar el tren que nos habr\u00eda de llevar de vuelta a C\u00f3rdoba. Rato de espera que dio para echar una breve siesta, algo de lectura, y charlar de chapuzas inform\u00e1ticas varias. Y as\u00ed, a lo tonto, matamos el tiempo de espera hasta la llegada del Andaluc\u00eda Expr\u00e9s. Una hora despu\u00e9s \u00e9ste hac\u00eda su entrada en la estaci\u00f3n de C\u00f3rdoba.<\/p>\n<p>Dimos por finalizada la etapa justo en el punto donde, un d\u00eda y unos 160 km. antes, la inici\u00e1bamos: en los jardines de Escultor Mart\u00ednez Cerrillo, cerca de la Boutip\u00e1n. Nuestra idea era habernos fotografiado junto al azulejo que recuerda al antiguo ferrocarril de Almorch\u00f3n, que transcurr\u00eda por ah\u00ed, pero dado el lamentable estado de conservaci\u00f3n de aqu\u00e9l, lleno de pintadas, tuvimos que limitarnos a fotografiarnos junto a la fuente.<\/p>\n<figure class=\"wp-block-piwigo-gallery-single-image piwigo-single-image\"><a href=\"https:\/\/www.eniac2000.com\/piwigo\/picture.php?\/8640\" target=\"_blank\" rel=\"noopener noreferrer\"><img decoding=\"async\" src=\"https:\/\/www.eniac2000.com\/piwigo\/_data\/i\/galleries\/albums\/ciclismo\/2009-04-via-verde-aceite\/100_9147-me.JPG\" alt=\"100 9147\" \/><\/a><figcaption><strong>100 9147<\/strong><\/figcaption><\/figure>\n<p>Y color\u00edn, colorado, esta historia se ha acabado.<\/p>\n<p><iframe loading=\"lazy\" width=\"425\" height=\"350\" frameborder=\"0\" scrolling=\"no\" marginheight=\"0\" marginwidth=\"0\" src=\"https:\/\/maps.google.es\/maps\/ms?ie=UTF8&amp;hl=es&amp;t=h&amp;msa=0&amp;msid=107359855203283141524.0004362743f84cfa5819d&amp;ll=37.596217,-4.279089&amp;spn=0.410106,0.978984&amp;output=embed\"><\/iframe><br \/><small>Ver <a href=\"https:\/\/maps.google.es\/maps\/ms?ie=UTF8&amp;hl=es&amp;t=h&amp;msa=0&amp;msid=107359855203283141524.0004362743f84cfa5819d&amp;ll=37.596217,-4.279089&amp;spn=0.410106,0.978984&amp;source=embed\" style=\"color:#0000FF;text-align:left\">Jaen &#8211; Puente Genil<\/a> en un mapa m\u00e1s grande<\/small><\/p>\n<p>Ir a <a href=\"http:\/\/bitacora.eniac2000.com\/?p=1243\">Etapa 1: Ja\u00e9n &#8211; Zuheros<\/a>.<\/p>\n","protected":false},"excerpt":{"rendered":"<p>El Domingo de Ramos nos levantamos temprano, en torno a<\/p>\n","protected":false},"author":1,"featured_media":0,"comment_status":"open","ping_status":"open","sticky":false,"template":"","format":"standard","meta":{"advanced_seo_description":"","jetpack_seo_html_title":"","jetpack_seo_noindex":false,"_jetpack_memberships_contains_paid_content":false,"footnotes":"","jetpack_publicize_message":"","jetpack_publicize_feature_enabled":true,"jetpack_social_post_already_shared":false,"jetpack_social_options":{"image_generator_settings":{"template":"highway","default_image_id":0,"font":"","enabled":false},"version":2}},"categories":[24,8],"tags":[273,392,539,1012,1157,1331,1706,1710,1823],"series":[],"class_list":["post-1261","post","type-post","status-publish","format-standard","hentry","category-ciclismo","category-deporte","tag-cabra","tag-cordoba","tag-dona-mencia","tag-lucena","tag-navas-del-selpillar","tag-puente-genil","tag-via-verde","tag-via-verde-de-la-subbetica","tag-zuheros"],"jetpack_publicize_connections":[],"jetpack_featured_media_url":"","jetpack_sharing_enabled":true,"_links":{"self":[{"href":"https:\/\/bitacora.eniac2000.com\/index.php?rest_route=\/wp\/v2\/posts\/1261","targetHints":{"allow":["GET"]}}],"collection":[{"href":"https:\/\/bitacora.eniac2000.com\/index.php?rest_route=\/wp\/v2\/posts"}],"about":[{"href":"https:\/\/bitacora.eniac2000.com\/index.php?rest_route=\/wp\/v2\/types\/post"}],"author":[{"embeddable":true,"href":"https:\/\/bitacora.eniac2000.com\/index.php?rest_route=\/wp\/v2\/users\/1"}],"replies":[{"embeddable":true,"href":"https:\/\/bitacora.eniac2000.com\/index.php?rest_route=%2Fwp%2Fv2%2Fcomments&post=1261"}],"version-history":[{"count":0,"href":"https:\/\/bitacora.eniac2000.com\/index.php?rest_route=\/wp\/v2\/posts\/1261\/revisions"}],"wp:attachment":[{"href":"https:\/\/bitacora.eniac2000.com\/index.php?rest_route=%2Fwp%2Fv2%2Fmedia&parent=1261"}],"wp:term":[{"taxonomy":"category","embeddable":true,"href":"https:\/\/bitacora.eniac2000.com\/index.php?rest_route=%2Fwp%2Fv2%2Fcategories&post=1261"},{"taxonomy":"post_tag","embeddable":true,"href":"https:\/\/bitacora.eniac2000.com\/index.php?rest_route=%2Fwp%2Fv2%2Ftags&post=1261"},{"taxonomy":"series","embeddable":true,"href":"https:\/\/bitacora.eniac2000.com\/index.php?rest_route=%2Fwp%2Fv2%2Fseries&post=1261"}],"curies":[{"name":"wp","href":"https:\/\/api.w.org\/{rel}","templated":true}]}}