{"id":1279,"date":"2009-05-02T15:14:32","date_gmt":"2009-05-02T13:14:32","guid":{"rendered":"http:\/\/bitacora.eniac2000.com\/?p=1279"},"modified":"2009-05-02T15:14:32","modified_gmt":"2009-05-02T13:14:32","slug":"el-origen-de-la-torre-de-la-malmuerta","status":"publish","type":"post","link":"https:\/\/bitacora.eniac2000.com\/?p=1279","title":{"rendered":"El origen de la Torre de la Malmuerta"},"content":{"rendered":"<p>Discut\u00edamos anoche, al resguardo de la Torre de la Malmuerta y mojando la charla en rebujito y otros licores de mal vivir, sobre el origen del singular nombre de la citada torre.<\/p>\n<figure id=\"attachment_1281\" aria-describedby=\"caption-attachment-1281\" style=\"width: 400px\" class=\"wp-caption alignnone\"><a href=\"http:\/\/bitacora.eniac2000.com\/wp-content\/uploads\/2009\/05\/torre_malmuerta.jpg\"><img loading=\"lazy\" decoding=\"async\" src=\"http:\/\/bitacora.eniac2000.com\/wp-content\/uploads\/2009\/05\/torre_malmuerta-400x266.jpg\" alt=\"Torre de la Malmuerta (Imagen cortes\u00eda de la Cordobapedia)\" title=\"Torre de la Malmuerta\" width=\"400\" height=\"266\" class=\"size-medium wp-image-1281\" \/><\/a><figcaption id=\"caption-attachment-1281\" class=\"wp-caption-text\">Torre de la Malmuerta (Imagen cortes\u00eda de la Cordobapedia)<\/figcaption><\/figure>\n<p>Escuch\u00e9 versiones un tanto peregrinas, relativas a una princesa que se tir\u00f3 desde lo alto de la torre para suicidarse debido a un mal de amores, o bien de una mujer que habr\u00eda sido emparedada en su interior.  Yo recordaba haber le\u00eddo por ah\u00ed que deb\u00eda su nombre a que la mujer de un noble de la ciudad hab\u00eda enga\u00f1ado a \u00e9ste con su primo, y aqu\u00e9l, al descubrirlo, habr\u00eda matado a ambos. Arrepentido posteriormente, se dirigir\u00eda al rey para rogar por su perd\u00f3n, conden\u00e1ndolo el rey a construir la torre en purga de su crimen.<\/p>\n<p>Sin embargo, tampoco fue cre\u00edda mi versi\u00f3n. Ante ello, comentamos remitirnos a una fuente autorizada, como puede ser el magn\u00edfico libro de <a href=\"http:\/\/wikanda.cordobapedia.es\/wiki\/Paseos_por_C%C3%B3rdoba\">Paseos por C\u00f3rdoba<\/a>, de <a href=\"http:\/\/wikanda.cordobapedia.es\/wiki\/Teodomiro_Ram%C3%ADrez_de_Arellano\">Ram\u00edrez de Arellano<\/a>. Esta ma\u00f1ana he procedido a consultarlo. Y tengo que decir que la versi\u00f3n que m\u00e1s se aproxima a la que aparece en el libro es la m\u00eda, si bien es cierto que el propio Ram\u00edrez de Arellano afirma que no le hab\u00eda sido posible averiguar a ciencia cierta <a href=\"http:\/\/www.bibliotecadecordoba.com\/index.php\/Paseo_3._Barrio_de_Santa_Marina#El_origen_del_nombre\">el origen del nombre<\/a> de la torre:<\/p>\n<blockquote><p>Dicen que un caballero ascendiente de los marqueses de Villaseca mat\u00f3 a su mujer, juzg\u00e1ndola culpable, faltando a los deberes de buena esposa, y que arroj\u00e1ndose a los pies del rey, \u00e9ste lo conden\u00f3 a fabricar esa torre en memoria de aquella se\u00f1ora que hab\u00eda sido mal muerta, por tomarse la justicia por s\u00ed mismo, y que en ella hab\u00eda de acabar su vida, por lo que tard\u00f3 muchos a\u00f1os en su construcci\u00f3n. Pero ya han visto mis lectores que la obra dur\u00f3 s\u00f3lo dos a\u00f1os, y que se hizo con fondos de la Ciudad y de la Corona. Por consiguiente, se desvanece lo que la tradici\u00f3n nos cuenta.<\/p><\/blockquote>\n<p>Aprovecho para recomendar una p\u00e1gina, <a href=\"http:\/\/www.bibliotecadecordoba.com\/index.php\/Portada\">Biblioteca de C\u00f3rdoba<\/a>, en la que se puede consultar esta obra de referencia de la C\u00f3rdoba hist\u00f3rica, en un formato wiki, que muestra adem\u00e1s geolocalizaciones de algunos de los lugares comentados en el libro.<\/p>\n","protected":false},"excerpt":{"rendered":"<p>Discut\u00edamos anoche, al resguardo de la Torre de la Malmuerta<\/p>\n","protected":false},"author":1,"featured_media":0,"comment_status":"open","ping_status":"open","sticky":false,"template":"","format":"standard","meta":{"advanced_seo_description":"","jetpack_seo_html_title":"","jetpack_seo_noindex":false,"_jetpack_memberships_contains_paid_content":false,"footnotes":"","jetpack_publicize_message":"","jetpack_publicize_feature_enabled":true,"jetpack_social_post_already_shared":false,"jetpack_social_options":{"image_generator_settings":{"template":"highway","default_image_id":0,"font":"","enabled":false},"version":2}},"categories":[20],"tags":[392,1028,1240,1376],"series":[],"class_list":["post-1279","post","type-post","status-publish","format-standard","hentry","category-vida-corriente","tag-cordoba","tag-malmuerta","tag-paseos-por-cordoba","tag-ramirez-de-arellano"],"jetpack_publicize_connections":[],"jetpack_featured_media_url":"","jetpack_sharing_enabled":true,"_links":{"self":[{"href":"https:\/\/bitacora.eniac2000.com\/index.php?rest_route=\/wp\/v2\/posts\/1279","targetHints":{"allow":["GET"]}}],"collection":[{"href":"https:\/\/bitacora.eniac2000.com\/index.php?rest_route=\/wp\/v2\/posts"}],"about":[{"href":"https:\/\/bitacora.eniac2000.com\/index.php?rest_route=\/wp\/v2\/types\/post"}],"author":[{"embeddable":true,"href":"https:\/\/bitacora.eniac2000.com\/index.php?rest_route=\/wp\/v2\/users\/1"}],"replies":[{"embeddable":true,"href":"https:\/\/bitacora.eniac2000.com\/index.php?rest_route=%2Fwp%2Fv2%2Fcomments&post=1279"}],"version-history":[{"count":0,"href":"https:\/\/bitacora.eniac2000.com\/index.php?rest_route=\/wp\/v2\/posts\/1279\/revisions"}],"wp:attachment":[{"href":"https:\/\/bitacora.eniac2000.com\/index.php?rest_route=%2Fwp%2Fv2%2Fmedia&parent=1279"}],"wp:term":[{"taxonomy":"category","embeddable":true,"href":"https:\/\/bitacora.eniac2000.com\/index.php?rest_route=%2Fwp%2Fv2%2Fcategories&post=1279"},{"taxonomy":"post_tag","embeddable":true,"href":"https:\/\/bitacora.eniac2000.com\/index.php?rest_route=%2Fwp%2Fv2%2Ftags&post=1279"},{"taxonomy":"series","embeddable":true,"href":"https:\/\/bitacora.eniac2000.com\/index.php?rest_route=%2Fwp%2Fv2%2Fseries&post=1279"}],"curies":[{"name":"wp","href":"https:\/\/api.w.org\/{rel}","templated":true}]}}