{"id":1331,"date":"2009-05-22T12:07:00","date_gmt":"2009-05-22T10:07:00","guid":{"rendered":"http:\/\/bitacora.eniac2000.com\/?p=1331"},"modified":"2009-05-22T12:07:00","modified_gmt":"2009-05-22T10:07:00","slug":"plano-de-la-feria-2009","status":"publish","type":"post","link":"https:\/\/bitacora.eniac2000.com\/?p=1331","title":{"rendered":"Plano de la Feria 2009"},"content":{"rendered":"<p>En la edici\u00f3n digital del <a href=\"http:\/\/www.diariocordoba.com\">Diario C\u00f3rdoba<\/a> viene un interesante <a href=\"http:\/\/www.diariocordoba.com\/servicios\/documentos\/documento.asp?pkid=21618\">plano de la Feria 2009<\/a>. No es, estrictamente hablando, un plano, ya que se trata de una fotograf\u00eda a\u00e9rea con la informaci\u00f3n de calles y casetas sobreimpresa, pero permite ver con claridad la ubicaci\u00f3n de las zonas m\u00e1s destacadas:<\/p>\n<figure id=\"attachment_1332\" aria-describedby=\"caption-attachment-1332\" style=\"width: 400px\" class=\"wp-caption alignnone\"><a href=\"http:\/\/bitacora.eniac2000.com\/wp-content\/uploads\/2009\/05\/35811.jpg\"><img loading=\"lazy\" decoding=\"async\" src=\"http:\/\/bitacora.eniac2000.com\/wp-content\/uploads\/2009\/05\/35811-400x198.jpg\" alt=\"Plano de la Feria 2009\" title=\"Plano de la Feria 2009\" width=\"400\" height=\"198\" class=\"size-medium wp-image-1332\" \/><\/a><figcaption id=\"caption-attachment-1332\" class=\"wp-caption-text\">Plano de la Feria 2009<\/figcaption><\/figure>\n<p>Como informaci\u00f3n adicional, ofrece una relaci\u00f3n de casetas agrupadas por calles, informaci\u00f3n de las l\u00edneas de autobuses que van a la feria, as\u00ed como una serie de datos estad\u00edsticos de la portada.<\/p>\n","protected":false},"excerpt":{"rendered":"<p>En la edici\u00f3n digital del Diario C\u00f3rdoba viene un interesante<\/p>\n","protected":false},"author":1,"featured_media":0,"comment_status":"open","ping_status":"open","sticky":false,"template":"","format":"standard","meta":{"advanced_seo_description":"","jetpack_seo_html_title":"","jetpack_seo_noindex":false,"_jetpack_memberships_contains_paid_content":false,"footnotes":"","jetpack_publicize_message":"","jetpack_publicize_feature_enabled":true,"jetpack_social_post_already_shared":false,"jetpack_social_options":{"image_generator_settings":{"template":"highway","default_image_id":0,"font":"","enabled":false},"version":2}},"categories":[20],"tags":[392,529,653],"series":[],"class_list":["post-1331","post","type-post","status-publish","format-standard","hentry","category-vida-corriente","tag-cordoba","tag-diario-cordoba","tag-feria"],"jetpack_publicize_connections":[],"jetpack_featured_media_url":"","jetpack_sharing_enabled":true,"_links":{"self":[{"href":"https:\/\/bitacora.eniac2000.com\/index.php?rest_route=\/wp\/v2\/posts\/1331","targetHints":{"allow":["GET"]}}],"collection":[{"href":"https:\/\/bitacora.eniac2000.com\/index.php?rest_route=\/wp\/v2\/posts"}],"about":[{"href":"https:\/\/bitacora.eniac2000.com\/index.php?rest_route=\/wp\/v2\/types\/post"}],"author":[{"embeddable":true,"href":"https:\/\/bitacora.eniac2000.com\/index.php?rest_route=\/wp\/v2\/users\/1"}],"replies":[{"embeddable":true,"href":"https:\/\/bitacora.eniac2000.com\/index.php?rest_route=%2Fwp%2Fv2%2Fcomments&post=1331"}],"version-history":[{"count":0,"href":"https:\/\/bitacora.eniac2000.com\/index.php?rest_route=\/wp\/v2\/posts\/1331\/revisions"}],"wp:attachment":[{"href":"https:\/\/bitacora.eniac2000.com\/index.php?rest_route=%2Fwp%2Fv2%2Fmedia&parent=1331"}],"wp:term":[{"taxonomy":"category","embeddable":true,"href":"https:\/\/bitacora.eniac2000.com\/index.php?rest_route=%2Fwp%2Fv2%2Fcategories&post=1331"},{"taxonomy":"post_tag","embeddable":true,"href":"https:\/\/bitacora.eniac2000.com\/index.php?rest_route=%2Fwp%2Fv2%2Ftags&post=1331"},{"taxonomy":"series","embeddable":true,"href":"https:\/\/bitacora.eniac2000.com\/index.php?rest_route=%2Fwp%2Fv2%2Fseries&post=1331"}],"curies":[{"name":"wp","href":"https:\/\/api.w.org\/{rel}","templated":true}]}}