{"id":1490,"date":"2009-07-13T23:58:26","date_gmt":"2009-07-13T21:58:26","guid":{"rendered":"http:\/\/bitacora.eniac2000.com\/?p=1490"},"modified":"2025-10-05T17:12:53","modified_gmt":"2025-10-05T15:12:53","slug":"mezquita-de-almonaster-la-real","status":"publish","type":"post","link":"https:\/\/bitacora.eniac2000.com\/?p=1490","title":{"rendered":"Mezquita de Almonaster la Real"},"content":{"rendered":"<p>El pasado s\u00e1bado estuve de turisteo con Ana por el Parque Natural de la Sierra de Aracena y Picos de Aroche. Visitamos Aracena, con su castillo y la Gruta de las Maravillas, Fuenteheridos, Almonaster la Real, la Pe\u00f1a de Arias Montano y Linares de la Sierra.<\/p>\n<p>Aunque todo el viaje es realmente recomendable, de lo que m\u00e1s me llam\u00f3 la atenci\u00f3n, sobre todo por desconocido, fue la <a href=\"http:\/\/es.wikipedia.org\/wiki\/Mezquita_de_Almonaster_la_Real\">mezquita de Almonaster<\/a>. Situada en el cerro por el que se extiende el pueblo, lleva siendo lugar sagrado desde tiempos inmemoriales.<\/p>\n<p>A continuaci\u00f3n ofrezco una toma en 360\u00ba del interior de la mezquita. No es de las m\u00e1s logradas que tengo, pero permite dar una impresi\u00f3n de lo que es este edificio por dentro:<\/p>\n<figure class=\"wp-block-piwigo-gallery-single-image piwigo-single-image\"><a href=\"https:\/\/www.eniac2000.com\/piwigo\/picture.php?\/3746\" target=\"_blank\" rel=\"noopener noreferrer\"><img decoding=\"async\" src=\"https:\/\/www.eniac2000.com\/piwigo\/_data\/i\/galleries\/albums\/2009-07-11-aracena-picos-aroche\/almonaster\/mezquita-almonaster-peq-me.jpg\" alt=\"mezquita-almonaster-peq\" \/><\/a><figcaption><strong>mezquita-almonaster-peq<\/strong><\/figcaption><\/figure>\n","protected":false},"excerpt":{"rendered":"<p>El pasado s\u00e1bado estuve de turisteo con Ana por el<\/p>\n","protected":false},"author":1,"featured_media":0,"comment_status":"open","ping_status":"open","sticky":false,"template":"","format":"standard","meta":{"advanced_seo_description":"","jetpack_seo_html_title":"","jetpack_seo_noindex":false,"_jetpack_memberships_contains_paid_content":false,"footnotes":"","jetpack_publicize_message":"","jetpack_publicize_feature_enabled":true,"jetpack_social_post_already_shared":false,"jetpack_social_options":{"image_generator_settings":{"template":"highway","default_image_id":0,"font":"","enabled":false},"version":2}},"categories":[20],"tags":[88,687,816,1068,1537],"series":[],"class_list":["post-1490","post","type-post","status-publish","format-standard","hentry","category-vida-corriente","tag-almonaster-la-real","tag-fotografia","tag-huelva","tag-mezquita","tag-sierra-de-aracena"],"jetpack_publicize_connections":[],"jetpack_featured_media_url":"","jetpack_sharing_enabled":true,"_links":{"self":[{"href":"https:\/\/bitacora.eniac2000.com\/index.php?rest_route=\/wp\/v2\/posts\/1490","targetHints":{"allow":["GET"]}}],"collection":[{"href":"https:\/\/bitacora.eniac2000.com\/index.php?rest_route=\/wp\/v2\/posts"}],"about":[{"href":"https:\/\/bitacora.eniac2000.com\/index.php?rest_route=\/wp\/v2\/types\/post"}],"author":[{"embeddable":true,"href":"https:\/\/bitacora.eniac2000.com\/index.php?rest_route=\/wp\/v2\/users\/1"}],"replies":[{"embeddable":true,"href":"https:\/\/bitacora.eniac2000.com\/index.php?rest_route=%2Fwp%2Fv2%2Fcomments&post=1490"}],"version-history":[{"count":0,"href":"https:\/\/bitacora.eniac2000.com\/index.php?rest_route=\/wp\/v2\/posts\/1490\/revisions"}],"wp:attachment":[{"href":"https:\/\/bitacora.eniac2000.com\/index.php?rest_route=%2Fwp%2Fv2%2Fmedia&parent=1490"}],"wp:term":[{"taxonomy":"category","embeddable":true,"href":"https:\/\/bitacora.eniac2000.com\/index.php?rest_route=%2Fwp%2Fv2%2Fcategories&post=1490"},{"taxonomy":"post_tag","embeddable":true,"href":"https:\/\/bitacora.eniac2000.com\/index.php?rest_route=%2Fwp%2Fv2%2Ftags&post=1490"},{"taxonomy":"series","embeddable":true,"href":"https:\/\/bitacora.eniac2000.com\/index.php?rest_route=%2Fwp%2Fv2%2Fseries&post=1490"}],"curies":[{"name":"wp","href":"https:\/\/api.w.org\/{rel}","templated":true}]}}