{"id":1572,"date":"2009-09-06T11:49:52","date_gmt":"2009-09-06T09:49:52","guid":{"rendered":"http:\/\/bitacora.eniac2000.com\/?p=1572"},"modified":"2025-10-11T04:51:09","modified_gmt":"2025-10-11T02:51:09","slug":"camino-primitivo-prologo","status":"publish","type":"post","link":"https:\/\/bitacora.eniac2000.com\/?p=1572","title":{"rendered":"Camino Primitivo: Pr\u00f3logo"},"content":{"rendered":"<div class=\"seriesmeta\">Esta entrada es la parte 1 de 6 de la serie <a href=\"https:\/\/bitacora.eniac2000.com\/?series=camino-de-santiago-2009\" class=\"series-1830\" title=\"Camino de Santiago 2009\">Camino de Santiago 2009<\/a><\/div><p>Este a\u00f1o -y ya van cinco- he vuelto a realizar uno de los Caminos de Santiago, o, como mis compa\u00f1eros de trabajo lo llaman jocosamente, \u00abel Camino de Javi Hidalgo\u00bb. Este a\u00f1o la variante escogida fue el <a href=\"http:\/\/bitacora.eniac2000.com\/?page_id=1570\">Camino Primitivo<\/a>, o del Interior. Este camino enlaza Oviendo con la tumba de Santiago, y fue el escogido por el rey Alfonso II el Casto para rendir culto a los restos del Ap\u00f3stol. Alfonso II fue el fundador de la primera bas\u00edlica que acogi\u00f3 los restos de Santiago, y el organizador del culto apost\u00f3lico.<\/p>\n<p>Este camino, sin embargo, hunde sus ra\u00edces en la m\u00e1s remota antig\u00fcedad. Gran parte de su recorrido -en especial el tramo que nos ocupa- coincide con el trazado de la v\u00eda romana que comunicaba Lucus Augusta con Iria Flavia, y que formaba parte de la red viaria trazada por los romanos en la provincia de la Gallaecia (para m\u00e1s informaci\u00f3n, recomiendo acudir a <a href=\"http:\/\/www.celtiberia.net\/verimg.asp?id=5150\">Celtiberia.net<\/a>), si bien es m\u00e1s que probable que estas v\u00edas se asienten sobre caminos mucho m\u00e1s antiguos a\u00fan:<\/p>\n<figure id=\"attachment_1577\" aria-describedby=\"caption-attachment-1577\" style=\"width: 322px\" class=\"wp-caption alignnone\"><a href=\"http:\/\/bitacora.eniac2000.com\/wp-content\/uploads\/2009\/09\/U8448-Vias-romanas-de-Gallaecia.jpg\"><img loading=\"lazy\" decoding=\"async\" src=\"http:\/\/bitacora.eniac2000.com\/wp-content\/uploads\/2009\/09\/U8448-Vias-romanas-de-Gallaecia-322x400.jpg\" alt=\"V\u00edas Romana de Gallaecia (Cortes\u00eda de Celtiberia.net)\" title=\"V\u00edas Romana de Gallaecia (Cortes\u00eda de Celtiberia.net)\" width=\"322\" height=\"400\" class=\"size-medium wp-image-1577\" \/><\/a><figcaption id=\"caption-attachment-1577\" class=\"wp-caption-text\">V\u00edas Romana de Gallaecia (Cortes\u00eda de Celtiberia.net)<\/figcaption><\/figure>\n<p>Abundantes a lo largo de nuestro caminar fueron los vestigios de esta v\u00eda romana, aunque sin duda el m\u00e1s destacado (excepci\u00f3n hecha de los diversos puentes y de la muralla romana de Lugo) fue la reproducci\u00f3n del miliario erigido en \u00e9poca de Cal\u00edgula existente en San Rom\u00e1n de Retorta: <\/p>\n<figure class=\"wp-block-piwigo-gallery-single-image piwigo-single-image\"><a href=\"https:\/\/www.eniac2000.com\/piwigo\/picture.php?\/3816\" target=\"_blank\" rel=\"noopener noreferrer\"><img decoding=\"async\" src=\"https:\/\/www.eniac2000.com\/piwigo\/_data\/i\/galleries\/albums\/2009-08-camino-primitivo\/dia1\/101_0049-me.JPG\" alt=\"101 0049\" \/><\/a><figcaption><strong>101 0049<\/strong><\/figcaption><\/figure>\n<p>En cuanto al camino en s\u00ed, es un acertado compendio del agro gallego: preciosos bosques, gran cantidad de agua en sus m\u00e1s diversas presentaciones (arroyos, riachuelos, r\u00edos, fuentes, charcas, llovizna&#8230;), bonitos prados, subidas, bajadas y muchas, muchas vacas. Tambi\u00e9n presenta una interesante dualidad, causada por el conjunci\u00f3n del Camino Primitivo con el Camino Franc\u00e9s: las dos primeras etapas fueron tranquilas, relajadas y agrestes, mientras que las siguientes estuvieron marcadas por la masificaci\u00f3n del Camino Franc\u00e9s. Pero eso quedar\u00e1 para posteriores entradas.<\/p>\n<p>En cuanto a nuestro viaje, apenas con dos semanas de antelaci\u00f3n no cre\u00ed que pudi\u00e9ramos realizarlo. Exigencias laborales no me hab\u00edan permitido disponer de las dos semanas de vacaciones que deseaba para el mes de julio, y nos encontr\u00e1bamos ya a punto de entrar en agosto, fecha en la que no deseaba realizar el viaje. Finalmente pude disponer de tres d\u00edas de vacaciones, 10, 11 y 12 de agosto, con lo que sumados al fin de semana anterior (8 y 9), sumaban cinco d\u00edas, m\u00e1s la tarde de un viernes para realizar el viaje. Dicho y hecho. Mi padre y yo averiguamos billetes para viajar en autob\u00fas desde Madrid a Lugo. Yo, por mi parte, la semana del 3 al 7 de agosto ten\u00eda que estar en Madrid por razones laborales, as\u00ed que mi desplazamiento hasta Madrid lo cubr\u00eda mi empresa. Mi padre subir\u00eda en tren desde C\u00f3rdoba por su cuenta. Ana, por otro lado, ya se encontraba en Galicia, pasando las vacaciones con su familia. Averiguamos un hostal en Lugo para que pudiera pasar la noche anterior.<\/p>\n<p>Sin embargo, estos planes vinieron a quebrarse por mi parte, debido a cierto <a href=\"http:\/\/bitacora.eniac2000.com\/?p=1532\">cursus interruptus<\/a>. As\u00ed que tuve que averiguarme un billete de tren desde Sevilla hasta Madrid para el mismo viernes 7. Llegu\u00e9 a Atocha con algo de antelaci\u00f3n, dispuesto a esperar a mi padre y dirigirnos posteriormente a M\u00e9ndez \u00c1lvaro, donde tendr\u00edamos que tomar el autob\u00fas nocturno a Lugo, con hora prevista de llegada a las 00:30h y llegada a las 6:45h del s\u00e1bado 8. As\u00ed, me dispuse a matar el tiempo en Atocha, cuando, sorpresivamente, me encontr\u00e9 con mis amigos Carmen y Manolo, que se encontraban esperando a la hermana de \u00e9ste, que llegaba esa misma tarde a Madrid, justo en el tren entre el m\u00edo y el de mi padre. Es curioso c\u00f3mo son a veces las cosas: si organizas un viaje y tratas de quedar con la gente, puedes llegar a no conseguirlo por diversos compromisos de cualquiera. Y en un viaje organizado de prisa y corriendo, sin quedar siquiera con la gente, puedes encontrarte por pura casualidad con dos grandes amigos en Madrid (\u00a1en Madrid!), sin propon\u00e9rtelo siquiera. Total, que bien acompa\u00f1ado, esper\u00e9 la llegada de mi padre, en el AVE de las 22:15h, tras lo que nos dirigimos a M\u00e9ndez \u00c1lvaro, la estaci\u00f3n sur de autobuses de Madrid, para coger el autob\u00fas destino Lugo.<\/p>\n<p>La estaci\u00f3n de autobuses de M\u00e9ndez \u00c1lvaro sorprende por su tama\u00f1o, y sobre todo por la incre\u00edble cantidad de gente que parece utilizarla a todas horas. Al filo de la salida del autob\u00fas, pasada la medianoche, la estaci\u00f3n era un hervidero de gente en todas sus d\u00e1rsenas de salida de autobuses. La nuestra se encontraba atestada de personas dispuestas a emprender su viaje al norte. Y no eran pocas, aparte de nosotros, las personas que se ve\u00eda a las claras que iban a realizar el Camino. Y era l\u00f3gico, ya que este autob\u00fas pasa en su recorrido por Ponferrada, Cebreiro y la zona de Sarria\/Becerre\u00e1, sityios bastante empleados por peregrinos para iniciar su marcha hasta Santiago. As\u00ed pudimos comprobarlo, tras hilar conversaci\u00f3n con otras personas que all\u00ed aguardaban el autob\u00fas.<\/p>\n<p>El viaje en autob\u00fas fue como todos los viajes nocturnos en este medio: pesado, inc\u00f3modo, y en los que si puedes descabezar un par de sue\u00f1os sin descabezarte t\u00fa puedes considerarte afortunado. En especial si, como es mi caso, me hab\u00eda vuelto a olvidar la almohada hinchable cervical. Hicimos parada en La Ba\u00f1eza, conocida por sus garbanzos (inmortalizados por el gran <a href=\"https:\/\/www.youtube.com\/watch?v=nmVzyffEe9E\">Paco Gand\u00eda en su c\u00e9lebre chiste de la tragedia del ni\u00f1o harto de garbanzos<\/a>), y conocida por m\u00ed por haber parado en el mismo sitio en 2007, cuando hice el <a href=\"http:\/\/bitacora.eniac2000.com\/?page_id=615\">Camino con Fran desde Ponferrada<\/a>.<\/p>\n<p>Llegamos a Lugo a las 6:45h de la ma\u00f1ana, sin novedad. La madrugada, tal y como nos hab\u00edamos temido, era sumamente fr\u00eda: 14\u00baC, y con viento. Llegamos al hostal donde estaba Ana, cercana a la puerta de San Pedro de la muralla:<\/p>\n<p><figure class=\"wp-block-piwigo-gallery-single-image piwigo-single-image\"><a href=\"https:\/\/www.eniac2000.com\/piwigo\/picture.php?\/3748\" target=\"_blank\" rel=\"noopener noreferrer\"><img decoding=\"async\" src=\"https:\/\/www.eniac2000.com\/piwigo\/_data\/i\/galleries\/albums\/2009-08-camino-primitivo\/dia1\/100_9980-me.JPG\" alt=\"100 9980\" \/><\/a><figcaption><strong>100 9980<\/strong><\/figcaption><\/figure><br \/>\nLienzo de la Muralla de Lugo, cercana a la Puerta de San Pedro<\/p>\n<p>Poco despu\u00e9s, Ana bajaba, y, tras disfrutar de un razonable desayuno enfrente del hostal, nos dispusimos a afrontar la primera jornada del Camino.<\/p>\n","protected":false},"excerpt":{"rendered":"<div class=\"seriesmeta\">Esta entrada es la parte 1 de 6 de la serie <a href=\"https:\/\/bitacora.eniac2000.com\/?series=camino-de-santiago-2009\" class=\"series-1830\" title=\"Camino de Santiago 2009\">Camino de Santiago 2009<\/a><\/div><p>Este a\u00f1o -y ya van cinco- he vuelto a realizar<\/p>\n","protected":false},"author":1,"featured_media":0,"comment_status":"open","ping_status":"open","sticky":false,"template":"","format":"standard","meta":{"advanced_seo_description":"","jetpack_seo_html_title":"","jetpack_seo_noindex":false,"_jetpack_memberships_contains_paid_content":false,"footnotes":"","jetpack_publicize_message":"","jetpack_publicize_feature_enabled":true,"jetpack_social_post_already_shared":false,"jetpack_social_options":{"image_generator_settings":{"template":"highway","default_image_id":0,"font":"","enabled":false},"version":2}},"categories":[7],"tags":[294,298,1014,1022,1705],"series":[1830],"class_list":["post-1572","post","type-post","status-publish","format-standard","hentry","category-camino-primitivo-camino-de-santiago","tag-camino-de-santiago","tag-camino-primitivo","tag-lugo","tag-madrid","tag-via-romana","series-camino-de-santiago-2009"],"jetpack_publicize_connections":[],"jetpack_featured_media_url":"","jetpack_sharing_enabled":true,"_links":{"self":[{"href":"https:\/\/bitacora.eniac2000.com\/index.php?rest_route=\/wp\/v2\/posts\/1572","targetHints":{"allow":["GET"]}}],"collection":[{"href":"https:\/\/bitacora.eniac2000.com\/index.php?rest_route=\/wp\/v2\/posts"}],"about":[{"href":"https:\/\/bitacora.eniac2000.com\/index.php?rest_route=\/wp\/v2\/types\/post"}],"author":[{"embeddable":true,"href":"https:\/\/bitacora.eniac2000.com\/index.php?rest_route=\/wp\/v2\/users\/1"}],"replies":[{"embeddable":true,"href":"https:\/\/bitacora.eniac2000.com\/index.php?rest_route=%2Fwp%2Fv2%2Fcomments&post=1572"}],"version-history":[{"count":1,"href":"https:\/\/bitacora.eniac2000.com\/index.php?rest_route=\/wp\/v2\/posts\/1572\/revisions"}],"predecessor-version":[{"id":10981,"href":"https:\/\/bitacora.eniac2000.com\/index.php?rest_route=\/wp\/v2\/posts\/1572\/revisions\/10981"}],"wp:attachment":[{"href":"https:\/\/bitacora.eniac2000.com\/index.php?rest_route=%2Fwp%2Fv2%2Fmedia&parent=1572"}],"wp:term":[{"taxonomy":"category","embeddable":true,"href":"https:\/\/bitacora.eniac2000.com\/index.php?rest_route=%2Fwp%2Fv2%2Fcategories&post=1572"},{"taxonomy":"post_tag","embeddable":true,"href":"https:\/\/bitacora.eniac2000.com\/index.php?rest_route=%2Fwp%2Fv2%2Ftags&post=1572"},{"taxonomy":"series","embeddable":true,"href":"https:\/\/bitacora.eniac2000.com\/index.php?rest_route=%2Fwp%2Fv2%2Fseries&post=1572"}],"curies":[{"name":"wp","href":"https:\/\/api.w.org\/{rel}","templated":true}]}}