{"id":1581,"date":"2009-09-07T00:06:51","date_gmt":"2009-09-06T22:06:51","guid":{"rendered":"http:\/\/bitacora.eniac2000.com\/?p=1581"},"modified":"2009-09-07T00:06:51","modified_gmt":"2009-09-06T22:06:51","slug":"novedades-en-la-casa","status":"publish","type":"post","link":"https:\/\/bitacora.eniac2000.com\/?p=1581","title":{"rendered":"Novedades en la casa"},"content":{"rendered":"<p>Seguimos con los progresos en casa. En estos d\u00edas he puesto el espejo cuarto de ba\u00f1o principal, as\u00ed como dos estanter\u00edas de cristal. Hace casi un a\u00f1o compr\u00e9 un espejo para ese cuarto de ba\u00f1o, pero result\u00f3 ser demasiado peque\u00f1o. Mientras compraba uno adecuado, lo puse sobre el bid\u00e9. El caso es que, entre unas cosas y otras, a fuer de provisional, ese espejo se convirti\u00f3 casi en definitivo. Hasta esta semana. As\u00ed que una vez colocado el nuevo, el peque\u00f1o quedaba libre para ser colocado en el aseo de la planta baja.<\/p>\n<p>Adem\u00e1s he colocado un farol de forja cordobesa en el patio. En realidad es el farol que ten\u00eda puesto en la entrada, y el que hab\u00eda comprado para el patio, algo m\u00e1s peque\u00f1o, lo he colocado en la entrada. La raz\u00f3n para ello es que la l\u00e1mpara electr\u00f3nica de 20W era demasiado grande para el farol nuevo.<\/p>\n<p>Para esta semana tengo previsto colocar un par de colgadores de macetas, tambi\u00e9n de forja, en el patio. Pero eso ya quedar\u00e1 para la semana entrante. Que no es cuesti\u00f3n abusar&#8230; <img src=\"https:\/\/bitacora.eniac2000.com\/wp-includes\/images\/smilies\/mrgreen.png\" alt=\":mrgreen:\" class=\"wp-smiley\" style=\"height: 1em; max-height: 1em;\" \/><\/p>\n","protected":false},"excerpt":{"rendered":"<p>Seguimos con los progresos en casa. En estos d\u00edas he<\/p>\n","protected":false},"author":1,"featured_media":0,"comment_status":"open","ping_status":"open","sticky":false,"template":"","format":"standard","meta":{"advanced_seo_description":"","jetpack_seo_html_title":"","jetpack_seo_noindex":false,"_jetpack_memberships_contains_paid_content":false,"footnotes":"","jetpack_publicize_message":"","jetpack_publicize_feature_enabled":true,"jetpack_social_post_already_shared":false,"jetpack_social_options":{"image_generator_settings":{"template":"highway","default_image_id":0,"font":"","enabled":false},"version":2}},"categories":[20],"tags":[339,624,645],"series":[],"class_list":["post-1581","post","type-post","status-publish","format-standard","hentry","category-vida-corriente","tag-casa","tag-espejo","tag-farol-de-forja"],"jetpack_publicize_connections":[],"jetpack_featured_media_url":"","jetpack_sharing_enabled":true,"_links":{"self":[{"href":"https:\/\/bitacora.eniac2000.com\/index.php?rest_route=\/wp\/v2\/posts\/1581","targetHints":{"allow":["GET"]}}],"collection":[{"href":"https:\/\/bitacora.eniac2000.com\/index.php?rest_route=\/wp\/v2\/posts"}],"about":[{"href":"https:\/\/bitacora.eniac2000.com\/index.php?rest_route=\/wp\/v2\/types\/post"}],"author":[{"embeddable":true,"href":"https:\/\/bitacora.eniac2000.com\/index.php?rest_route=\/wp\/v2\/users\/1"}],"replies":[{"embeddable":true,"href":"https:\/\/bitacora.eniac2000.com\/index.php?rest_route=%2Fwp%2Fv2%2Fcomments&post=1581"}],"version-history":[{"count":0,"href":"https:\/\/bitacora.eniac2000.com\/index.php?rest_route=\/wp\/v2\/posts\/1581\/revisions"}],"wp:attachment":[{"href":"https:\/\/bitacora.eniac2000.com\/index.php?rest_route=%2Fwp%2Fv2%2Fmedia&parent=1581"}],"wp:term":[{"taxonomy":"category","embeddable":true,"href":"https:\/\/bitacora.eniac2000.com\/index.php?rest_route=%2Fwp%2Fv2%2Fcategories&post=1581"},{"taxonomy":"post_tag","embeddable":true,"href":"https:\/\/bitacora.eniac2000.com\/index.php?rest_route=%2Fwp%2Fv2%2Ftags&post=1581"},{"taxonomy":"series","embeddable":true,"href":"https:\/\/bitacora.eniac2000.com\/index.php?rest_route=%2Fwp%2Fv2%2Fseries&post=1581"}],"curies":[{"name":"wp","href":"https:\/\/api.w.org\/{rel}","templated":true}]}}