{"id":1583,"date":"2009-09-07T22:05:28","date_gmt":"2009-09-07T20:05:28","guid":{"rendered":"http:\/\/bitacora.eniac2000.com\/?p=1583"},"modified":"2009-09-07T22:05:28","modified_gmt":"2009-09-07T20:05:28","slug":"cordoba-a-vista-de-pajaro","status":"publish","type":"post","link":"https:\/\/bitacora.eniac2000.com\/?p=1583","title":{"rendered":"C\u00f3rdoba a vista de p\u00e1jaro"},"content":{"rendered":"<p>Este fin de semana mi amigo Sergio Alba regalaba a su padre por su cumplea\u00f1os un viaje en globo sobre C\u00f3rdoba. Aparte del magn\u00edfico regalo que fue el viaje en s\u00ed, pudieron obtener unas excelentes fotograf\u00edas de la ciudad. Aqu\u00ed va una de las mejores, que Sergio me ha cedido amablemente para su publicaci\u00f3n:<\/p>\n<figure id=\"attachment_1584\" aria-describedby=\"caption-attachment-1584\" style=\"width: 400px\" class=\"wp-caption alignnone\"><a href=\"http:\/\/bitacora.eniac2000.com\/wp-content\/uploads\/2009\/09\/vista-aerea-cordoba-opt.jpg\"><img loading=\"lazy\" decoding=\"async\" src=\"http:\/\/bitacora.eniac2000.com\/wp-content\/uploads\/2009\/09\/vista-aerea-cordoba-opt-400x265.jpg\" alt=\"Vista a\u00e9rea de C\u00f3rdoba\" title=\"Vista a\u00e9rea de C\u00f3rdoba\" width=\"400\" height=\"265\" class=\"size-medium wp-image-1584\" \/><\/a><figcaption id=\"caption-attachment-1584\" class=\"wp-caption-text\">Vista a\u00e9rea de C\u00f3rdoba<\/figcaption><\/figure>\n<p>\u00a1Muchas gracias, Sergio!<\/p>\n","protected":false},"excerpt":{"rendered":"<p>Este fin de semana mi amigo Sergio Alba regalaba a<\/p>\n","protected":false},"author":1,"featured_media":0,"comment_status":"open","ping_status":"open","sticky":false,"template":"","format":"standard","meta":{"advanced_seo_description":"","jetpack_seo_html_title":"","jetpack_seo_noindex":false,"_jetpack_memberships_contains_paid_content":false,"footnotes":"","jetpack_publicize_message":"","jetpack_publicize_feature_enabled":true,"jetpack_social_post_already_shared":false,"jetpack_social_options":{"image_generator_settings":{"template":"highway","default_image_id":0,"font":"","enabled":false},"version":2}},"categories":[20],"tags":[392,1760],"series":[],"class_list":["post-1583","post","type-post","status-publish","format-standard","hentry","category-vida-corriente","tag-cordoba","tag-vista-aerea"],"jetpack_publicize_connections":[],"jetpack_featured_media_url":"","jetpack_sharing_enabled":true,"_links":{"self":[{"href":"https:\/\/bitacora.eniac2000.com\/index.php?rest_route=\/wp\/v2\/posts\/1583","targetHints":{"allow":["GET"]}}],"collection":[{"href":"https:\/\/bitacora.eniac2000.com\/index.php?rest_route=\/wp\/v2\/posts"}],"about":[{"href":"https:\/\/bitacora.eniac2000.com\/index.php?rest_route=\/wp\/v2\/types\/post"}],"author":[{"embeddable":true,"href":"https:\/\/bitacora.eniac2000.com\/index.php?rest_route=\/wp\/v2\/users\/1"}],"replies":[{"embeddable":true,"href":"https:\/\/bitacora.eniac2000.com\/index.php?rest_route=%2Fwp%2Fv2%2Fcomments&post=1583"}],"version-history":[{"count":0,"href":"https:\/\/bitacora.eniac2000.com\/index.php?rest_route=\/wp\/v2\/posts\/1583\/revisions"}],"wp:attachment":[{"href":"https:\/\/bitacora.eniac2000.com\/index.php?rest_route=%2Fwp%2Fv2%2Fmedia&parent=1583"}],"wp:term":[{"taxonomy":"category","embeddable":true,"href":"https:\/\/bitacora.eniac2000.com\/index.php?rest_route=%2Fwp%2Fv2%2Fcategories&post=1583"},{"taxonomy":"post_tag","embeddable":true,"href":"https:\/\/bitacora.eniac2000.com\/index.php?rest_route=%2Fwp%2Fv2%2Ftags&post=1583"},{"taxonomy":"series","embeddable":true,"href":"https:\/\/bitacora.eniac2000.com\/index.php?rest_route=%2Fwp%2Fv2%2Fseries&post=1583"}],"curies":[{"name":"wp","href":"https:\/\/api.w.org\/{rel}","templated":true}]}}