{"id":1631,"date":"2009-10-07T08:58:48","date_gmt":"2009-10-07T06:58:48","guid":{"rendered":"http:\/\/bitacora.eniac2000.com\/?p=1631"},"modified":"2009-10-07T08:58:48","modified_gmt":"2009-10-07T06:58:48","slug":"amanecer-en-cadiz","status":"publish","type":"post","link":"https:\/\/bitacora.eniac2000.com\/?p=1631","title":{"rendered":"Amanecer en C\u00e1diz"},"content":{"rendered":"<p>Voy a estar un par de d\u00edas en C\u00e1diz por razones laborales. Montar y configurar servidores en un CPD, vaya, algo divertido. Pero esta ma\u00f1ana no he podido resistir a la tentaci\u00f3n, y me he ido a&#8230;<\/p>\n<figure id=\"attachment_1632\" aria-describedby=\"caption-attachment-1632\" style=\"width: 300px\" class=\"wp-caption alignnone\"><a href=\"http:\/\/bitacora.eniac2000.com\/wp-content\/uploads\/2009\/10\/Foto0278.jpg\"><img loading=\"lazy\" decoding=\"async\" src=\"http:\/\/bitacora.eniac2000.com\/wp-content\/uploads\/2009\/10\/Foto0278-300x400.jpg\" alt=\"Amanecer en la Playa de la Victoria\" title=\"Amanecer en la Playa de la Victoria\" width=\"300\" height=\"400\" class=\"size-medium wp-image-1632\" \/><\/a><figcaption id=\"caption-attachment-1632\" class=\"wp-caption-text\">Amanecer en la Playa de la Victoria<\/figcaption><\/figure>\n<p>&#8230;darme un ba\u00f1o al amanecer en la Playa de la Victoria. \u00a1Delicioso!<\/p>\n","protected":false},"excerpt":{"rendered":"<p>Voy a estar un par de d\u00edas en C\u00e1diz por<\/p>\n","protected":false},"author":1,"featured_media":0,"comment_status":"open","ping_status":"open","sticky":false,"template":"","format":"standard","meta":{"advanced_seo_description":"","jetpack_seo_html_title":"","jetpack_seo_noindex":false,"_jetpack_memberships_contains_paid_content":false,"footnotes":"","jetpack_publicize_message":"","jetpack_publicize_feature_enabled":true,"jetpack_social_post_already_shared":false,"jetpack_social_options":{"image_generator_settings":{"template":"highway","default_image_id":0,"font":"","enabled":false},"version":2}},"categories":[20],"tags":[99,385,687,1283],"series":[],"class_list":["post-1631","post","type-post","status-publish","format-standard","hentry","category-vida-corriente","tag-amanecer","tag-cadiz","tag-fotografia","tag-playa-de-la-victoria"],"jetpack_publicize_connections":[],"jetpack_featured_media_url":"","jetpack_sharing_enabled":true,"_links":{"self":[{"href":"https:\/\/bitacora.eniac2000.com\/index.php?rest_route=\/wp\/v2\/posts\/1631","targetHints":{"allow":["GET"]}}],"collection":[{"href":"https:\/\/bitacora.eniac2000.com\/index.php?rest_route=\/wp\/v2\/posts"}],"about":[{"href":"https:\/\/bitacora.eniac2000.com\/index.php?rest_route=\/wp\/v2\/types\/post"}],"author":[{"embeddable":true,"href":"https:\/\/bitacora.eniac2000.com\/index.php?rest_route=\/wp\/v2\/users\/1"}],"replies":[{"embeddable":true,"href":"https:\/\/bitacora.eniac2000.com\/index.php?rest_route=%2Fwp%2Fv2%2Fcomments&post=1631"}],"version-history":[{"count":0,"href":"https:\/\/bitacora.eniac2000.com\/index.php?rest_route=\/wp\/v2\/posts\/1631\/revisions"}],"wp:attachment":[{"href":"https:\/\/bitacora.eniac2000.com\/index.php?rest_route=%2Fwp%2Fv2%2Fmedia&parent=1631"}],"wp:term":[{"taxonomy":"category","embeddable":true,"href":"https:\/\/bitacora.eniac2000.com\/index.php?rest_route=%2Fwp%2Fv2%2Fcategories&post=1631"},{"taxonomy":"post_tag","embeddable":true,"href":"https:\/\/bitacora.eniac2000.com\/index.php?rest_route=%2Fwp%2Fv2%2Ftags&post=1631"},{"taxonomy":"series","embeddable":true,"href":"https:\/\/bitacora.eniac2000.com\/index.php?rest_route=%2Fwp%2Fv2%2Fseries&post=1631"}],"curies":[{"name":"wp","href":"https:\/\/api.w.org\/{rel}","templated":true}]}}