{"id":1681,"date":"2009-10-28T22:22:10","date_gmt":"2009-10-28T21:22:10","guid":{"rendered":"http:\/\/bitacora.eniac2000.com\/?p=1681"},"modified":"2009-10-28T22:22:10","modified_gmt":"2009-10-28T21:22:10","slug":"fotografias-de-la-senalizacion-de-la-via-de-la-plata","status":"publish","type":"post","link":"https:\/\/bitacora.eniac2000.com\/?p=1681","title":{"rendered":"Fotograf\u00edas de la se\u00f1alizaci\u00f3n de la V\u00eda de la Plata"},"content":{"rendered":"<p>Dec\u00edamos ayer que han instalado una <a href=\"http:\/\/bitacora.eniac2000.com\/?p=1670\">nueva se\u00f1alizaci\u00f3n de la V\u00eda de la Plata<\/a> en Santiponce. Lamentablemente ayer no pude tomar ninguna fotograf\u00eda, cosa que s\u00ed he podido hacer hoy.<\/p>\n<p>Las se\u00f1ales instaladas son de dos tipos:<\/p>\n<figure id=\"attachment_1682\" aria-describedby=\"caption-attachment-1682\" style=\"width: 300px\" class=\"wp-caption alignnone\"><a href=\"http:\/\/bitacora.eniac2000.com\/wp-content\/uploads\/2009\/10\/S8003968.JPG\"><img loading=\"lazy\" decoding=\"async\" src=\"http:\/\/bitacora.eniac2000.com\/wp-content\/uploads\/2009\/10\/S8003968-300x400.jpg\" alt=\"Itinerario cultural europeo\" title=\"Itinerario cultural europeo\" width=\"300\" height=\"400\" class=\"size-medium wp-image-1682\" \/><\/a><figcaption id=\"caption-attachment-1682\" class=\"wp-caption-text\">Itinerario cultural europeo<\/figcaption><\/figure>\n<p>El primer tipo de se\u00f1alizaci\u00f3n instalada es el que advierte a los conductores de que se aproximan a un punto en el que peregrinos cruzan la calzada. Indica, adem\u00e1s, que el Camino de Santiago tiene la consideraci\u00f3n de Itinerario cultural europeo. Esta se\u00f1al en concreto se encuentra junto antes de la rotonda que hay en la N-630 despu\u00e9s de Santiponce, justo antes de la f\u00e1brica de cer\u00e1mica de La Cartuja.<\/p>\n<figure id=\"attachment_1683\" aria-describedby=\"caption-attachment-1683\" style=\"width: 300px\" class=\"wp-caption alignnone\"><a href=\"http:\/\/bitacora.eniac2000.com\/wp-content\/uploads\/2009\/10\/S8003970.JPG\"><img loading=\"lazy\" decoding=\"async\" src=\"http:\/\/bitacora.eniac2000.com\/wp-content\/uploads\/2009\/10\/S8003970-300x400.jpg\" alt=\"El Camino lleva... a todas partes\" title=\"El Camino lleva... a todas partes\" width=\"300\" height=\"400\" class=\"size-medium wp-image-1683\" \/><\/a><figcaption id=\"caption-attachment-1683\" class=\"wp-caption-text\">El Camino lleva... a todas partes<\/figcaption><\/figure>\n<p>El segundo tipo de se\u00f1al es la que indica a los peregrinos qu\u00e9 direcci\u00f3n han de tomar en intersecciones y lugares donde el camino a seguir no es obvio. Es el tipo m\u00e1s com\u00fan de se\u00f1alizaci\u00f3n. Esta se\u00f1al en concreto se encuentra en la misma rotonda indicada antes. Y valga el chiste, m\u00e1s parece que el Camino lleve a todas partes, que el que todos los caminos lleven a Roma&#8230;<\/p>\n<p>Esta se\u00f1alizaci\u00f3n, por \u00faltimo, se encuentra exclusivamente (o al menos eso creo) fuera de los n\u00facleos de poblaci\u00f3n. Dentro de ellos los peregrinos tendr\u00e1n que seguirse fiando de las placas y azulejos (donde los haya) y de las consabidas flechas amarillas.<\/p>\n<p>\u00bfCuando, algo similar a esto, en C\u00f3rdoba?<\/p>\n","protected":false},"excerpt":{"rendered":"<p>Dec\u00edamos ayer que han instalado una nueva se\u00f1alizaci\u00f3n de la<\/p>\n","protected":false},"author":1,"featured_media":0,"comment_status":"open","ping_status":"open","sticky":false,"template":"","format":"standard","meta":{"advanced_seo_description":"","jetpack_seo_html_title":"","jetpack_seo_noindex":false,"_jetpack_memberships_contains_paid_content":false,"footnotes":"","jetpack_publicize_message":"","jetpack_publicize_feature_enabled":true,"jetpack_social_post_already_shared":false,"jetpack_social_options":{"image_generator_settings":{"template":"highway","default_image_id":0,"font":"","enabled":false},"version":2}},"categories":[2,19],"tags":[1509],"series":[],"class_list":["post-1681","post","type-post","status-publish","format-standard","hentry","category-camino-de-santiago","category-via-de-la-plata","tag-senalizacion"],"jetpack_publicize_connections":[],"jetpack_featured_media_url":"","jetpack_sharing_enabled":true,"_links":{"self":[{"href":"https:\/\/bitacora.eniac2000.com\/index.php?rest_route=\/wp\/v2\/posts\/1681","targetHints":{"allow":["GET"]}}],"collection":[{"href":"https:\/\/bitacora.eniac2000.com\/index.php?rest_route=\/wp\/v2\/posts"}],"about":[{"href":"https:\/\/bitacora.eniac2000.com\/index.php?rest_route=\/wp\/v2\/types\/post"}],"author":[{"embeddable":true,"href":"https:\/\/bitacora.eniac2000.com\/index.php?rest_route=\/wp\/v2\/users\/1"}],"replies":[{"embeddable":true,"href":"https:\/\/bitacora.eniac2000.com\/index.php?rest_route=%2Fwp%2Fv2%2Fcomments&post=1681"}],"version-history":[{"count":0,"href":"https:\/\/bitacora.eniac2000.com\/index.php?rest_route=\/wp\/v2\/posts\/1681\/revisions"}],"wp:attachment":[{"href":"https:\/\/bitacora.eniac2000.com\/index.php?rest_route=%2Fwp%2Fv2%2Fmedia&parent=1681"}],"wp:term":[{"taxonomy":"category","embeddable":true,"href":"https:\/\/bitacora.eniac2000.com\/index.php?rest_route=%2Fwp%2Fv2%2Fcategories&post=1681"},{"taxonomy":"post_tag","embeddable":true,"href":"https:\/\/bitacora.eniac2000.com\/index.php?rest_route=%2Fwp%2Fv2%2Ftags&post=1681"},{"taxonomy":"series","embeddable":true,"href":"https:\/\/bitacora.eniac2000.com\/index.php?rest_route=%2Fwp%2Fv2%2Fseries&post=1681"}],"curies":[{"name":"wp","href":"https:\/\/api.w.org\/{rel}","templated":true}]}}