{"id":1717,"date":"2009-11-29T13:16:30","date_gmt":"2009-11-29T12:16:30","guid":{"rendered":"http:\/\/bitacora.eniac2000.com\/?p=1717"},"modified":"2009-11-29T13:16:30","modified_gmt":"2009-11-29T12:16:30","slug":"a-luque-muerta-luque-puesta","status":"publish","type":"post","link":"https:\/\/bitacora.eniac2000.com\/?p=1717","title":{"rendered":"A Luque muerta, Luque puesta"},"content":{"rendered":"<p>Este verano escrib\u00eda sobre el <a href=\"http:\/\/bitacora.eniac2000.com\/?p=1540\">cierre de la Librer\u00eda Luque<\/a>, una de las \u00faltimas librer\u00edas tradicionales existentes en C\u00f3rdoba, y sin duda, la m\u00e1s conocida. Cerraba la entrada con la esperanza de que se cogiera el testigo por parte de alguien, y que no se perdiera ese peque\u00f1o espacio de saber. Mi buena amiga Carmen tambi\u00e9n comentaba que ten\u00eda conocimiento de que los dependientes pensaban en abrir una nueva librer\u00eda.<\/p>\n<p>Hoy, con alegr\u00eda, he podido leer en el C\u00f3rdoba que <a href=\"http:\/\/www.diariocordoba.com\/noticias\/noticia.asp?pkid=525047\">ma\u00f1ana lunes se abrir\u00e1 la nueva librer\u00eda Luque<\/a> y que, tal y como escrib\u00eda Carmen, se abrir\u00e1 por parte de los antiguos empleados. La nueva (nueva) Luque se abrir\u00e1 en la calle Jes\u00fas y Mar\u00eda, 6, junto a las Tendillas, y partir\u00e1 con una base documental de 6.000 libros. Asimismo dispondr\u00e1 de una peque\u00f1a sala para hacer presentaciones y peque\u00f1os actos, ya que cuenta con un aforo de unas 50 personas.<\/p>\n<p>Espero acudir a la nueva (nueva) Luque en breve, y les deseo una feliz y exitosa andadura.<\/p>\n","protected":false},"excerpt":{"rendered":"<p>Este verano escrib\u00eda sobre el cierre de la Librer\u00eda Luque,<\/p>\n","protected":false},"author":1,"featured_media":0,"comment_status":"open","ping_status":"open","sticky":false,"template":"","format":"standard","meta":{"advanced_seo_description":"","jetpack_seo_html_title":"","jetpack_seo_noindex":false,"_jetpack_memberships_contains_paid_content":false,"footnotes":"","jetpack_publicize_message":"","jetpack_publicize_feature_enabled":true,"jetpack_social_post_already_shared":false,"jetpack_social_options":{"image_generator_settings":{"template":"highway","default_image_id":0,"font":"","enabled":false},"version":2}},"categories":[20],"tags":[392,979],"series":[],"class_list":["post-1717","post","type-post","status-publish","format-standard","hentry","category-vida-corriente","tag-cordoba","tag-libreria-luque"],"jetpack_publicize_connections":[],"jetpack_featured_media_url":"","jetpack_sharing_enabled":true,"_links":{"self":[{"href":"https:\/\/bitacora.eniac2000.com\/index.php?rest_route=\/wp\/v2\/posts\/1717","targetHints":{"allow":["GET"]}}],"collection":[{"href":"https:\/\/bitacora.eniac2000.com\/index.php?rest_route=\/wp\/v2\/posts"}],"about":[{"href":"https:\/\/bitacora.eniac2000.com\/index.php?rest_route=\/wp\/v2\/types\/post"}],"author":[{"embeddable":true,"href":"https:\/\/bitacora.eniac2000.com\/index.php?rest_route=\/wp\/v2\/users\/1"}],"replies":[{"embeddable":true,"href":"https:\/\/bitacora.eniac2000.com\/index.php?rest_route=%2Fwp%2Fv2%2Fcomments&post=1717"}],"version-history":[{"count":0,"href":"https:\/\/bitacora.eniac2000.com\/index.php?rest_route=\/wp\/v2\/posts\/1717\/revisions"}],"wp:attachment":[{"href":"https:\/\/bitacora.eniac2000.com\/index.php?rest_route=%2Fwp%2Fv2%2Fmedia&parent=1717"}],"wp:term":[{"taxonomy":"category","embeddable":true,"href":"https:\/\/bitacora.eniac2000.com\/index.php?rest_route=%2Fwp%2Fv2%2Fcategories&post=1717"},{"taxonomy":"post_tag","embeddable":true,"href":"https:\/\/bitacora.eniac2000.com\/index.php?rest_route=%2Fwp%2Fv2%2Ftags&post=1717"},{"taxonomy":"series","embeddable":true,"href":"https:\/\/bitacora.eniac2000.com\/index.php?rest_route=%2Fwp%2Fv2%2Fseries&post=1717"}],"curies":[{"name":"wp","href":"https:\/\/api.w.org\/{rel}","templated":true}]}}