{"id":1719,"date":"2009-11-29T17:50:34","date_gmt":"2009-11-29T16:50:34","guid":{"rendered":"http:\/\/bitacora.eniac2000.com\/?p=1719"},"modified":"2025-10-11T04:55:37","modified_gmt":"2025-10-11T02:55:37","slug":"camino-primitivo-dia-2-san-roman-de-retorta-melide","status":"publish","type":"post","link":"https:\/\/bitacora.eniac2000.com\/?p=1719","title":{"rendered":"Camino Primitivo. D\u00eda 2: San Rom\u00e1n de Retorta &#8211; Melide"},"content":{"rendered":"<div class=\"seriesmeta\">Esta entrada es la parte 3 de 6 de la serie <a href=\"https:\/\/bitacora.eniac2000.com\/?series=camino-de-santiago-2009\" class=\"series-1830\" title=\"Camino de Santiago 2009\">Camino de Santiago 2009<\/a><\/div><p>Nuestra segunda etapa del Camino Primitivo empez\u00f3, de nuevo, con una ma\u00f1ana fr\u00eda y gris, m\u00e1s propia de un oto\u00f1o que de pleno verano. A\u00fan no eran las ocho de la ma\u00f1ana cuando esper\u00e1bamos en la gasolinera a que nos llevaran de vuelta a San Rom\u00e1n para retomar nuestro caminar. Mientras tanto, nos proteg\u00edamos del fr\u00edo en el bar de la gasolinera, degustando nuestros desayunos a base de c\u00e1fe, caf\u00e9 con leche y cola-cao.<\/p>\n<figure class=\"wp-block-piwigo-gallery-single-image piwigo-single-image\"><a href=\"https:\/\/www.eniac2000.com\/piwigo\/picture.php?\/3818\" target=\"_blank\" rel=\"noopener noreferrer\"><img decoding=\"async\" src=\"https:\/\/www.eniac2000.com\/piwigo\/_data\/i\/galleries\/albums\/2009-08-camino-primitivo\/dia2\/101_0064-me.JPG\" alt=\"101 0064\" \/><\/a><figcaption><strong>101 0064<\/strong><\/figcaption><\/figure>\n<p>Una vez en San Rom\u00e1n, se nos plantearon dos alternativas: existen dos posibles trazados del Camino. El primero de ellos es el oficial, se\u00f1alado con los consabidos mojones del Camino. El segundo, se\u00f1alizado con flechas amarillas, corresponde al itinerario de la antigua calzada romana, a\u00fan visible en algunos tramos. Fue este \u00faltimo, por su valor hist\u00f3rico y por el hecho de que tiene m\u00e1s recorrido fuera de carreteras, el que decidimos tomar.<\/p>\n<p>Apenas un kil\u00f3metro despu\u00e9s de San Rom\u00e1n, tomamos una pista forestal que sal\u00eda a nuesta izquierda. Por primera vez en nuestro caminar abandon\u00e1bamos el asfalto y nos intern\u00e1bamos en las primeras frondas del bosque gallego que, como siempre, nos recompensaba con estambas de gran belleza:<\/p>\n<figure class=\"wp-block-piwigo-gallery-single-image piwigo-single-image\"><a href=\"https:\/\/www.eniac2000.com\/piwigo\/picture.php?\/3821\" target=\"_blank\" rel=\"noopener noreferrer\"><img decoding=\"async\" src=\"https:\/\/www.eniac2000.com\/piwigo\/_data\/i\/galleries\/albums\/2009-08-camino-primitivo\/dia2\/101_0067-me.JPG\" alt=\"101 0067\" \/><\/a><figcaption><strong>101 0067<\/strong><\/figcaption><\/figure>\n<p>No mucho despu\u00e9s pasamos por el albergue de San Rom\u00e1n. \u00c9ste se encuentra en mitad de la floresta, y es de peque\u00f1a capacidad. Se encuentra alejado del propio San Rom\u00e1n, y apenas cercano a un grupo de casitas, sin m\u00e1s servicios que el conversar de los vecinos.<\/p>\n<p>Seguimos avanzando por un terreno de perfil quebrado, con abundantes subidas y bajadas, todas ellas cortas, y cruzando alg\u00fan que otro riachuelo. Atravesamos las poblaciones de Burgo de Negral y Vilacarpide, en fuerte ascenso. Coronamos un peque\u00f1o alto, que nos permiti\u00f3 contemplar el paisaje lucense que se extend\u00eda ante nosotros.<\/p>\n<figure class=\"wp-block-piwigo-gallery-single-image piwigo-single-image\"><a href=\"https:\/\/www.eniac2000.com\/piwigo\/picture.php?\/3823\" target=\"_blank\" rel=\"noopener noreferrer\"><img decoding=\"async\" src=\"https:\/\/www.eniac2000.com\/piwigo\/_data\/i\/galleries\/albums\/2009-08-camino-primitivo\/dia2\/101_0069-me.JPG\" alt=\"101 0069\" \/><\/a><figcaption><strong>101 0069<\/strong><\/figcaption><\/figure>\n<p>Al frente, al filo del horizonte, pudimos contemplar la zona de aerogeneradores existente junto al alto de Cascarri\u00f1o. En alg\u00fan momento, a lo largo de nuestra jornada, tendr\u00edamos que cruzar por all\u00ed. Pero a\u00fan se encontraba bastante lejos como para pensar demasiado en ello.<\/p>\n<p>Bajamos el peque\u00f1o alto para seguir con ligeras subidas y bajadas, que nos llevaron a Pacio, y posteriormente, a las cercan\u00edas de A Riveira, para, unos 500 metros despu\u00e9s, llegar a la que fue nuestra primera parada del d\u00eda: el puente romano de Mosteiro. Hab\u00edamos completado el primer tercio de la etapa, y a\u00fan no hab\u00edamos alcanzado -por escasos minutos- las diez de la ma\u00f1ana.<\/p>\n<figure class=\"wp-block-piwigo-gallery-single-image piwigo-single-image\"><a href=\"https:\/\/www.eniac2000.com\/piwigo\/picture.php?\/3829\" target=\"_blank\" rel=\"noopener noreferrer\"><img decoding=\"async\" src=\"https:\/\/www.eniac2000.com\/piwigo\/_data\/i\/galleries\/albums\/2009-08-camino-primitivo\/dia2\/101_0075-me.JPG\" alt=\"101 0075\" \/><\/a><figcaption><strong>101 0075<\/strong><\/figcaption><\/figure>\n<p>No era cuesti\u00f3n de enfriarse demasiado. Quince minutos despu\u00e9s continu\u00e1bamos con la etapa, que nos deparaba una sorpresa: el primer tramo restaurado de la v\u00eda romana se encontraba, en ascenso, ante nosotros. Hasta ese momento, salvedad hecha del puente romano, apenas nos hab\u00edamos encontrado con leves vestigios, m\u00e1s alla del propio trazado de la v\u00eda en s\u00ed. Se trataba, cierto es, de una restauraci\u00f3n, pero no por ello dejaba de ser enternecedor.<\/p>\n<figure class=\"wp-block-piwigo-gallery-single-image piwigo-single-image\"><a href=\"https:\/\/www.eniac2000.com\/piwigo\/picture.php?\/3831\" target=\"_blank\" rel=\"noopener noreferrer\"><img decoding=\"async\" src=\"https:\/\/www.eniac2000.com\/piwigo\/_data\/i\/galleries\/albums\/2009-08-camino-primitivo\/dia2\/101_0077-me.JPG\" alt=\"101 0077\" \/><\/a><figcaption><strong>101 0077<\/strong><\/figcaption><\/figure>\n<p>Los siguientes siete kil\u00f3metros fuimos alternando zonas de asfalto con zonas en las que pis\u00e1bamos camino. Pasamos, con frecuentes subidas y bajadas, las poblaciones de Leboreira, Augas Santas, Merl\u00e1n y As Seixas, pasando por varios arroyos, zonas m\u00e1s pobladas, y alguna que otra corredoira.<\/p>\n<figure class=\"wp-block-piwigo-gallery-single-image piwigo-single-image\"><a href=\"https:\/\/www.eniac2000.com\/piwigo\/picture.php?\/3849\" target=\"_blank\" rel=\"noopener noreferrer\"><img decoding=\"async\" src=\"https:\/\/www.eniac2000.com\/piwigo\/_data\/i\/galleries\/albums\/2009-08-camino-primitivo\/dia2\/101_0095-me.JPG\" alt=\"101 0095\" \/><\/a><figcaption><strong>101 0095<\/strong><\/figcaption><\/figure>\n<p>De cuando en cuando lleg\u00e1bamos a alguna de las poblaciones anteriores, donde era posible encontrar un peque\u00f1o cementerio, y una bonita iglesia rom\u00e1nica.<\/p>\n<figure class=\"wp-block-piwigo-gallery-single-image piwigo-single-image\"><a href=\"https:\/\/www.eniac2000.com\/piwigo\/picture.php?\/3851\" target=\"_blank\" rel=\"noopener noreferrer\"><img decoding=\"async\" src=\"https:\/\/www.eniac2000.com\/piwigo\/_data\/i\/galleries\/albums\/2009-08-camino-primitivo\/dia2\/101_0097-me.JPG\" alt=\"101 0097\" \/><\/a><figcaption><strong>101 0097<\/strong><\/figcaption><\/figure>\n<p>Sin embargo, para m\u00ed el mejor momento fue cuando entramos en una corredoira donde pudimos ver la propia v\u00eda romana, encerrada en una trinchera del terreno, y en la que eran visibles las marcas de las ruedas de carro, labradas a lo largo de centurias. Nada m\u00e1s que por ello, todo el viaje hab\u00eda merecido la pena.<\/p>\n<figure class=\"wp-block-piwigo-gallery-single-image piwigo-single-image\"><a href=\"https:\/\/www.eniac2000.com\/piwigo\/picture.php?\/3855\" target=\"_blank\" rel=\"noopener noreferrer\"><img decoding=\"async\" src=\"https:\/\/www.eniac2000.com\/piwigo\/_data\/i\/galleries\/albums\/2009-08-camino-primitivo\/dia2\/101_0101-me.JPG\" alt=\"101 0101\" \/><\/a><figcaption><strong>101 0101<\/strong><\/figcaption><\/figure>\n<figure class=\"wp-block-piwigo-gallery-single-image piwigo-single-image\"><a href=\"https:\/\/www.eniac2000.com\/piwigo\/picture.php?\/3858\" target=\"_blank\" rel=\"noopener noreferrer\"><img decoding=\"async\" src=\"https:\/\/www.eniac2000.com\/piwigo\/_data\/i\/galleries\/albums\/2009-08-camino-primitivo\/dia2\/101_0104-me.JPG\" alt=\"101 0104\" \/><\/a><figcaption><strong>101 0104<\/strong><\/figcaption><\/figure>\n<p>Poco despu\u00e9s de As Seixas comenzamos el verdadero reto de la jornada: el ascenso al alto de Cascarri\u00f1o. Este a\u00f1to. situado a 2\/3 de la etapa, marcaba el punto m\u00e1s elevado de nuestro recorrido, con unos 700 m. de altitud sobre el nivel del mar. Hasta entonces hab\u00edamos estado rondando los 500-600 m. de elevaci\u00f3n. La parte principal del ascenso, de unos dos kil\u00f3metros, nos iba a hacer subir unos 120 metros. Fue en esta parte donde pudimos tomar algunas de las estampas m\u00e1s preciosas de la jornada:<\/p>\n<figure class=\"wp-block-piwigo-gallery-single-image piwigo-single-image\"><a href=\"https:\/\/www.eniac2000.com\/piwigo\/picture.php?\/3866\" target=\"_blank\" rel=\"noopener noreferrer\"><img decoding=\"async\" src=\"https:\/\/www.eniac2000.com\/piwigo\/_data\/i\/galleries\/albums\/2009-08-camino-primitivo\/dia2\/101_0112-me.JPG\" alt=\"101 0112\" \/><\/a><figcaption><strong>101 0112<\/strong><\/figcaption><\/figure>\n<p>Llegados a la aldea de Cascarri\u00f1o, a media subida, hicimos la segunda parada del d\u00eda. Aldea, por cierto, por la que pasamos dos veces, ya que perdimos una indicaci\u00f3n que conduce al alto, y volvimos a bajar a una bifurcaci\u00f3n a la entrada del pueblo. Una vez subsanado el error, tomamos, en fuerte ascenso, el camino que lleva al alto, y a la \u00faltima poblaci\u00f3n antes de empezar el descenso hacia Melide, o Hospital.<\/p>\n<figure class=\"wp-block-piwigo-gallery-single-image piwigo-single-image\"><a href=\"https:\/\/www.eniac2000.com\/piwigo\/picture.php?\/3870\" target=\"_blank\" rel=\"noopener noreferrer\"><img decoding=\"async\" src=\"https:\/\/www.eniac2000.com\/piwigo\/_data\/i\/galleries\/albums\/2009-08-camino-primitivo\/dia2\/101_0116-me.JPG\" alt=\"101 0116\" \/><\/a><figcaption><strong>101 0116<\/strong><\/figcaption><\/figure>\n<p>Camino de O Hospital nos topamos con un curioso h\u00f3rreo. Por tradici\u00f3n, los h\u00f3rreos en Galicia se ven decorados en sus extremos por dos elementos: el primero de ellos es una cruz, para pedir bendiciones sobre la familia, y el segundo de ellos es una piedra aguzada en forma de pincho, para que las brujas malvadas se claven en ellos al intentar robar el contenido del h\u00f3rreo. \u00c9ste en concreto, ten\u00eda ambos elementos en s\u00f3lo uno de sus extremos, motivado (aparentemente) por un derrumbe en el otro:<\/p>\n<figure class=\"wp-block-piwigo-gallery-single-image piwigo-single-image\"><a href=\"https:\/\/www.eniac2000.com\/piwigo\/picture.php?\/3878\" target=\"_blank\" rel=\"noopener noreferrer\"><img decoding=\"async\" src=\"https:\/\/www.eniac2000.com\/piwigo\/_data\/i\/galleries\/albums\/2009-08-camino-primitivo\/dia2\/101_0124-me.JPG\" alt=\"101 0124\" \/><\/a><figcaption><strong>101 0124<\/strong><\/figcaption><\/figure>\n<p>En O Hospital hicimos la parada principal el d\u00eda. A la salida de la aldea, y justo antes de llegar a la cima del puerto, existe un parquecito habilitado con mesas y asientos de piedra, perfectos para un merendero. All\u00ed paramos, al filo de la una de la tarde. Trabamos conversaci\u00f3n con un peregrino jiennense, y al poco de partir, enlazamos con un grupo de peregrinos granadinos, estudiantes de un colegio religioso, a los que acompa\u00f1aba una misionera australiana. Un grupo ciertamente peculiar.<\/p>\n<p>La bajada desde el alto de Cascarri\u00f1a hasta Vilamor es ciertamente abrupta, tanto por su recorrido por corredoiras como por asfalto. Huelga decir que la parte m\u00e1s bonita es la primera:<\/p>\n<figure class=\"wp-block-piwigo-gallery-single-image piwigo-single-image\"><a href=\"https:\/\/www.eniac2000.com\/piwigo\/picture.php?\/3884\" target=\"_blank\" rel=\"noopener noreferrer\"><img decoding=\"async\" src=\"https:\/\/www.eniac2000.com\/piwigo\/_data\/i\/galleries\/albums\/2009-08-camino-primitivo\/dia2\/101_0130-me.JPG\" alt=\"101 0130\" \/><\/a><figcaption><strong>101 0130<\/strong><\/figcaption><\/figure>\n<p>Una vez en Vilamor hay que superar un nuevo repecho, para luego continuar, tras un breve descenso, pr\u00e1cticamente en llano hasta Melide. Esos d\u00edas alguna de las poblaciones cercanas se hallaba en fiestas, ya que el ruido de cohetes y el espantoso estruendo de una charanga se extend\u00eda por todo el valle, tortur\u00e1ndonos en mayor medida que los casi 25 kil\u00f3metros que llev\u00e1bamos recorridos en la jornada.<\/p>\n<p>Los \u00faltimos cinco kil\u00f3metros hasta Melide fueron, sin lugar a dudas, los m\u00e1s duros, y no por el recorrido, que como ya he comentado, era pr\u00e1cticamente plano. Se sumaba al cansancio acumulado las ganas de llegar, y el inc\u00f3modo asfalto que machacaba nuestros pies. Pero al fin, aproximadamente a las cuatro de la tarde, llegamos a Melide, y a nuestro hotel, la Pousada Chiquit\u00edn.<\/p>\n<p>Era un lugar que ya conoc\u00eda, de haber cenado all\u00ed con Fran en 2007, durante nuestro <a href=\"http:\/\/bitacora.eniac2000.com\/?p=606\">recorrido en bici por el Camino Franc\u00e9s<\/a>. En el hotel nos vimos abocado a una dura prueba: nuestra habitaci\u00f3n se encontraba en la tercera planta, y no ten\u00edamos ascensor.<\/p>\n<p>Tras una op\u00edpara comida en la misma posada, empleamos la tarde visitando Melide, poblaci\u00f3n llena de vida, y a la que la masiva presencia de peregrinos en esos d\u00edas veraniegos dotaba de un colorido especial.<\/p>\n<p>Menci\u00f3n especial merece la visita a la iglesia rom\u00e1nica de Santa Mar\u00eda de Melide, as\u00ed como sus maravillosos frescos:<\/p>\n<figure class=\"wp-block-piwigo-gallery-single-image piwigo-single-image\"><a href=\"https:\/\/www.eniac2000.com\/piwigo\/picture.php?\/3910\" target=\"_blank\" rel=\"noopener noreferrer\"><img decoding=\"async\" src=\"https:\/\/www.eniac2000.com\/piwigo\/_data\/i\/galleries\/albums\/2009-08-camino-primitivo\/dia2\/101_0156-me.JPG\" alt=\"101 0156\" \/><\/a><figcaption><strong>101 0156<\/strong><\/figcaption><\/figure>\n<p>Esa noche cenamos a base de empanada en una plaza cercana al hotel, antes de dejar preparado el equipaje para emprender a la ma\u00f1ana siguiente la tercera etapa de nuestro caminar. Est\u00e1bamos en el ecuador de nuestro Camino, si bien el recorrido por el Camino Primitivo hab\u00eda llegado a su fin. El resto del viaje hasta Santiago lo realizar\u00edamos por el Camino Franc\u00e9s, mucho m\u00e1s transitado. \u00bfQu\u00e9 nos deparar\u00edan las dos jornadas postreras?<\/p>\n","protected":false},"excerpt":{"rendered":"<div class=\"seriesmeta\">Esta entrada es la parte 3 de 6 de la serie <a href=\"https:\/\/bitacora.eniac2000.com\/?series=camino-de-santiago-2009\" class=\"series-1830\" title=\"Camino de Santiago 2009\">Camino de Santiago 2009<\/a><\/div><p>Nuestra segunda etapa del Camino Primitivo empez\u00f3, de nuevo, con<\/p>\n","protected":false},"author":1,"featured_media":0,"comment_status":"open","ping_status":"open","sticky":false,"template":"","format":"standard","meta":{"advanced_seo_description":"","jetpack_seo_html_title":"","jetpack_seo_noindex":false,"_jetpack_memberships_contains_paid_content":false,"footnotes":"","jetpack_publicize_message":"","jetpack_publicize_feature_enabled":true,"jetpack_social_post_already_shared":false,"jetpack_social_options":{"image_generator_settings":{"template":"highway","default_image_id":0,"font":"","enabled":false},"version":2}},"categories":[2,7],"tags":[93,298,697,1058,1443,1485,1705],"series":[1830],"class_list":["post-1719","post","type-post","status-publish","format-standard","hentry","category-camino-de-santiago","category-camino-primitivo-camino-de-santiago","tag-alto-de-cascarrino","tag-camino-primitivo","tag-frescos","tag-melide","tag-romanico","tag-san-roman-de-retorta","tag-via-romana","series-camino-de-santiago-2009"],"jetpack_publicize_connections":[],"jetpack_featured_media_url":"","jetpack_sharing_enabled":true,"_links":{"self":[{"href":"https:\/\/bitacora.eniac2000.com\/index.php?rest_route=\/wp\/v2\/posts\/1719","targetHints":{"allow":["GET"]}}],"collection":[{"href":"https:\/\/bitacora.eniac2000.com\/index.php?rest_route=\/wp\/v2\/posts"}],"about":[{"href":"https:\/\/bitacora.eniac2000.com\/index.php?rest_route=\/wp\/v2\/types\/post"}],"author":[{"embeddable":true,"href":"https:\/\/bitacora.eniac2000.com\/index.php?rest_route=\/wp\/v2\/users\/1"}],"replies":[{"embeddable":true,"href":"https:\/\/bitacora.eniac2000.com\/index.php?rest_route=%2Fwp%2Fv2%2Fcomments&post=1719"}],"version-history":[{"count":1,"href":"https:\/\/bitacora.eniac2000.com\/index.php?rest_route=\/wp\/v2\/posts\/1719\/revisions"}],"predecessor-version":[{"id":10983,"href":"https:\/\/bitacora.eniac2000.com\/index.php?rest_route=\/wp\/v2\/posts\/1719\/revisions\/10983"}],"wp:attachment":[{"href":"https:\/\/bitacora.eniac2000.com\/index.php?rest_route=%2Fwp%2Fv2%2Fmedia&parent=1719"}],"wp:term":[{"taxonomy":"category","embeddable":true,"href":"https:\/\/bitacora.eniac2000.com\/index.php?rest_route=%2Fwp%2Fv2%2Fcategories&post=1719"},{"taxonomy":"post_tag","embeddable":true,"href":"https:\/\/bitacora.eniac2000.com\/index.php?rest_route=%2Fwp%2Fv2%2Ftags&post=1719"},{"taxonomy":"series","embeddable":true,"href":"https:\/\/bitacora.eniac2000.com\/index.php?rest_route=%2Fwp%2Fv2%2Fseries&post=1719"}],"curies":[{"name":"wp","href":"https:\/\/api.w.org\/{rel}","templated":true}]}}