{"id":1784,"date":"2010-01-09T14:41:18","date_gmt":"2010-01-09T13:41:18","guid":{"rendered":"http:\/\/bitacora.eniac2000.com\/?p=1784"},"modified":"2025-10-11T04:55:44","modified_gmt":"2025-10-11T02:55:44","slug":"camino-primitivo-dia-3-melide-arca","status":"publish","type":"post","link":"https:\/\/bitacora.eniac2000.com\/?p=1784","title":{"rendered":"Camino Primitivo. D\u00eda 3: Melide &#8211; Arca"},"content":{"rendered":"<div class=\"seriesmeta\">Esta entrada es la parte 4 de 6 de la serie <a href=\"https:\/\/bitacora.eniac2000.com\/?series=camino-de-santiago-2009\" class=\"series-1830\" title=\"Camino de Santiago 2009\">Camino de Santiago 2009<\/a><\/div><p>Nuestra tercera etapa la iniciamos el lunes 10 de agosto. En cierto sentido, era (al menos para mi padre y para m\u00ed) un camino ya conocido. No en balde circul\u00e1bamos ya por el Camino Franc\u00e9s, que ambos hab\u00edamos recorrido ya, en 2007. En mi caso, cierto es, lo hab\u00eda efectuado en bici de monta\u00f1a, por lo cual las sensaciones iban a ser algo diferentes. Pero no podr\u00eda, durante los dos d\u00edas que nos quedaban, hurtarme a la sensaci\u00f3n de que lo que nos quedaba era algo ya superado. Lo cual, a la postre, se demostr\u00f3 como un grave error de c\u00e1lculo. Pero no adelantemos acontecimientos.<\/p>\n<p>A diferencia de los dos d\u00edas anteriores, la ma\u00f1ana de la tercera etapa se mostraba clara y despejada. Un impresionante sol nos salud\u00f3 a la salida del hotel, y pudimos comenzar la ma\u00f1ana sin tener que preocuparnos, por vez primera, por el fr\u00edo y la posibilidad de la lluvia. Era todo un avance. Sin embargo, el hecho de encontrarnos ya en el Camino Franc\u00e9s trajo aparejado, como era de prever, un enorme incremento de la cantidad de peregrinos que acompa\u00f1aban nuestro caminar. Se hab\u00eda acabado el paseo solitario por las florestas, quebradas y selvas gallegas, y hab\u00edamos llegado a una especie de carrera popular. Dadas las fechas, era m\u00e1s que previsible.<\/p>\n<p>A la salida de Melide volvimos a pasar junto a la iglesia de Santa Mar\u00eda de Melide. Desde all\u00ed, primero por carretera, y luego por pista, alcanzamos un bosque de eucaliptos, en el que nos encontramos el primer accidente geogr\u00e1fico de la jornada, que ya estaba esperando: el cruce de un peque\u00f1o riachuelo que serv\u00eda de aperitivo a la primera pared del d\u00eda. El riachuelo se cruza sobre unos grandes bloques de piedra que est\u00e1n depositado en su cauce. Recuerdo que con la bici fue un poco arduo de cruzar. A pie, sin embargo, no presentaba mayor problema, si bien tuvimos que echar una mano a una peregrina que iba arrastrando una especie de carrito con ruedas sobre el que llevaba la mochila.<\/p>\n<figure class=\"wp-block-piwigo-gallery-single-image piwigo-single-image\"><a href=\"https:\/\/www.eniac2000.com\/piwigo\/picture.php?\/3926\" target=\"_blank\" rel=\"noopener noreferrer\"><img decoding=\"async\" src=\"https:\/\/www.eniac2000.com\/piwigo\/_data\/i\/galleries\/albums\/2009-08-camino-primitivo\/dia3\/101_0173-me.JPG\" alt=\"101 0173\" \/><\/a><figcaption><strong>101 0173<\/strong><\/figcaption><\/figure>\n<p>La cuesta posterior, como era de esperar, supuso un desaf\u00edo para las piernas a\u00fan fr\u00edas del d\u00eda, pero pudimos salvarla sin demasiado inconveniente, pero con mucha paciencia.<\/p>\n<p>A unos 5 kil\u00f3metros de Melide se encuentra la aldea de Boente de Arriba. Esta localidad, aparte de contar con una bonita iglesia dedicada a Santiago, ofrece al peregrino la magn\u00edfica fuente de la Saleta, que permite refrescarse, y proporciona una maravillosa excusa para detenerse a reponer fuerzas.<\/p>\n<figure class=\"wp-block-piwigo-gallery-single-image piwigo-single-image\"><a href=\"https:\/\/www.eniac2000.com\/piwigo\/picture.php?\/3930\" target=\"_blank\" rel=\"noopener noreferrer\"><img decoding=\"async\" src=\"https:\/\/www.eniac2000.com\/piwigo\/_data\/i\/galleries\/albums\/2009-08-camino-primitivo\/dia3\/101_0177-me.JPG\" alt=\"101 0177\" \/><\/a><figcaption><strong>101 0177<\/strong><\/figcaption><\/figure>\n<p>El camino contin\u00faa en las inmediaciones de la N-547, con la que se cruza en innumerables ocasiones. El perfil, que sobre el papel no deber\u00eda ofrecer demasiadas complicaciones, pese a ser un cont\u00ednuo sube-y-baja, en la realidad guarda m\u00e1s de una sorpresa, en forma de vertiginosas bajadas seguidas de duras subidas. Algo que, pese a que ya me era conocido de la etapa de 2007, no dejaba de sorprender, por el diferente enfoque que obligaba el hecho de ir a pie. No se pod\u00eda obviar, tampoco, la gran cantidad de torrentes de agua junto a los que \u00edbamos pasando. Cierto es que estaba siendo un verano particularmente h\u00famedo en Galicia, pero no dejaba de llamarte la atenci\u00f3n que un simple desaguadero de una carretera nacional se convirtiera en todo un arroyo de monta\u00f1a:<\/p>\n<figure class=\"wp-block-piwigo-gallery-single-image piwigo-single-image\"><a href=\"https:\/\/www.eniac2000.com\/piwigo\/picture.php?\/3942\" target=\"_blank\" rel=\"noopener noreferrer\"><img decoding=\"async\" src=\"https:\/\/www.eniac2000.com\/piwigo\/_data\/i\/galleries\/albums\/2009-08-camino-primitivo\/dia3\/101_0189-me.JPG\" alt=\"101 0189\" \/><\/a><figcaption><strong>101 0189<\/strong><\/figcaption><\/figure>\n<p>Hacia el kil\u00f3metro 10, y tras una fuerte bajada por carretera, se llega a la ribera del r\u00edo Iso. Junto al r\u00edo, como su propio nombre indica, se encuentra el pueblecido de Ribadiso de Abaixo, que cuenta con un buen, aunque peque\u00f1o, albergue.<\/p>\n<figure class=\"wp-block-piwigo-gallery-single-image piwigo-single-image\"><a href=\"https:\/\/www.eniac2000.com\/piwigo\/picture.php?\/3947\" target=\"_blank\" rel=\"noopener noreferrer\"><img decoding=\"async\" src=\"https:\/\/www.eniac2000.com\/piwigo\/_data\/i\/galleries\/albums\/2009-08-camino-primitivo\/dia3\/101_0194-me.JPG\" alt=\"101 0194\" \/><\/a><figcaption><strong>101 0194<\/strong><\/figcaption><\/figure>\n<p>Aparte de ser enormemente un nombre enormemente descriptivo en lo relativo a la ubicaci\u00f3n del pueblo junto al r\u00edo, tambi\u00e9n resulta, por desgracia, totalmente ajustado en la realidad en lo de \u00ababaixo\u00bb. Tras una nueva pausa para reponer fuerzas, nos dispusimos a afrontar la subida hasta Arz\u00faa, que se extiende a lo largo de 4 kil\u00f3metros, que son especialmente duros justo a la salida de Ribadiso. Esa subida nos dej\u00f3 grabadas algunas im\u00e1genes estremecedoras en la retina: desde la propia serpiente multicolor de peregrinos que se extend\u00eda hasta donde alcanzaba la vista, hasta la asombrosa mochila andante. Hay quien dice que debajo de ella hab\u00eda una italiana <em>tropo piccola<\/em>. En mi caso, lo \u00fanico que puedo asegurar es que lo \u00fanico que alcanc\u00e9 a ver fue una enorme mochila de alpinista de la que sal\u00edan sendas botas que parec\u00edan andar de manera aut\u00f3noma, aunque terriblemente desacompasadas. La mochila, eso s\u00ed, rezongaba de cuando en cuando maldiciones en italiano.<\/p>\n<p>Llegamos a Arz\u00faa, nuestra primera gran parada del dia, sobre las 11 de la ma\u00f1ana. Llev\u00e1bamos una media de unos 5 km\/h, y ya hab\u00edamos dado cuenta de unos 14 km. de etapa. Tocaba, esta vez, dar cuenta de un buen tentempi\u00e9 a base de tostadas, descansar un rato, y ver la vida (o los peregrinos) pasar junto a nuestro otero en forma de mesa de bar. Un reposo del guerrero tan bueno como cualquier otro.<\/p>\n<figure class=\"wp-block-piwigo-gallery-single-image piwigo-single-image\"><a href=\"https:\/\/www.eniac2000.com\/piwigo\/picture.php?\/3948\" target=\"_blank\" rel=\"noopener noreferrer\"><img decoding=\"async\" src=\"https:\/\/www.eniac2000.com\/piwigo\/_data\/i\/galleries\/albums\/2009-08-camino-primitivo\/dia3\/101_0195-me.JPG\" alt=\"101 0195\" \/><\/a><figcaption><strong>101 0195<\/strong><\/figcaption><\/figure>\n<p>Tras una media hora de descanso, reemprendimos nuestro camino. No abandonamos Arz\u00faa sin visitar la bonita iglesia de San Pedro de Lema, junto a la que se encuentra el albergue de peregrinos.<\/p>\n<figure class=\"wp-block-piwigo-gallery-single-image piwigo-single-image\"><a href=\"https:\/\/www.eniac2000.com\/piwigo\/picture.php?\/3951\" target=\"_blank\" rel=\"noopener noreferrer\"><img decoding=\"async\" src=\"https:\/\/www.eniac2000.com\/piwigo\/_data\/i\/galleries\/albums\/2009-08-camino-primitivo\/dia3\/101_0198-me.JPG\" alt=\"101 0198\" \/><\/a><figcaption><strong>101 0198<\/strong><\/figcaption><\/figure>\n<p>Nos quedaban 19 kil\u00f3metros de etapa hasta Arca. Si hasta entonces el trazado hab\u00eda sido molesto por la sucesi\u00f3n de subidas y bajadas, desde aqu\u00ed iba a ser a\u00fan peor. Segu\u00eda habiendo esa misma sucesi\u00f3n, pero con pendientes m\u00e1s acusadas. Adem\u00e1s, para complicar el d\u00eda, est\u00e1bamos empezando a sufrir un calor desacostumbrado para la zona. Parec\u00eda que todo el calor que hab\u00eda faltado en los dos d\u00edas previos nos lo estuvieran devolviendo de una tacada, con intereses acumulados.<\/p>\n<figure class=\"wp-block-piwigo-gallery-single-image piwigo-single-image\"><a href=\"https:\/\/www.eniac2000.com\/piwigo\/picture.php?\/3952\" target=\"_blank\" rel=\"noopener noreferrer\"><img decoding=\"async\" src=\"https:\/\/www.eniac2000.com\/piwigo\/_data\/i\/galleries\/albums\/2009-08-camino-primitivo\/dia3\/101_0199-me.JPG\" alt=\"101 0199\" \/><\/a><figcaption><strong>101 0199<\/strong><\/figcaption><\/figure>\n<p>Sin embargo la etapa a\u00fan nos dejaba momentos agradables, y rincones escondidos, en los que nos permit\u00eda disfrutar del frescor de una corredoira. Lamentablemente no \u00edbamos a disfrutar de muchos momentos as\u00ed.<\/p>\n<p>Al filo de las dos de la tarde llegamos al pueblo de Ferreiras. Sospechosamente oculto en mitad de la nada, pero perfectamente a mano del Camino se encuentra el garito donde paramos a comer, el caf\u00e9-bar Lino. Agradable a la vista, no tengo que decir lo mismo de la calidad del servicio. Copas calientes, vino caliente, refrescos calientes y ausencia de hielo. Y para colmo, lo \u00fanico que deber\u00eda de haber estado caliente, que era la empanada, estaba&#8230; fr\u00eda. Con espanto llegamos a los postres, a base de helado. Se hab\u00edan derretido. Optamos por tom\u00e1rnoslo a cachondeo, y con buen humor, abandonamos aquel tugurio para nunca volver. <\/p>\n<p>Pasadas las dos y media atraves\u00e1bamos la aldea de Calle. Recordaba esta bonita poblaci\u00f3n por uno de sus elementos m\u00e1s distintivos: un h\u00f3rreo que estaba emplazado sobre el propio Camino, y bajo el que hab\u00eda que cruzar para seguir caminando. En 2007 luc\u00eda as\u00ed:<\/p>\n<figure class=\"wp-block-piwigo-gallery-single-image piwigo-single-image\"><a href=\"https:\/\/www.eniac2000.com\/piwigo\/picture.php?\/1230\" target=\"_blank\" rel=\"noopener noreferrer\"><img decoding=\"async\" src=\"https:\/\/www.eniac2000.com\/piwigo\/_data\/i\/galleries\/albums\/2007-04-camino-frances\/fotografias-javi\/DSC08604-me.JPG\" alt=\"DSC08604\" \/><\/a><figcaption><strong>DSC08604<\/strong><\/figcaption><\/figure>\n<p>Cu\u00e1l fue mi sorpresa cuando nos lo encontramos as\u00ed en 2009:<\/p>\n<figure class=\"wp-block-piwigo-gallery-single-image piwigo-single-image\"><a href=\"https:\/\/www.eniac2000.com\/piwigo\/picture.php?\/3954\" target=\"_blank\" rel=\"noopener noreferrer\"><img decoding=\"async\" src=\"https:\/\/www.eniac2000.com\/piwigo\/_data\/i\/galleries\/albums\/2009-08-camino-primitivo\/dia3\/101_0201-me.JPG\" alt=\"101 0201\" \/><\/a><figcaption><strong>101 0201<\/strong><\/figcaption><\/figure>\n<p>No es que su aspecto fuera demasiado bueno en 2007. Estaba claro que se conservaba mucho mejor en mi recuerdo de c\u00f3mo era en la realidad, pero lo que nunca hubiera sospechado es que los propietarios permitieran que se viniera abajo. A juzgar por los cascotes a\u00fan existentes en la calzada, se hab\u00eda venido abajo en fechas recientes. Una aut\u00e9ntica l\u00e1stima.<\/p>\n<p>Pasada Calle, llegamos a Salceda. A partir de esta poblaci\u00f3n el Camino empezaba a alternar tramos de camino con largas caminatas por alfalto. Desde luego, era la peor hora del d\u00eda para ello. No en balde el protector solar no tard\u00f3 en hacer acto de presencia.<\/p>\n<p>Poco hay que contar del Camino hasta pr\u00e1cticamente Santa Irene, la aldea anterior a Arca: mucha subida, mucha bajada, y demasiado asfalto. El final de la etapa se nos estaba atragantando de mala manera. Tanto es as\u00ed, que a punto estuvimos de arrojar la toalla y finalizar la etapa en el albergue de peregrinos de Santa Irene. Sin embargo, decidimos continuar.<\/p>\n<p>Llegamos a Arca al filo de las 16:30 h., no sin antes tener una enorme sorpresa. Justo a la entrada de Arca, cuando \u00edbamos ya en busca y captura del bar BuleBic, a cuyo due\u00f1o hab\u00edamos alquilado un apartamento para hacer noche, nos encontramos de frente, volviendo del pueblo&#8230; \u00a1a mi t\u00eda Lourdes! Sab\u00edamos que ella y mi t\u00edo Manolo estaban realizando tambi\u00e9n el camino en esas fechas, pero nunca me hubiera podido imaginar que coincidir\u00edamos justo antes de llegar a Santiago. Estuvimos un rato de palique, antes de reemprender la marcha y la b\u00fasqueda de nuestra parada, que encontramos no mucho despu\u00e9s.<\/p>\n<p>El apartamento, como no pod\u00eda ser menos, se encontraba en una primera planta, aunque por suerte contaba con ascensor. Nada m\u00e1s llegar, nos derrumbamos en las camas, aunque no dejamos pasar mucho tiempo antes de las consabidas duchas y las friegas con alcohol de romero. La etapa hab\u00eda sido dur\u00edsima, y no deb\u00edamos descuidar esos aspectos de <em>mantenimiento<\/em>. Ana fue, probablemente, la que m\u00e1s lo sufri\u00f3, pues a los calambres de la caminata vio sumada una leve insolaci\u00f3n, que la hizo permanecer todo el d\u00eda en cama y tapada con varias mantas. En cuanto a m\u00ed, tengo que decir que me encontraba bastante acartonado. Esa tarde, cuando fuimos a hacer la compra para la cena en un supermercado cercano, tuve que tener abundante cuidad en andar procurando doblar lo menos posible las rodillas, y extender el paso el menor espacio posible. Un espect\u00e1culo ciertamente lamentable.<\/p>\n<p>Huelgo decir que, tras esos 33 kil\u00f3metros, el resto del d\u00eda nos lo tomamos con bastante calma. Y que esa noche dormimos como lirones. Lo bueno del asunto es que ya tan s\u00f3lo nos restaba una jornada para llegar a Santiago. Y eso pod\u00eda con todo el cansancio que llev\u00e1bamos acumulado.<\/p>\n","protected":false},"excerpt":{"rendered":"<div class=\"seriesmeta\">Esta entrada es la parte 4 de 6 de la serie <a href=\"https:\/\/bitacora.eniac2000.com\/?series=camino-de-santiago-2009\" class=\"series-1830\" title=\"Camino de Santiago 2009\">Camino de Santiago 2009<\/a><\/div><p>Nuestra tercera etapa la iniciamos el lunes 10 de agosto.<\/p>\n","protected":false},"author":1,"featured_media":0,"comment_status":"open","ping_status":"open","sticky":false,"template":"","format":"standard","meta":{"advanced_seo_description":"","jetpack_seo_html_title":"","jetpack_seo_noindex":false,"_jetpack_memberships_contains_paid_content":false,"footnotes":"","jetpack_publicize_message":"","jetpack_publicize_feature_enabled":true,"jetpack_social_post_already_shared":false,"jetpack_social_options":{"image_generator_settings":{"template":"highway","default_image_id":0,"font":"","enabled":false},"version":2}},"categories":[2,7],"tags":[128,155,785,1058,1424,1496],"series":[1830],"class_list":["post-1784","post","type-post","status-publish","format-standard","hentry","category-camino-de-santiago","category-camino-primitivo-camino-de-santiago","tag-arca","tag-arzua","tag-horreo","tag-melide","tag-ribadiso","tag-santiago","series-camino-de-santiago-2009"],"jetpack_publicize_connections":[],"jetpack_featured_media_url":"","jetpack_sharing_enabled":true,"_links":{"self":[{"href":"https:\/\/bitacora.eniac2000.com\/index.php?rest_route=\/wp\/v2\/posts\/1784","targetHints":{"allow":["GET"]}}],"collection":[{"href":"https:\/\/bitacora.eniac2000.com\/index.php?rest_route=\/wp\/v2\/posts"}],"about":[{"href":"https:\/\/bitacora.eniac2000.com\/index.php?rest_route=\/wp\/v2\/types\/post"}],"author":[{"embeddable":true,"href":"https:\/\/bitacora.eniac2000.com\/index.php?rest_route=\/wp\/v2\/users\/1"}],"replies":[{"embeddable":true,"href":"https:\/\/bitacora.eniac2000.com\/index.php?rest_route=%2Fwp%2Fv2%2Fcomments&post=1784"}],"version-history":[{"count":1,"href":"https:\/\/bitacora.eniac2000.com\/index.php?rest_route=\/wp\/v2\/posts\/1784\/revisions"}],"predecessor-version":[{"id":10984,"href":"https:\/\/bitacora.eniac2000.com\/index.php?rest_route=\/wp\/v2\/posts\/1784\/revisions\/10984"}],"wp:attachment":[{"href":"https:\/\/bitacora.eniac2000.com\/index.php?rest_route=%2Fwp%2Fv2%2Fmedia&parent=1784"}],"wp:term":[{"taxonomy":"category","embeddable":true,"href":"https:\/\/bitacora.eniac2000.com\/index.php?rest_route=%2Fwp%2Fv2%2Fcategories&post=1784"},{"taxonomy":"post_tag","embeddable":true,"href":"https:\/\/bitacora.eniac2000.com\/index.php?rest_route=%2Fwp%2Fv2%2Ftags&post=1784"},{"taxonomy":"series","embeddable":true,"href":"https:\/\/bitacora.eniac2000.com\/index.php?rest_route=%2Fwp%2Fv2%2Fseries&post=1784"}],"curies":[{"name":"wp","href":"https:\/\/api.w.org\/{rel}","templated":true}]}}