{"id":1811,"date":"2010-01-10T19:07:52","date_gmt":"2010-01-10T18:07:52","guid":{"rendered":"http:\/\/bitacora.eniac2000.com\/?p=1811"},"modified":"2025-10-05T17:12:53","modified_gmt":"2025-10-05T15:12:53","slug":"gran-nevada-en-cordoba","status":"publish","type":"post","link":"https:\/\/bitacora.eniac2000.com\/?p=1811","title":{"rendered":"Gran nevada en C\u00f3rdoba"},"content":{"rendered":"<p>Hoy est\u00e1 siendo un d\u00eda de nevadas por todo el pa\u00eds. En C\u00f3rdoba tambi\u00e9n ha ca\u00eddo bastante, tanto que el partido C\u00f3rdoba-Rayo Vallecano ha tenido que ser suspendido.<\/p>\n<p>En mi casa, cerca del Parque de la Asomadilla, ha ca\u00eddo bastante nieve. Me tienen que enviar fotos, pero, mientras tanto, he encontrado esta foto en la web de <a href=\"http:\/\/www.elpais.com\/fotogaleria\/Fin\/semana\/frio\/polar\/elpgal\/20100110elpepunac_1\/Zes\/1\">El Pa\u00eds<\/a>:<\/p>\n<figure id=\"attachment_1812\" aria-describedby=\"caption-attachment-1812\" style=\"width: 400px\" class=\"wp-caption alignnone\"><a href=\"http:\/\/bitacora.eniac2000.com\/wp-content\/uploads\/2010\/01\/20100110-mezquita-puente-nevado.jpg\"><img loading=\"lazy\" decoding=\"async\" src=\"http:\/\/bitacora.eniac2000.com\/wp-content\/uploads\/2010\/01\/20100110-mezquita-puente-nevado-400x267.jpg\" alt=\"Mezquita, Puente Romano y Calahorra nevados\" title=\"Mezquita, Puente Romano y Calahorra nevados\" width=\"400\" height=\"267\" class=\"size-medium wp-image-1812\" \/><\/a><figcaption id=\"caption-attachment-1812\" class=\"wp-caption-text\">Mezquita, Puente Romano y Calahorra nevados<\/figcaption><\/figure>\n<p>Cuando me env\u00eden las fotos actualizar\u00e9 esta entrada.<\/p>\n<p><strong>Editado:<\/strong> Ya me han pasado desde mi casa algunas fotograf\u00edas de la nevada en C\u00f3rdoba. He creado una galer\u00eda de fotos al efecto: <a href=\"http:\/\/bitacora.eniac2000.com\/?page_id=1058&#038;g2_itemId=37972\">Nevada en C\u00f3rdoba (10\/01\/2010)<\/a><\/p>\n<p>Se pueden destacar las siguientes:<\/p>\n<p><strong>Panor\u00e1mica del r\u00edo, a su paso por los sotos de la Arbolafia:<\/strong><br \/>\n<figure class=\"wp-block-piwigo-gallery-single-image piwigo-single-image\"><a href=\"https:\/\/www.eniac2000.com\/piwigo\/picture.php?\/4222\" target=\"_blank\" rel=\"noopener noreferrer\"><img decoding=\"async\" src=\"https:\/\/www.eniac2000.com\/piwigo\/_data\/i\/galleries\/albums\/2010-01-10-nevada-cordoba\/pano-rio-cordoba-nieve-peq-me.jpg\" alt=\"pano-rio-cordoba-nieve-peq\" \/><\/a><figcaption><strong>pano-rio-cordoba-nieve-peq<\/strong><\/figcaption><\/figure><\/p>\n<p><strong>Camino del Parque de la Asomadilla:<\/strong><br \/>\n<figure class=\"wp-block-piwigo-gallery-single-image piwigo-single-image\"><a href=\"https:\/\/www.eniac2000.com\/piwigo\/picture.php?\/4200\" target=\"_blank\" rel=\"noopener noreferrer\"><img decoding=\"async\" src=\"https:\/\/www.eniac2000.com\/piwigo\/_data\/i\/galleries\/albums\/2010-01-10-nevada-cordoba\/101_1554-me.JPG\" alt=\"101 1554\" \/><\/a><figcaption><strong>101 1554<\/strong><\/figcaption><\/figure><\/p>\n<p><strong>Mezquita nevada y Puente Romano<\/strong><br \/>\n<figure class=\"wp-block-piwigo-gallery-single-image piwigo-single-image\"><a href=\"https:\/\/www.eniac2000.com\/piwigo\/picture.php?\/4215\" target=\"_blank\" rel=\"noopener noreferrer\"><img decoding=\"async\" src=\"https:\/\/www.eniac2000.com\/piwigo\/_data\/i\/galleries\/albums\/2010-01-10-nevada-cordoba\/101_1601-me.JPG\" alt=\"101 1601\" \/><\/a><figcaption><strong>101 1601<\/strong><\/figcaption><\/figure><\/p>\n<p>Espero que os gusten.<\/p>\n","protected":false},"excerpt":{"rendered":"<p>Hoy est\u00e1 siendo un d\u00eda de nevadas por todo el<\/p>\n","protected":false},"author":1,"featured_media":0,"comment_status":"open","ping_status":"open","sticky":false,"template":"","format":"standard","meta":{"advanced_seo_description":"","jetpack_seo_html_title":"","jetpack_seo_noindex":false,"_jetpack_memberships_contains_paid_content":false,"footnotes":"","jetpack_publicize_message":"","jetpack_publicize_feature_enabled":true,"jetpack_social_post_already_shared":false,"jetpack_social_options":{"image_generator_settings":{"template":"highway","default_image_id":0,"font":"","enabled":false},"version":2}},"categories":[20],"tags":[392,1171],"series":[],"class_list":["post-1811","post","type-post","status-publish","format-standard","hentry","category-vida-corriente","tag-cordoba","tag-nieve"],"jetpack_publicize_connections":[],"jetpack_featured_media_url":"","jetpack_sharing_enabled":true,"_links":{"self":[{"href":"https:\/\/bitacora.eniac2000.com\/index.php?rest_route=\/wp\/v2\/posts\/1811","targetHints":{"allow":["GET"]}}],"collection":[{"href":"https:\/\/bitacora.eniac2000.com\/index.php?rest_route=\/wp\/v2\/posts"}],"about":[{"href":"https:\/\/bitacora.eniac2000.com\/index.php?rest_route=\/wp\/v2\/types\/post"}],"author":[{"embeddable":true,"href":"https:\/\/bitacora.eniac2000.com\/index.php?rest_route=\/wp\/v2\/users\/1"}],"replies":[{"embeddable":true,"href":"https:\/\/bitacora.eniac2000.com\/index.php?rest_route=%2Fwp%2Fv2%2Fcomments&post=1811"}],"version-history":[{"count":0,"href":"https:\/\/bitacora.eniac2000.com\/index.php?rest_route=\/wp\/v2\/posts\/1811\/revisions"}],"wp:attachment":[{"href":"https:\/\/bitacora.eniac2000.com\/index.php?rest_route=%2Fwp%2Fv2%2Fmedia&parent=1811"}],"wp:term":[{"taxonomy":"category","embeddable":true,"href":"https:\/\/bitacora.eniac2000.com\/index.php?rest_route=%2Fwp%2Fv2%2Fcategories&post=1811"},{"taxonomy":"post_tag","embeddable":true,"href":"https:\/\/bitacora.eniac2000.com\/index.php?rest_route=%2Fwp%2Fv2%2Ftags&post=1811"},{"taxonomy":"series","embeddable":true,"href":"https:\/\/bitacora.eniac2000.com\/index.php?rest_route=%2Fwp%2Fv2%2Fseries&post=1811"}],"curies":[{"name":"wp","href":"https:\/\/api.w.org\/{rel}","templated":true}]}}