{"id":1814,"date":"2010-01-23T14:02:29","date_gmt":"2010-01-23T13:02:29","guid":{"rendered":"http:\/\/bitacora.eniac2000.com\/?p=1814"},"modified":"2025-10-11T04:55:52","modified_gmt":"2025-10-11T02:55:52","slug":"camino-primitivo-etapa-4-arca-santiago-de-compostela","status":"publish","type":"post","link":"https:\/\/bitacora.eniac2000.com\/?p=1814","title":{"rendered":"Camino Primitivo: Etapa 4. Arca \u2013 Santiago de Compostela"},"content":{"rendered":"<div class=\"seriesmeta\">Esta entrada es la parte 5 de 6 de la serie <a href=\"https:\/\/bitacora.eniac2000.com\/?series=camino-de-santiago-2009\" class=\"series-1830\" title=\"Camino de Santiago 2009\">Camino de Santiago 2009<\/a><\/div><p>El 11 de agosto empezamos nuestra \u00faltima etapa del Camino Primitivo. Esta etapa iba a resultar la m\u00e1s corta del viaje, ya que tan s\u00f3lo 16 kil\u00f3metros nos separaban del sepulcro del ap\u00f3stol. Como motivo de celebraci\u00f3n adicional, ese d\u00eda Ana cumpl\u00eda a\u00f1os.<\/p>\n<p>A las siete de la ma\u00f1ana est\u00e1bamos tomando nuestro \u00faltimo desayuno de ruta en el bar del due\u00f1o del apartamento, y a las ocho de la ma\u00f1ana ya est\u00e1bamos en marcha. Despu\u00e9s de un poco de l\u00edo para salir de Arca, nos volvimos a adentrar en el bosque gallego. La ma\u00f1ana era fr\u00eda, pero estaba despejada. Eso no hac\u00eda sino prometer calor para m\u00e1s adelante en el d\u00eda. Sin embargo, eso no era especial motivo de preocupaci\u00f3n en nuestro caso, ya que ten\u00edamos por delante una jornada corta.<\/p>\n<figure class=\"wp-block-piwigo-gallery-single-image piwigo-single-image\"><a href=\"https:\/\/www.eniac2000.com\/piwigo\/picture.php?\/3958\" target=\"_blank\" rel=\"noopener noreferrer\"><img decoding=\"async\" src=\"https:\/\/www.eniac2000.com\/piwigo\/_data\/i\/galleries\/albums\/2009-08-camino-primitivo\/dia4\/101_0205-me.JPG\" alt=\"101 0205\" \/><\/a><figcaption><strong>101 0205<\/strong><\/figcaption><\/figure>\n<p>Aunque a esa hora de la ma\u00f1ana a\u00fan no hab\u00eda demasiada gente en el camino, las grandes masas de gente no tardar\u00edan en aparecer. En concreto nos llam\u00f3 mucho la atenci\u00f3n un gran grupo de peregrinos italianos que iban rezando el rosario a medida que avanzaban hacia Santiago. Teniendo en cuenta que calcul\u00e1bamos unas tres horas largas de marcha, aquello se les pod\u00eda hacer bastante mon\u00f3tono.<\/p>\n<p>La ma\u00f1ana transcurri\u00f3 r\u00e1pida. Es un efecto al que ya estoy acostrumbrado: entre la cercan\u00eda a Santiago, las ganas de llegar, y una sana competencia con otros peregrinos, los kil\u00f3metros se te pasan volando. El perfil de la etapa lo ten\u00eda a esas alturas m\u00e1s que trillado: subidas, bajadas, m\u00e1s subidas, m\u00e1s bajadas y vuelta a empezar. Aunque hab\u00eda algo que marcaba la diferencia con respecto a 2007: cuando vas andando tienes m\u00e1s tiempo para fijarte en los peque\u00f1os detallas. Y los peque\u00f1os detallas, en este caso, estaban constituidos por monolitos y peque\u00f1os recordatorios a peregrinos que hab\u00edan muerto en el Camino: infartos, desfallecimientos y edad avanzada. No menos de tres (dos dedicados a espa\u00f1oles, y uno a una irlandesa) nos encontramos en nuestro caminar.<\/p>\n<p>La principal dificultad de la ma\u00f1ana era, como estaba previsto, la subida al Alto de Lavacolla, donde se encuentra el aeropuerto de Santiago de Compostela. Es una subida an\u00f3mala: seca, polvorienta y dura. Algo que es explicable pos \u00e1rboles que rodean el sendero: eucaliptos. Produce una sensaci\u00f3n extra\u00f1a, salir de un bosque de robles, casta\u00f1os y algo de pinar, h\u00famedo, fresco, con tierra f\u00e9rtil y negra, y encontrarte en una subida de tierra amarillenta, reseca y mordida por el sol. Era la segunda vez que me resultaba m\u00e1s f\u00e1cil compararla con a algunos lugares de Sierra Morena que he recorrido en bici que con el resto del paisaje gallego.<\/p>\n<figure class=\"wp-block-piwigo-gallery-single-image piwigo-single-image\"><a href=\"https:\/\/www.eniac2000.com\/piwigo\/picture.php?\/3962\" target=\"_blank\" rel=\"noopener noreferrer\"><img decoding=\"async\" src=\"https:\/\/www.eniac2000.com\/piwigo\/_data\/i\/galleries\/albums\/2009-08-camino-primitivo\/dia4\/101_0209-me.JPG\" alt=\"101 0209\" \/><\/a><figcaption><strong>101 0209<\/strong><\/figcaption><\/figure>\n<p>Tras superar la subida, es necesario rodear las pistas del aeropuerto. Este camino transcurre por una suave planicie que acaba saliendo al lateral de la autov\u00eda que baja hasta Santiago. Est\u00e1bamos ya cerca, y se dejaba notar:<\/p>\n<figure class=\"wp-block-piwigo-gallery-single-image piwigo-single-image\"><a href=\"https:\/\/www.eniac2000.com\/piwigo\/picture.php?\/3963\" target=\"_blank\" rel=\"noopener noreferrer\"><img decoding=\"async\" src=\"https:\/\/www.eniac2000.com\/piwigo\/_data\/i\/galleries\/albums\/2009-08-camino-primitivo\/dia4\/101_0210-me.JPG\" alt=\"101 0210\" \/><\/a><figcaption><strong>101 0210<\/strong><\/figcaption><\/figure>\n<p>Es en este punto donde la gente empieza a deshacerse del bagaje que ha cargado durante su caminar, y en lo primero que se nota es en que se empiezan a encontrar en la verja de la autov\u00eda cruces formadas con los palos con los que los peregrinos se ayudan en el caminar. Aunque siempre hay alguien que, con m\u00e1s sentido del humor, en vez de cruces compone <a href=\"http:\/\/bitacora.eniac2000.com\/wp-content\/uploads\/2010\/01\/blair_witch_project_movie_image_02.jpg\">otras figuras<\/a>.<\/p>\n<p>Una vez superada la subida&#8230; no queda otra que volver a bajar, hasta las primeras casas de Lavacolla. Fue donde aprovechamos para hacer, junto a una iglesa, la \u00fanica para seria el d\u00eda. Lo justo para acabar con los alimentos que llev\u00e1bamos del d\u00eda, y reponer fuerzas para afrontar la \u00faltima subida del d\u00eda, la del Monte del Gozo.<\/p>\n<figure class=\"wp-block-piwigo-gallery-single-image piwigo-single-image\"><a href=\"https:\/\/www.eniac2000.com\/piwigo\/picture.php?\/3966\" target=\"_blank\" rel=\"noopener noreferrer\"><img decoding=\"async\" src=\"https:\/\/www.eniac2000.com\/piwigo\/_data\/i\/galleries\/albums\/2009-08-camino-primitivo\/dia4\/101_0213-me.JPG\" alt=\"101 0213\" \/><\/a><figcaption><strong>101 0213<\/strong><\/figcaption><\/figure>\n<p>La subida al Monte empieza con una verdadera pared de asfalto, que a\u00fan se aparece de cuando en cuando en mis pesadillas desde el a\u00f1o 2007, cuando Fran y yo nos encontramos con ella, lastrados con las alforjas, y con bastante cansancio en el cuerpo. Subirla a pie no es menos complicado, pues te destroza los gemelos y las espinillas.<\/p>\n<figure class=\"wp-block-piwigo-gallery-single-image piwigo-single-image\"><a href=\"https:\/\/www.eniac2000.com\/piwigo\/picture.php?\/3972\" target=\"_blank\" rel=\"noopener noreferrer\"><img decoding=\"async\" src=\"https:\/\/www.eniac2000.com\/piwigo\/_data\/i\/galleries\/albums\/2009-08-camino-primitivo\/dia4\/101_0219-me.JPG\" alt=\"101 0219\" \/><\/a><figcaption><strong>101 0219<\/strong><\/figcaption><\/figure>\n<p>Una vez superada la pared, hay una sucesi\u00f3n de descansos, subidas, y vuelta a empezar, aderezado con alg\u00fan que otro descenso que te hace maldecirlo, pensando en la subida que sabes que te espera. El caminar se hace desesperantemente largo. Al fondo se contemplan las antenas de RTVE y RTVG, junto a las que hay que pasar, y que parece que nunca lleguen. Camino de ellos tuvimos la primera an\u00e9cdota de la jornada: en direcci\u00f3n contraria ven\u00eda un donostiarra (o que, al menos, llevaba una camiseta de la Real Sociedad y ten\u00eda acento vasco) que dec\u00eda haber terminado el Camino, y volver a su casa, y nos ped\u00eda algo de ayuda para pagarse la vuelta. Ni cortos ni perezosos, y dado el buen humor y el descaro con el que se lo tomaba el amigo, le dimos un par de euros y le deseamos un feliz camino de regreso.<\/p>\n<figure class=\"wp-block-piwigo-gallery-single-image piwigo-single-image\"><a href=\"https:\/\/www.eniac2000.com\/piwigo\/picture.php?\/3974\" target=\"_blank\" rel=\"noopener noreferrer\"><img decoding=\"async\" src=\"https:\/\/www.eniac2000.com\/piwigo\/_data\/i\/galleries\/albums\/2009-08-camino-primitivo\/dia4\/101_0221-me.JPG\" alt=\"101 0221\" \/><\/a><figcaption><strong>101 0221<\/strong><\/figcaption><\/figure>\n<p>Y as\u00ed, llegamos al Monte del Gozo, que se encontraba, como era de esperar, atestado de gente. Nos detuvimos apenas lo necesario para sellar las crendenciales, y retomamos la marcha. En esta ocasi\u00f3n bordeamos el \u00e1rea de descanso de peregrinos y el hotel, y bajamos por una calle adyacente hasta alcanzar la carretera que lleva a Santiago, por la que penetramos, siguiendo el trazado tradicional, en la ciudad.<\/p>\n<figure class=\"wp-block-piwigo-gallery-single-image piwigo-single-image\"><a href=\"https:\/\/www.eniac2000.com\/piwigo\/picture.php?\/3977\" target=\"_blank\" rel=\"noopener noreferrer\"><img decoding=\"async\" src=\"https:\/\/www.eniac2000.com\/piwigo\/_data\/i\/galleries\/albums\/2009-08-camino-primitivo\/dia4\/101_0224-me.JPG\" alt=\"101 0224\" \/><\/a><figcaption><strong>101 0224<\/strong><\/figcaption><\/figure>\n<p>La segunda an\u00e9cdota de la jornada aconteci\u00f3 cuando nos detuvimos a hacernos una foto, a la entrada de Santiago, junto a la estatua al Templario Peregrino. Una se\u00f1ora, peregrina vallisoletana, creo recordar, le gust\u00f3 la foto y nos pidi\u00f3 que le ech\u00e1ramos una igual. Gustosos, accedimos. Lo malo del asunto es que la mujer se nos enganch\u00f3, y empez\u00f3 a darnos palique en el caminar. Enti\u00e9ndaseme, no es que me desagrade una buena conversaci\u00f3n. Pero el parloteo incesante me parece insufrible. Tanto fue, que nos oblig\u00f3 a acelerar el paso, para procurar perderla, alg que afortunadamente conseguimos en un cruce de calles, justo a la entrada del casco hist\u00f3rico de Santiago.<\/p>\n<p>El centro de Santiago se encontraba lleno hasta reventar. La muchedumbre era digna de mejores ocasiones, tales como el D\u00eda de Santiago o fin de a\u00f1o. Y as\u00ed, abri\u00e9ndonos paso entre la gente, llegamos hasta la plaza del Obradoiro, sobre las doce y media de la tarde. Una vez m\u00e1s, y ya iban cinco, hab\u00eda concluido con \u00e9xito la peregrinaci\u00f3n. Aunque, estrictamente hablando, a\u00fan ten\u00edamos que visitar al Ap\u00f3stol. Dicho y hecho, entramos en la catedral. Y como no pod\u00eda ser menos, se encontraba hasta la bandera. R\u00e1pidamente vimos que iba a ser imposible cumplir con la tradici\u00f3n del abrazo, por la enorme cantidad de gente que hac\u00eda cola para ello. As\u00ed que, por este a\u00f1o, el abrazo a la estatua lo dejamos correr, y bajamos a ver los restos de Santiago, ir\u00f3nicamente mucho menos concurridos.<\/p>\n<p>La \u00faltima an\u00e9cdota de la jornada nos ocurri\u00f3 en la oficina del peregrino. All\u00ed nos encontramos con el Peregrino del Betis, con el que mantuve algunas bromas futbol\u00edsticas. Este se\u00f1or mantiene una asociaci\u00f3n de integraci\u00f3n de menores desfavorecidos en el Pol\u00edgono Sur de Sevilla, una de las zonas m\u00e1s deprimidas de la ciudad. Todos los a\u00f1os realiza la peregrinaci\u00f3n para proporcionar a los chavales una experiencia edificante, y tambi\u00e9n con el objeto de dar publicidad a su loable actividad.<\/p>\n<figure class=\"wp-block-piwigo-gallery-single-image piwigo-single-image\"><a href=\"https:\/\/www.eniac2000.com\/piwigo\/picture.php?\/3984\" target=\"_blank\" rel=\"noopener noreferrer\"><img decoding=\"async\" src=\"https:\/\/www.eniac2000.com\/piwigo\/_data\/i\/galleries\/albums\/2009-08-camino-primitivo\/dia4\/101_0231-me.JPG\" alt=\"101 0231\" \/><\/a><figcaption><strong>101 0231<\/strong><\/figcaption><\/figure>\n<p>Estuvimos un rato conversando con \u00e9l, dado que Ana y yo vivimos en Sevilla, y tras desearle lo mejor, nos despedimos, dirigi\u00e9ndose \u00e9l, seg\u00fan nos coment\u00f3, a una rueda de prensa.<\/p>\n<p>Y as\u00ed, color\u00edn colorado, otro Camino fue terminado.<\/p>\n","protected":false},"excerpt":{"rendered":"<div class=\"seriesmeta\">Esta entrada es la parte 5 de 6 de la serie <a href=\"https:\/\/bitacora.eniac2000.com\/?series=camino-de-santiago-2009\" class=\"series-1830\" title=\"Camino de Santiago 2009\">Camino de Santiago 2009<\/a><\/div><p>El 11 de agosto empezamos nuestra \u00faltima etapa del Camino<\/p>\n","protected":false},"author":1,"featured_media":0,"comment_status":"open","ping_status":"open","sticky":false,"template":"","format":"standard","meta":{"advanced_seo_description":"","jetpack_seo_html_title":"","jetpack_seo_noindex":false,"_jetpack_memberships_contains_paid_content":false,"footnotes":"","jetpack_publicize_message":"","jetpack_publicize_feature_enabled":true,"jetpack_social_post_already_shared":false,"jetpack_social_options":{"image_generator_settings":{"template":"highway","default_image_id":0,"font":"","enabled":false},"version":2}},"categories":[2,7],"tags":[128,971,1256,1497],"series":[1830],"class_list":["post-1814","post","type-post","status-publish","format-standard","hentry","category-camino-de-santiago","category-camino-primitivo-camino-de-santiago","tag-arca","tag-lavacolla","tag-peregrino-del-betis","tag-santiago-de-compostela","series-camino-de-santiago-2009"],"jetpack_publicize_connections":[],"jetpack_featured_media_url":"","jetpack_sharing_enabled":true,"_links":{"self":[{"href":"https:\/\/bitacora.eniac2000.com\/index.php?rest_route=\/wp\/v2\/posts\/1814","targetHints":{"allow":["GET"]}}],"collection":[{"href":"https:\/\/bitacora.eniac2000.com\/index.php?rest_route=\/wp\/v2\/posts"}],"about":[{"href":"https:\/\/bitacora.eniac2000.com\/index.php?rest_route=\/wp\/v2\/types\/post"}],"author":[{"embeddable":true,"href":"https:\/\/bitacora.eniac2000.com\/index.php?rest_route=\/wp\/v2\/users\/1"}],"replies":[{"embeddable":true,"href":"https:\/\/bitacora.eniac2000.com\/index.php?rest_route=%2Fwp%2Fv2%2Fcomments&post=1814"}],"version-history":[{"count":1,"href":"https:\/\/bitacora.eniac2000.com\/index.php?rest_route=\/wp\/v2\/posts\/1814\/revisions"}],"predecessor-version":[{"id":10985,"href":"https:\/\/bitacora.eniac2000.com\/index.php?rest_route=\/wp\/v2\/posts\/1814\/revisions\/10985"}],"wp:attachment":[{"href":"https:\/\/bitacora.eniac2000.com\/index.php?rest_route=%2Fwp%2Fv2%2Fmedia&parent=1814"}],"wp:term":[{"taxonomy":"category","embeddable":true,"href":"https:\/\/bitacora.eniac2000.com\/index.php?rest_route=%2Fwp%2Fv2%2Fcategories&post=1814"},{"taxonomy":"post_tag","embeddable":true,"href":"https:\/\/bitacora.eniac2000.com\/index.php?rest_route=%2Fwp%2Fv2%2Ftags&post=1814"},{"taxonomy":"series","embeddable":true,"href":"https:\/\/bitacora.eniac2000.com\/index.php?rest_route=%2Fwp%2Fv2%2Fseries&post=1814"}],"curies":[{"name":"wp","href":"https:\/\/api.w.org\/{rel}","templated":true}]}}