{"id":196,"date":"2005-09-23T12:00:50","date_gmt":"2005-09-23T10:00:50","guid":{"rendered":"http:\/\/bitacora.eniac2000.com\/?p=196"},"modified":"2005-09-23T12:00:50","modified_gmt":"2005-09-23T10:00:50","slug":"el-parque-de-la-asomadilla-se-regara-con-agua-residuales","status":"publish","type":"post","link":"https:\/\/bitacora.eniac2000.com\/?p=196","title":{"rendered":"El Parque de la Asomadilla se regar\u00e1 con agua residuales"},"content":{"rendered":"<p>As\u00ed es: el parque de la Asomadilla, que estar\u00e1 al lado de mi casa, ser\u00e1 regado con agua procedente de la limpieza de filtros de la planta de ozonizaci\u00f3n de Villa Azul (que no es reaprovechable como agua potable), como se lee hoy en el <a href=\"http:\/\/www.diariocordoba.com\/noticias\/noticia.asp?pkid=206879\">Diario C\u00f3rdoba<\/a>.<\/p>\n<p>Al parecer la idea original era regar con agua de pozos excavados en el propio parque, pero se ve que no han dado con la vena. Cosa curiosa, porque recuerdo que un vecino que hace unos a\u00f1os hizo una piscina y un s\u00f3tano en el jard\u00edn al invierno posterior, muy lluvioso, se encontr\u00f3 una ma\u00f1ana con que ten\u00eda dos piscinas, una de ellas cubiertas: hab\u00eda dado con un arroyo subterr\u00e1neo, seco aquel verano, pero ese invierno llevaba agua, que se filtr\u00f3 por las paredes del s\u00f3tano.<\/p>\n<p>No me parece mala soluci\u00f3n, desde luego, pues se reaprovecha agua que pese a todo no vale para el consumo humano, y no se produce un gasto extra del tan preciado l\u00edquido.<\/p>\n","protected":false},"excerpt":{"rendered":"<p>As\u00ed es: el parque de la Asomadilla, que estar\u00e1 al<\/p>\n","protected":false},"author":1,"featured_media":0,"comment_status":"open","ping_status":"open","sticky":false,"template":"","format":"standard","meta":{"advanced_seo_description":"","jetpack_seo_html_title":"","jetpack_seo_noindex":false,"_jetpack_memberships_contains_paid_content":false,"footnotes":"","jetpack_publicize_message":"","jetpack_publicize_feature_enabled":true,"jetpack_social_post_already_shared":false,"jetpack_social_options":{"image_generator_settings":{"template":"highway","default_image_id":0,"font":"","enabled":false},"version":2}},"categories":[20],"tags":[],"series":[],"class_list":["post-196","post","type-post","status-publish","format-standard","hentry","category-vida-corriente"],"jetpack_publicize_connections":[],"jetpack_featured_media_url":"","jetpack_sharing_enabled":true,"_links":{"self":[{"href":"https:\/\/bitacora.eniac2000.com\/index.php?rest_route=\/wp\/v2\/posts\/196","targetHints":{"allow":["GET"]}}],"collection":[{"href":"https:\/\/bitacora.eniac2000.com\/index.php?rest_route=\/wp\/v2\/posts"}],"about":[{"href":"https:\/\/bitacora.eniac2000.com\/index.php?rest_route=\/wp\/v2\/types\/post"}],"author":[{"embeddable":true,"href":"https:\/\/bitacora.eniac2000.com\/index.php?rest_route=\/wp\/v2\/users\/1"}],"replies":[{"embeddable":true,"href":"https:\/\/bitacora.eniac2000.com\/index.php?rest_route=%2Fwp%2Fv2%2Fcomments&post=196"}],"version-history":[{"count":0,"href":"https:\/\/bitacora.eniac2000.com\/index.php?rest_route=\/wp\/v2\/posts\/196\/revisions"}],"wp:attachment":[{"href":"https:\/\/bitacora.eniac2000.com\/index.php?rest_route=%2Fwp%2Fv2%2Fmedia&parent=196"}],"wp:term":[{"taxonomy":"category","embeddable":true,"href":"https:\/\/bitacora.eniac2000.com\/index.php?rest_route=%2Fwp%2Fv2%2Fcategories&post=196"},{"taxonomy":"post_tag","embeddable":true,"href":"https:\/\/bitacora.eniac2000.com\/index.php?rest_route=%2Fwp%2Fv2%2Ftags&post=196"},{"taxonomy":"series","embeddable":true,"href":"https:\/\/bitacora.eniac2000.com\/index.php?rest_route=%2Fwp%2Fv2%2Fseries&post=196"}],"curies":[{"name":"wp","href":"https:\/\/api.w.org\/{rel}","templated":true}]}}