{"id":2077,"date":"2010-06-14T22:07:56","date_gmt":"2010-06-14T20:07:56","guid":{"rendered":"http:\/\/bitacora.eniac2000.com\/?p=2077"},"modified":"2025-10-05T17:12:53","modified_gmt":"2025-10-05T15:12:53","slug":"entrenamiento-ciclista-santiponce-guillena","status":"publish","type":"post","link":"https:\/\/bitacora.eniac2000.com\/?p=2077","title":{"rendered":"Entrenamiento ciclista: Santiponce &#8211; Guillena"},"content":{"rendered":"<p>El pasado jueves seguimos con el entrenamiento ciclista. La etapa escogida para esta vez fue realizar el enlace entre Santiponce y Guillena por la v\u00eda verde del Aljarafe, primero, y la Ca\u00f1ada Real de las Islas, despu\u00e9s.<\/p>\n<figure class=\"wp-block-piwigo-gallery-single-image piwigo-single-image\"><a href=\"https:\/\/www.eniac2000.com\/piwigo\/picture.php?\/8690\" target=\"_blank\" rel=\"noopener noreferrer\"><img decoding=\"async\" src=\"https:\/\/www.eniac2000.com\/piwigo\/galleries\/albums\/ciclismo\/2010-06-10-guillena\/93944022.jpg\" alt=\"93944022\" \/><\/a><figcaption><strong>93944022<\/strong><\/figcaption><\/figure>\n<p>Si algo se puede decir de la etapa es que estuvo marcada por el agua. Desde la misma salida de Santiponce hizo acto de presencia, en forma de una lluvia que, si bien no era demasiado intensa, s\u00ed que resultaba bastante desagradable, ya que estaba acompa\u00f1ada de un intenso viento que hac\u00eda que las gotas de agua, gordas como cocos de La Habana, cayeran pr\u00e1cticamente de lado. El viento, asimismo, nos dificult\u00f3 bastante el primer tramo de la etapa, que nos permite enlazar desde la antigua carretera de M\u00e9rida con la v\u00eda verde de It\u00e1lica.<\/p>\n<p>Una vez en la v\u00eda verde ese mismo viento nos ayud\u00f3 bastante, ya que, en vez de entrarnos de frente, pas\u00f3 a soplarnos un tanto de cola, m\u00e1s bien de costado, hasta el puente sobre el arroyo del Jud\u00edo. En este punto tomamos la ca\u00f1ada real de las Islas y, esta vez s\u00ed, el viento pas\u00f3 a soplarnos completamente de cola, lo que nos permiti\u00f3 mantener una velocidad de crucero bastante elevada.<\/p>\n<figure class=\"wp-block-piwigo-gallery-single-image piwigo-single-image\"><a href=\"https:\/\/www.eniac2000.com\/piwigo\/picture.php?\/8691\" target=\"_blank\" rel=\"noopener noreferrer\"><img decoding=\"async\" src=\"https:\/\/www.eniac2000.com\/piwigo\/galleries\/albums\/ciclismo\/2010-06-10-guillena\/93994353.jpg\" alt=\"93994353\" \/><\/a><figcaption><strong>93994353<\/strong><\/figcaption><\/figure>\n<p>Al poco de cruzar un peque\u00f1o arroyo fue donde tomamos las primeras fotos de estas salidas en bici. Hab\u00eda un curioso contraste entre el cielo casi completamente cubierto, algunos claros por los que asomaba el sol, y los tonos ocres y dorados ofrecidos por los trigales ya convertidos en era y aquellos que a\u00fan aguardaban el paso de la afilada hoja del segador.<\/p>\n<p>Continuamos por la ca\u00f1ada hasta alcanzar la SE-3409, que r\u00e1pidamente abandonamos para seguir por la ca\u00f1ada. Cruzamos, poco despu\u00e9s, el arroyo de los Molinos por primera vez en el d\u00eda, y supuso una advertencia de lo que nos \u00edbamos a encontrar. El agua, bastente pestilente, no animaba a meterse en ella. Por suerte, una pasarela de troncos nos permiti\u00f3 cruzar la l\u00e1mina de agua sin mayores inconvenientes, y continuar nuestro recorrido hasta la venta de Ana Vel\u00e1zquez. Desde all\u00ed tomamos la A-460 hasta las cercan\u00edas de Guillena, descendiendo a un ritmo bastante elevado.<\/p>\n<p>Abandonamos la carretera en las cercan\u00edas de un albergue canino, que m\u00e1s bien parec\u00eda un campo de concentraci\u00f3n para c\u00e1nidos, merced a los rollos de alambre que cerraban la alambrada, dignos m\u00e1s bien del <a href=\"http:\/\/en.wikipedia.org\/wiki\/Hogan's_Heroes\">Stalag 13<\/a>. Poco despu\u00e9s afrontamos el \u00faltimo tramo de la jornada: la interminable recta del camino de mantenimiento del canal de aguas de Sevilla, que forma parte del trazado de la V\u00eda de la Plata entre Santiponce y Guillena. Un camino en principio aburrido, pero que nos reservaba la \u00faltima sorpresa de la jornada.<\/p>\n<figure class=\"wp-block-piwigo-gallery-single-image piwigo-single-image\"><a href=\"https:\/\/www.eniac2000.com\/piwigo\/picture.php?\/8695\" target=\"_blank\" rel=\"noopener noreferrer\"><img decoding=\"async\" src=\"https:\/\/www.eniac2000.com\/piwigo\/galleries\/albums\/ciclismo\/2010-06-10-guillena\/97159390.jpg\" alt=\"97159390\" \/><\/a><figcaption><strong>97159390<\/strong><\/figcaption><\/figure>\n<p>El arroyo de los Molinos, de nuevo, hac\u00eda acto de presencia. El puente que permite salvarlo se encontraba completamente anegado, dos meses despu\u00e9s de las \u00faltimas lluvias. Nos aventuramos a cruzarlo, esperando que la profundidad del agua no fuese demasiado grande, y este fue el resultado:<\/p>\n<figure class=\"wp-block-piwigo-gallery-single-image piwigo-single-image\"><a href=\"https:\/\/www.eniac2000.com\/piwigo\/picture.php?\/8692\" target=\"_blank\" rel=\"noopener noreferrer\"><img decoding=\"async\" src=\"https:\/\/www.eniac2000.com\/piwigo\/galleries\/albums\/ciclismo\/2010-06-10-guillena\/96925578.jpg\" alt=\"96925578\" \/><\/a><figcaption><strong>96925578<\/strong><\/figcaption><\/figure>\n<p>Nos lleg\u00f3 el agua hasta m\u00e1s all\u00e1 de las rodillas. Yo pude cruzar con bastante esfuerzo, pero Rafa se qued\u00f3 clavado en el fango y las ramas del fondo. Nos echamos unas risas, unas fotos, y salimos chapoteando. Y s\u00f3lo para encontrarnos que el tap\u00f3n de \u00e1rboles, ramas y barro hab\u00edan solidificado justo a continuaci\u00f3n del puente, y exist\u00eda un paso razonablemente franco:<\/p>\n<figure class=\"wp-block-piwigo-gallery-single-image piwigo-single-image\"><a href=\"https:\/\/www.eniac2000.com\/piwigo\/picture.php?\/8694\" target=\"_blank\" rel=\"noopener noreferrer\"><img decoding=\"async\" src=\"https:\/\/www.eniac2000.com\/piwigo\/galleries\/albums\/ciclismo\/2010-06-10-guillena\/97102668.jpg\" alt=\"97102668\" \/><\/a><figcaption><strong>97102668<\/strong><\/figcaption><\/figure>\n<p>Aunque hay que admitir que si hubi\u00e9ramos cruzado por ah\u00ed no nos habr\u00edamos divertido tanto. El resto de la etapa, hasta Santiponce, transcurri\u00f3 sin mayores incidentes. El recorrido total fue de 24&#8217;67 km, y empleamos en recorrerlo algo menos de hora y tres cuartos. El mapa del recorrido es el siguiente:<\/p>\n<p><iframe loading=\"lazy\" width=\"425\" height=\"350\" frameborder=\"0\" scrolling=\"no\" marginheight=\"0\" marginwidth=\"0\" src=\"https:\/\/maps.google.es\/maps\/ms?ie=UTF8&amp;hl=es&amp;msa=0&amp;msid=107359855203283141524.000488c27c3e5e129dad6&amp;ll=37.481667,-6.065161&amp;spn=0.083114,0.045566&amp;t=h&amp;output=embed\"><\/iframe><br \/><small>Ver <a href=\"https:\/\/maps.google.es\/maps\/ms?ie=UTF8&amp;hl=es&amp;msa=0&amp;msid=107359855203283141524.000488c27c3e5e129dad6&amp;ll=37.481667,-6.065161&amp;spn=0.083114,0.045566&amp;t=h&amp;source=embed\" style=\"color:#0000FF;text-align:left\">Santiponce &#8211; Ca\u00f1ada de las Islas &#8211; Guillena<\/a> en un mapa m\u00e1s grande<\/small><\/p>\n<p>En este mapa aparecen geolocalizadas las fotograf\u00edas de la etapa, gracias a AndAndo y el m\u00f3vil de Rafa. <img src=\"https:\/\/bitacora.eniac2000.com\/wp-includes\/images\/smilies\/mrgreen.png\" alt=\":mrgreen:\" class=\"wp-smiley\" style=\"height: 1em; max-height: 1em;\" \/><\/p>\n","protected":false},"excerpt":{"rendered":"<p>El pasado jueves seguimos con el entrenamiento ciclista. La etapa<\/p>\n","protected":false},"author":1,"featured_media":0,"comment_status":"open","ping_status":"open","sticky":false,"template":"","format":"standard","meta":{"advanced_seo_description":"","jetpack_seo_html_title":"","jetpack_seo_noindex":false,"_jetpack_memberships_contains_paid_content":false,"footnotes":"","jetpack_publicize_message":"","jetpack_publicize_feature_enabled":true,"jetpack_social_post_already_shared":false,"jetpack_social_options":{"image_generator_settings":{"template":"highway","default_image_id":0,"font":"","enabled":false},"version":2}},"categories":[24,8],"tags":[266,771,1500,1704,1707],"series":[],"class_list":["post-2077","post","type-post","status-publish","format-standard","hentry","category-ciclismo","category-deporte","tag-canada-real-de-las-islas","tag-guillena","tag-santiponce","tag-via-de-la-plata","tag-via-verde-de-italica"],"jetpack_publicize_connections":[],"jetpack_featured_media_url":"","jetpack_sharing_enabled":true,"_links":{"self":[{"href":"https:\/\/bitacora.eniac2000.com\/index.php?rest_route=\/wp\/v2\/posts\/2077","targetHints":{"allow":["GET"]}}],"collection":[{"href":"https:\/\/bitacora.eniac2000.com\/index.php?rest_route=\/wp\/v2\/posts"}],"about":[{"href":"https:\/\/bitacora.eniac2000.com\/index.php?rest_route=\/wp\/v2\/types\/post"}],"author":[{"embeddable":true,"href":"https:\/\/bitacora.eniac2000.com\/index.php?rest_route=\/wp\/v2\/users\/1"}],"replies":[{"embeddable":true,"href":"https:\/\/bitacora.eniac2000.com\/index.php?rest_route=%2Fwp%2Fv2%2Fcomments&post=2077"}],"version-history":[{"count":0,"href":"https:\/\/bitacora.eniac2000.com\/index.php?rest_route=\/wp\/v2\/posts\/2077\/revisions"}],"wp:attachment":[{"href":"https:\/\/bitacora.eniac2000.com\/index.php?rest_route=%2Fwp%2Fv2%2Fmedia&parent=2077"}],"wp:term":[{"taxonomy":"category","embeddable":true,"href":"https:\/\/bitacora.eniac2000.com\/index.php?rest_route=%2Fwp%2Fv2%2Fcategories&post=2077"},{"taxonomy":"post_tag","embeddable":true,"href":"https:\/\/bitacora.eniac2000.com\/index.php?rest_route=%2Fwp%2Fv2%2Ftags&post=2077"},{"taxonomy":"series","embeddable":true,"href":"https:\/\/bitacora.eniac2000.com\/index.php?rest_route=%2Fwp%2Fv2%2Fseries&post=2077"}],"curies":[{"name":"wp","href":"https:\/\/api.w.org\/{rel}","templated":true}]}}