{"id":2079,"date":"2010-06-15T00:05:07","date_gmt":"2010-06-14T22:05:07","guid":{"rendered":"http:\/\/bitacora.eniac2000.com\/?p=2079"},"modified":"2025-10-05T17:12:53","modified_gmt":"2025-10-05T15:12:53","slug":"entrenamiento-ciclista-via-verde-la-campina","status":"publish","type":"post","link":"https:\/\/bitacora.eniac2000.com\/?p=2079","title":{"rendered":"Entrenamiento ciclista: V\u00eda Verde la Campi\u00f1a"},"content":{"rendered":"<p>El pasado domingo, aprovechando que estaba en C\u00f3rdoba, mi padre y yo salimos a hacer algo de entrenamiento de cara a la preparaci\u00f3n del pr\u00f3ximo Camino de Santiago que vamos a recorrer: la V\u00eda de la Plata desde Zamora. Optamos por realizar una etapa de rodaje, y escogimos, por sus buenas condiciones para ello, la V\u00eda Verde de la Campi\u00f1a.<\/p>\n<p>Salimos a las 9:30 de la ma\u00f1ana, y descendimos hasta el puente de San Rafael, para tomar el camino que recorre la margen izquierda del Guadalquivir hasta la presa y el molino de Casillas, desde donde pudimos contemplar el avanzado estado de la construcci\u00f3n del <a href=\"http:\/\/wikanda.cordobapedia.es\/wiki\/Puente_de_Abbas_Ibn_Firnas\">puente de Ibn Firn\u00e1s<\/a>:<\/p>\n<figure class=\"wp-block-piwigo-gallery-single-image piwigo-single-image\"><a href=\"https:\/\/www.eniac2000.com\/piwigo\/picture.php?\/8704\" target=\"_blank\" rel=\"noopener noreferrer\"><img decoding=\"async\" src=\"https:\/\/www.eniac2000.com\/piwigo\/_data\/i\/galleries\/albums\/ciclismo\/2010-06-13-campinna\/pano-ibn-firnas-2-me.jpg\" alt=\"pano-ibn-firnas-2\" \/><\/a><figcaption><strong>pano-ibn-firnas-2<\/strong><\/figcaption><\/figure>\n<p>El r\u00edo, a su paso por la central de Casillas, muestra a\u00fan un buen nivel de agua. No en balde, en las pasadas crecidas, estuvo a punto de causar un importante destrozo en la obra del puente. A\u00fan hoy ofrece unas llamativas im\u00e1genes:<\/p>\n<figure class=\"wp-block-piwigo-gallery-single-image piwigo-single-image\"><a href=\"https:\/\/www.eniac2000.com\/piwigo\/picture.php?\/8697\" target=\"_blank\" rel=\"noopener noreferrer\"><img decoding=\"async\" src=\"https:\/\/www.eniac2000.com\/piwigo\/_data\/i\/galleries\/albums\/ciclismo\/2010-06-13-campinna\/Foto0373-me.jpg\" alt=\"Foto0373\" \/><\/a><figcaption><strong>Foto0373<\/strong><\/figcaption><\/figure>\n<p>La obra del puente y de la Ronda que enlaza con la carretera de Palma del R\u00edo y la A-4 ha hecho necesario desviar la carretera que comunica el pol\u00edgono de La Torrecilla con Valchill\u00f3n y Guadalc\u00e1zar por la margen izquierda. El recorrido es ahora algo m\u00e1s largo, pero evita la primera parte de la subida de la terraza del r\u00edo hasta la chatarrer\u00eda. El resto de la carretera, hasta la estaci\u00f3n de Valchill\u00f3n permanece sin cambios.<\/p>\n<p>La v\u00eda verde se toma junto al silo de cereales emplazado junto a la estaci\u00f3n de Valchill\u00f3n, donde, hist\u00f3ricamente, se separaban las v\u00edas f\u00e9rreas de M\u00e1laga y de Marchena. Esta \u00faltima no perdur\u00f3 como medio de transporte ferroviario, y es lo que hoy en d\u00eda se conoce como la v\u00eda verde de la Campi\u00f1a. Desde mi \u00faltima etapa por ella, hace ya casi dos a\u00f1os, la v\u00eda verde ha sufrido sutiles pero importantes cambios: existen m\u00e1s \u00e1reas de servicio y mejor acondicionadas, y las arboledas a lo largo de la v\u00eda empiezan a mostrar lo que alg\u00fan d\u00eda pueden llegar a ser, y que supondr\u00e1n un gran alivio para las solaneras de verano. Solaneras que, por cierto, no hicieron acto de presencia este domingo. M\u00e1s bien ech\u00e9 de menos, en algunos momentos, un maillot de manga larga. Algo inaudito.<\/p>\n<p>La etapa no tuvo excesiva complicaci\u00f3n hasta el t\u00fanel de Las Tablas (o de Los Champi\u00f1ones, para los amigos). Segu\u00eda sin luz desde el <a href=\"http:\/\/bitacora.eniac2000.com\/?p=924\">robo de los paneles solares<\/a>, si bien esto no represent\u00f3 demasiado problema para cruzarlo. El problema vino despu\u00e9s.<\/p>\n<figure class=\"wp-block-piwigo-gallery-single-image piwigo-single-image\"><a href=\"https:\/\/www.eniac2000.com\/piwigo\/picture.php?\/8699\" target=\"_blank\" rel=\"noopener noreferrer\"><img decoding=\"async\" src=\"https:\/\/www.eniac2000.com\/piwigo\/_data\/i\/galleries\/albums\/ciclismo\/2010-06-13-campinna\/Foto0382-me.jpg\" alt=\"Foto0382\" \/><\/a><figcaption><strong>Foto0382<\/strong><\/figcaption><\/figure>\n<p>La salida del t\u00fanel se hallaba completamente embarrada. Pero hasta decir \u00abbasta\u00bb. Es algo conocido que la vertiente suroeste (direcci\u00f3n Guadalc\u00e1zar) del t\u00fanel es bastante m\u00e1s h\u00fameda que la noreste, pero no esperaba encontrarme tal cantidad de barro a esas alturas del a\u00f1o. Con gran dificultad pude recorrer los escasos 200 metros que separan la salida del t\u00fanel de la estaci\u00f3n de Las Tablas, a donde llegu\u00e9 con las ruedas completamente embarradas.<\/p>\n<figure class=\"wp-block-piwigo-gallery-single-image piwigo-single-image\"><a href=\"https:\/\/www.eniac2000.com\/piwigo\/picture.php?\/8700\" target=\"_blank\" rel=\"noopener noreferrer\"><img decoding=\"async\" src=\"https:\/\/www.eniac2000.com\/piwigo\/_data\/i\/galleries\/albums\/ciclismo\/2010-06-13-campinna\/Foto0383-me.jpg\" alt=\"Foto0383\" \/><\/a><figcaption><strong>Foto0383<\/strong><\/figcaption><\/figure>\n<p>Mi padre, sin embargo, se qued\u00f3 clavado a la salida del t\u00fanel. Inconvenientes de llevar cubiertas de 26&#215;1.5\u00bb. As\u00ed que decidimos emprender la vuelta a casa. Por desgracia, no iba a ser tan f\u00e1cil. Al tratar de volver al t\u00fanel, me qued\u00e9 completamente clavado en el barro. \u00c9ste se hab\u00eda acumulado en la horquilla delantera, en torno al eje del pedalier, y alrededor del freno trasero. Se hab\u00eda acabado para m\u00ed el dar pedales. Y encima, al echar pie a tierra, me llev\u00e9 de regalo dos masas de barro arcilloso adherido a mis zapatillas. El t\u00fanel de los Champi\u00f1ones atacaba de nuevo&#8230;<\/p>\n<figure class=\"wp-block-piwigo-gallery-single-image piwigo-single-image\"><a href=\"https:\/\/www.eniac2000.com\/piwigo\/picture.php?\/8701\" target=\"_blank\" rel=\"noopener noreferrer\"><img decoding=\"async\" src=\"https:\/\/www.eniac2000.com\/piwigo\/galleries\/albums\/ciclismo\/2010-06-13-campinna\/Fotos-0013.jpg\" alt=\"Fotos-0013\" \/><\/a><figcaption><strong>Fotos-0013<\/strong><\/figcaption><\/figure>\n<p>Quitamos como buenamente pudimos (bid\u00f3n de agua, ca\u00f1as, y con los dedos) el suficiente barro de las bicis como para que las ruedas volvieran a girar, y nos dirigimos hasta la estaci\u00f3n de Valchill\u00f3n, donde hicimos un peque\u00f1o alto. Reemprendimos la etapa hasta la Torrecilla, donde limpiamos las bicis con agua a presi\u00f3n en una gasolinera. Y desde ah\u00ed, a casa. 40 kil\u00f3metros de etapa que nos ventilamos en algo m\u00e1s de tres horas:<\/p>\n<p><iframe loading=\"lazy\" width=\"425\" height=\"350\" frameborder=\"0\" scrolling=\"no\" marginheight=\"0\" marginwidth=\"0\" src=\"https:\/\/maps.google.es\/maps\/ms?ie=UTF8&amp;hl=es&amp;msa=0&amp;msid=107359855203283141524.000488e7a3ba2c1b57ea5&amp;t=h&amp;ll=37.807716,-4.866032&amp;spn=0.192359,0.169881&amp;output=embed\"><\/iframe><br \/><small>Ver <a href=\"https:\/\/maps.google.es\/maps\/ms?ie=UTF8&amp;hl=es&amp;msa=0&amp;msid=107359855203283141524.000488e7a3ba2c1b57ea5&amp;t=h&amp;ll=37.807716,-4.866032&amp;spn=0.192359,0.169881&amp;source=embed\" style=\"color:#0000FF;text-align:left\">V\u00eda Verde de la Campi\u00f1a<\/a> en un mapa m\u00e1s grande<\/small><\/p>\n<p>Una bonita manera de pasar un domingo.<\/p>\n","protected":false},"excerpt":{"rendered":"<p>El pasado domingo, aprovechando que estaba en C\u00f3rdoba, mi padre<\/p>\n","protected":false},"author":1,"featured_media":0,"comment_status":"open","ping_status":"open","sticky":false,"template":"","format":"standard","meta":{"advanced_seo_description":"","jetpack_seo_html_title":"","jetpack_seo_noindex":false,"_jetpack_memberships_contains_paid_content":false,"footnotes":"","jetpack_publicize_message":"","jetpack_publicize_feature_enabled":true,"jetpack_social_post_already_shared":false,"jetpack_social_options":{"image_generator_settings":{"template":"highway","default_image_id":0,"font":"","enabled":false},"version":2}},"categories":[24,8],"tags":[392,765,766,1322,1691,1708],"series":[],"class_list":["post-2079","post","type-post","status-publish","format-standard","hentry","category-ciclismo","category-deporte","tag-cordoba","tag-guadalcazar","tag-guadalquivir","tag-puente-de-ibn-firnas","tag-valchillon","tag-via-verde-de-la-campina"],"jetpack_publicize_connections":[],"jetpack_featured_media_url":"","jetpack_sharing_enabled":true,"_links":{"self":[{"href":"https:\/\/bitacora.eniac2000.com\/index.php?rest_route=\/wp\/v2\/posts\/2079","targetHints":{"allow":["GET"]}}],"collection":[{"href":"https:\/\/bitacora.eniac2000.com\/index.php?rest_route=\/wp\/v2\/posts"}],"about":[{"href":"https:\/\/bitacora.eniac2000.com\/index.php?rest_route=\/wp\/v2\/types\/post"}],"author":[{"embeddable":true,"href":"https:\/\/bitacora.eniac2000.com\/index.php?rest_route=\/wp\/v2\/users\/1"}],"replies":[{"embeddable":true,"href":"https:\/\/bitacora.eniac2000.com\/index.php?rest_route=%2Fwp%2Fv2%2Fcomments&post=2079"}],"version-history":[{"count":0,"href":"https:\/\/bitacora.eniac2000.com\/index.php?rest_route=\/wp\/v2\/posts\/2079\/revisions"}],"wp:attachment":[{"href":"https:\/\/bitacora.eniac2000.com\/index.php?rest_route=%2Fwp%2Fv2%2Fmedia&parent=2079"}],"wp:term":[{"taxonomy":"category","embeddable":true,"href":"https:\/\/bitacora.eniac2000.com\/index.php?rest_route=%2Fwp%2Fv2%2Fcategories&post=2079"},{"taxonomy":"post_tag","embeddable":true,"href":"https:\/\/bitacora.eniac2000.com\/index.php?rest_route=%2Fwp%2Fv2%2Ftags&post=2079"},{"taxonomy":"series","embeddable":true,"href":"https:\/\/bitacora.eniac2000.com\/index.php?rest_route=%2Fwp%2Fv2%2Fseries&post=2079"}],"curies":[{"name":"wp","href":"https:\/\/api.w.org\/{rel}","templated":true}]}}