{"id":2108,"date":"2010-07-01T00:50:04","date_gmt":"2010-06-30T22:50:04","guid":{"rendered":"http:\/\/bitacora.eniac2000.com\/?p=2108"},"modified":"2025-10-05T17:12:53","modified_gmt":"2025-10-05T15:12:53","slug":"entrenamiento-ciclista-ermitas-lagar-de-la-cruz-los-morales","status":"publish","type":"post","link":"https:\/\/bitacora.eniac2000.com\/?p=2108","title":{"rendered":"Entrenamiento ciclista: Ermitas &#8211; Lagar de la Cruz &#8211; Los Morales"},"content":{"rendered":"<p>Este mi\u00e9rcoles he seguido con mi entrenamiento ciclista. Es este caso he elegido un cl\u00e1sico para salir a rodar, dado que ya me consideraba en un estado de forma razonablemente bueno como para afrontar esta etapa: subida a Las Ermitas por la cuesta del Revent\u00f3n, de ah\u00ed al Lagar de la Cruz por la carretera de las Ermitas, y por \u00faltimo, vuelta a C\u00f3rdoba realizando la bajada por las espaldas del Hospital de Los Morales.<\/p>\n<p>Suena muy bonito decir que ten\u00eda planificado realizar esa etapa, cuando en realidad tengo que admitir que fue algo que surgi\u00f3 sobre la marcha. Sobre las 20:15h sal\u00ed de casa, con el \u00fanico objetivo de probarme, y ver si era capaz de subir hasta las Ermitas. Tom\u00e9 el Brillante arriba, para desviarme por la avenida de la Arruzafa. Era una tarde de bastante calor. Un term\u00f3metro de una farmacia marcaba, por encima de La Salle, 37\u00baC, mientras que mi term\u00f3metro de la bici marcaba 33\u00baC. Y la verdad, se dejaba notar.<\/p>\n<p>Enfil\u00e9 la subida de la carretera de Las Ermitas a un ritmo razonablemente bueno, pero la falta de subidas serias en mi entrenamiento se dejaba notar. Consegu\u00ed llegar hasta el comienzo de la cuesta del Revent\u00f3n sin echar pie a tierra, pero el \u00faltimo tramo de asfalto de la carretera tuve que hacerlo en zig-zag. Una vez arriba, descans\u00e9, y aprovech\u00e9 para tomar una vista panor\u00e1mica de la ciudad.<\/p>\n<figure class=\"wp-block-piwigo-gallery-single-image piwigo-single-image\"><a href=\"https:\/\/www.eniac2000.com\/piwigo\/picture.php?\/4466\" target=\"_blank\" rel=\"noopener noreferrer\"><img decoding=\"async\" src=\"https:\/\/www.eniac2000.com\/piwigo\/_data\/i\/galleries\/albums\/2010-12-23-valle-guadalquivir\/pano1-me.jpg\" alt=\"pano1\" \/><\/a><figcaption><strong>pano1<\/strong><\/figcaption><\/figure>\n<p>Continu\u00e9, una vez recuperado el resuello, con la subida. Apenas me encontr\u00e9 en la etapa con un par de ciclistas, uno subiendo y otro bajando, y una pareja de caballistas. La temperatura era m\u00e1s agradable, 28\u00baC, pero a esas alturas ya me hab\u00eda bebido un tercio de mi bid\u00f3n de agua.<\/p>\n<p>La siguiente parada tuvo como escenario el mirador de <a href=\"http:\/\/www.uco.es\/~bb1lorua\/\">Antonio L\u00f3pez<\/a>, donde no pude menos que echar la consabida foto ante el monolito en la memoria de este pionero del senderismo cordob\u00e9s.<\/p>\n<figure class=\"wp-block-piwigo-gallery-single-image piwigo-single-image\"><a href=\"https:\/\/www.eniac2000.com\/piwigo\/picture.php?\/8722\" target=\"_blank\" rel=\"noopener noreferrer\"><img decoding=\"async\" src=\"https:\/\/www.eniac2000.com\/piwigo\/_data\/i\/galleries\/albums\/ciclismo\/2010-06-30-ermitas-morales\/S8004443-me.JPG\" alt=\"S8004443\" \/><\/a><figcaption><strong>S8004443<\/strong><\/figcaption><\/figure>\n<p>La subida, tengo que admitirlo, se me estaba atragantando. He perdido bastante la costumbre de rodar sobre trazado irregular y lleno de piedras -pese a que la subida est\u00e1 hoy en d\u00eda bastante <em>civilizada<\/em>, merced al paso de la gente-, y tuve que echar pie a tierra m\u00e1s veces de lo que hubiera deseado. <\/p>\n<figure class=\"wp-block-piwigo-gallery-single-image piwigo-single-image\"><a href=\"https:\/\/www.eniac2000.com\/piwigo\/picture.php?\/8723\" target=\"_blank\" rel=\"noopener noreferrer\"><img decoding=\"async\" src=\"https:\/\/www.eniac2000.com\/piwigo\/_data\/i\/galleries\/albums\/ciclismo\/2010-06-30-ermitas-morales\/S8004444-me.JPG\" alt=\"S8004444\" \/><\/a><figcaption><strong>S8004444<\/strong><\/figcaption><\/figure>\n<p>Aun as\u00ed, pude hacer a un ritmo razonablemente bueno los dos \u00faltimos tramos de la subida, el que conduce al segundo mirador, y el que lleva de \u00e9ste hasta el puentecillo sobre un peque\u00f1o torrente de agua. Torrente que a\u00fan llevaba una cantidad testimonial de agua, lo que no deja de ser sorprendente para lo avanzado que est\u00e1 el a\u00f1o.<\/p>\n<p>Finalmente, llegu\u00e9 a la carretera. Victoria. Realic\u00e9 una peque\u00f1a pausa para tomar otra panor\u00e1mica de las Ermitas, y el valle del Guadalquivir:<\/p>\n<figure class=\"wp-block-piwigo-gallery-single-image piwigo-single-image\"><a href=\"https:\/\/www.eniac2000.com\/piwigo\/picture.php?\/4467\" target=\"_blank\" rel=\"noopener noreferrer\"><img decoding=\"async\" src=\"https:\/\/www.eniac2000.com\/piwigo\/_data\/i\/galleries\/albums\/2010-12-23-valle-guadalquivir\/pano2-me.jpg\" alt=\"pano2\" \/><\/a><figcaption><strong>pano2<\/strong><\/figcaption><\/figure>\n<p>Y as\u00ed, me encamin\u00e9 hacia las Ermitas. Cierto es que el punto en el que me encontraba tiene una altura superior a las propias Ermitas, pero ya se sabe, la meta marcada es la meta marcada. No dispon\u00eda de mucho tiempo, ya que el sol estaba cerca de su puesta, y ya se encontraba tapado por una inaudita nubosidad que no se hab\u00eda dejado sentir en toda la tarde.<\/p>\n<figure class=\"wp-block-piwigo-gallery-single-image piwigo-single-image\"><a href=\"https:\/\/www.eniac2000.com\/piwigo\/picture.php?\/8725\" target=\"_blank\" rel=\"noopener noreferrer\"><img decoding=\"async\" src=\"https:\/\/www.eniac2000.com\/piwigo\/_data\/i\/galleries\/albums\/ciclismo\/2010-06-30-ermitas-morales\/S8004453-me.JPG\" alt=\"S8004453\" \/><\/a><figcaption><strong>S8004453<\/strong><\/figcaption><\/figure>\n<p>Estuve un rato disfrutando de las vistas, entre las que me impresion\u00f3 el poder contemplar el castillo de Almod\u00f3var alzarse entre la bruma que se extend\u00eda por el valle del Guadalquivir, provocada por el bochorno de la jornada.<\/p>\n<figure class=\"wp-block-piwigo-gallery-single-image piwigo-single-image\"><a href=\"https:\/\/www.eniac2000.com\/piwigo\/picture.php?\/8727\" target=\"_blank\" rel=\"noopener noreferrer\"><img decoding=\"async\" src=\"https:\/\/www.eniac2000.com\/piwigo\/_data\/i\/galleries\/albums\/ciclismo\/2010-06-30-ermitas-morales\/S8004455-me.JPG\" alt=\"S8004455\" \/><\/a><figcaption><strong>S8004455<\/strong><\/figcaption><\/figure>\n<p>Tampoco desmerec\u00eda el contemplar la subida que acababa de afrontar. No por conocida es menos impresionante:<\/p>\n<figure class=\"wp-block-piwigo-gallery-single-image piwigo-single-image\"><a href=\"https:\/\/www.eniac2000.com\/piwigo\/picture.php?\/8726\" target=\"_blank\" rel=\"noopener noreferrer\"><img decoding=\"async\" src=\"https:\/\/www.eniac2000.com\/piwigo\/_data\/i\/galleries\/albums\/ciclismo\/2010-06-30-ermitas-morales\/S8004454-me.JPG\" alt=\"S8004454\" \/><\/a><figcaption><strong>S8004454<\/strong><\/figcaption><\/figure>\n<p>Tocaba volver. Y si bien mi idea inicial era bajar por el mismo camino, me entraron ganas de volver por el Lagar de la Cruz. Dicho y hecho. Tom\u00e9 la carretera que lleva al Lagar, y afront\u00e9 con paciencia la subida. No es una subida -ni mucho menos- suave, si bien despu\u00e9s de la paliza de la cuesta del Revent\u00f3n se tiende a subestimarla. El primer kil\u00f3metro es especialmente picado, aunque a partir del segundo hay algunos descansos e incluso alguna bajada.<\/p>\n<p>Llegu\u00e9 al Lagar, y tuve que afrontar la \u00faltima decisi\u00f3n: \u00bfpor d\u00f3nde bajar, por la carretera de Villaviciosa, por la cuesta de la Traici\u00f3n o por Los Morales? Opt\u00e9 por este \u00faltimo, ya que a\u00fan hab\u00eda suficiente luz, pero tampoco estaba la cosa para demasiadas alegr\u00edas (aunque no ser\u00eda la primera vez que tuviera que bajar por ese camino a la luz de la luna). Y era una bonita excusa para pasar por la fuente de los Piconeros:<\/p>\n<figure class=\"wp-block-piwigo-gallery-single-image piwigo-single-image\"><a href=\"https:\/\/www.eniac2000.com\/piwigo\/picture.php?\/8728\" target=\"_blank\" rel=\"noopener noreferrer\"><img decoding=\"async\" src=\"https:\/\/www.eniac2000.com\/piwigo\/_data\/i\/galleries\/albums\/ciclismo\/2010-06-30-ermitas-morales\/S8004456-me.JPG\" alt=\"S8004456\" \/><\/a><figcaption><strong>S8004456<\/strong><\/figcaption><\/figure>\n<p>La bajada, como siempre, fue bastante emocionante. Muy t\u00e9cnica, con caminos angostos, mucha piedra suelta y abundantes y traicioneras roderas.<\/p>\n<figure class=\"wp-block-piwigo-gallery-single-image piwigo-single-image\"><a href=\"https:\/\/www.eniac2000.com\/piwigo\/picture.php?\/8729\" target=\"_blank\" rel=\"noopener noreferrer\"><img decoding=\"async\" src=\"https:\/\/www.eniac2000.com\/piwigo\/_data\/i\/galleries\/albums\/ciclismo\/2010-06-30-ermitas-morales\/S8004457-me.JPG\" alt=\"S8004457\" \/><\/a><figcaption><strong>S8004457<\/strong><\/figcaption><\/figure>\n<p>Poco a poco iba recuperando el tacto, pero tuve que echar pie a tierra en un par de ocasiones. En una de ellas, ya puestos, aprovech\u00e9 para tomar una bonita panor\u00e1mica de la ciudad, por encima de Los Morales:<\/p>\n<figure class=\"wp-block-piwigo-gallery-single-image piwigo-single-image\"><a href=\"https:\/\/www.eniac2000.com\/piwigo\/picture.php?\/4468\" target=\"_blank\" rel=\"noopener noreferrer\"><img decoding=\"async\" src=\"https:\/\/www.eniac2000.com\/piwigo\/_data\/i\/galleries\/albums\/2010-12-23-valle-guadalquivir\/pano3-me.jpg\" alt=\"pano3\" \/><\/a><figcaption><strong>pano3<\/strong><\/figcaption><\/figure>\n<p>Desde los Morales entr\u00e9 en C\u00f3rdoba por la Huerta de Hierro, descendiendo posteriormente por la calle Sansue\u00f1a, y por \u00faltimo, de vuelta a casa por la cuesta Negra. Una bonita etapa que tuvo como colof\u00f3n un refrescante ba\u00f1o en la piscina.<\/p>\n<p><strong>Datos de la etapa:<\/strong><\/p>\n<ul>\n<li><strong>Distancia recorrida:<\/strong> 17&#8217;540 km<\/li>\n<li><strong>Tiempo empleado:<\/strong> 1h 20m 14s<\/li>\n<\/ul>\n<p>El recorrido de la etapa en Google Maps es el siguiente:<\/p>\n<p><iframe loading=\"lazy\" width=\"425\" height=\"350\" frameborder=\"0\" scrolling=\"no\" marginheight=\"0\" marginwidth=\"0\" src=\"https:\/\/maps.google.es\/maps\/ms?ie=UTF8&amp;hl=es&amp;msa=0&amp;ll=37.884727,-4.779152&amp;spn=0.569026,0.883026&amp;t=h&amp;msid=107359855203283141524.00048a4703d1fed752f5d&amp;output=embed\"><\/iframe><br \/><small>Ver <a href=\"https:\/\/maps.google.es\/maps\/ms?ie=UTF8&amp;hl=es&amp;msa=0&amp;ll=37.884727,-4.779152&amp;spn=0.569026,0.883026&amp;t=h&amp;msid=107359855203283141524.00048a4703d1fed752f5d&amp;source=embed\" style=\"color:#0000FF;text-align:left\">2010\/06\/30. Las Ermitas &#8211; Lagar de la Cruz &#8211; Los Morales<\/a> en un mapa m\u00e1s grande<\/small><\/p>\n","protected":false},"excerpt":{"rendered":"<p>Este mi\u00e9rcoles he seguido con mi entrenamiento ciclista. Es este<\/p>\n","protected":false},"author":1,"featured_media":0,"comment_status":"open","ping_status":"open","sticky":false,"template":"","format":"standard","meta":{"advanced_seo_description":"","jetpack_seo_html_title":"","jetpack_seo_noindex":false,"_jetpack_memberships_contains_paid_content":false,"footnotes":"","jetpack_publicize_message":"","jetpack_publicize_feature_enabled":true,"jetpack_social_post_already_shared":false,"jetpack_social_options":{"image_generator_settings":{"template":"highway","default_image_id":0,"font":"","enabled":false},"version":2}},"categories":[24,8],"tags":[392,702,950,964,1000],"series":[],"class_list":["post-2108","post","type-post","status-publish","format-standard","hentry","category-ciclismo","category-deporte","tag-cordoba","tag-fuente-de-los-piconeros","tag-lagar-de-la-cruz","tag-las-ermitas","tag-los-morales"],"jetpack_publicize_connections":[],"jetpack_featured_media_url":"","jetpack_sharing_enabled":true,"_links":{"self":[{"href":"https:\/\/bitacora.eniac2000.com\/index.php?rest_route=\/wp\/v2\/posts\/2108","targetHints":{"allow":["GET"]}}],"collection":[{"href":"https:\/\/bitacora.eniac2000.com\/index.php?rest_route=\/wp\/v2\/posts"}],"about":[{"href":"https:\/\/bitacora.eniac2000.com\/index.php?rest_route=\/wp\/v2\/types\/post"}],"author":[{"embeddable":true,"href":"https:\/\/bitacora.eniac2000.com\/index.php?rest_route=\/wp\/v2\/users\/1"}],"replies":[{"embeddable":true,"href":"https:\/\/bitacora.eniac2000.com\/index.php?rest_route=%2Fwp%2Fv2%2Fcomments&post=2108"}],"version-history":[{"count":0,"href":"https:\/\/bitacora.eniac2000.com\/index.php?rest_route=\/wp\/v2\/posts\/2108\/revisions"}],"wp:attachment":[{"href":"https:\/\/bitacora.eniac2000.com\/index.php?rest_route=%2Fwp%2Fv2%2Fmedia&parent=2108"}],"wp:term":[{"taxonomy":"category","embeddable":true,"href":"https:\/\/bitacora.eniac2000.com\/index.php?rest_route=%2Fwp%2Fv2%2Fcategories&post=2108"},{"taxonomy":"post_tag","embeddable":true,"href":"https:\/\/bitacora.eniac2000.com\/index.php?rest_route=%2Fwp%2Fv2%2Ftags&post=2108"},{"taxonomy":"series","embeddable":true,"href":"https:\/\/bitacora.eniac2000.com\/index.php?rest_route=%2Fwp%2Fv2%2Fseries&post=2108"}],"curies":[{"name":"wp","href":"https:\/\/api.w.org\/{rel}","templated":true}]}}