{"id":2128,"date":"2010-07-17T17:05:16","date_gmt":"2010-07-17T15:05:16","guid":{"rendered":"http:\/\/bitacora.eniac2000.com\/?p=2128"},"modified":"2025-10-05T17:12:53","modified_gmt":"2025-10-05T15:12:53","slug":"entrenamiento-ciclista-ruta-del-agua-en-guillena","status":"publish","type":"post","link":"https:\/\/bitacora.eniac2000.com\/?p=2128","title":{"rendered":"Entrenamiento ciclista: Ruta del Agua en Guillena"},"content":{"rendered":"<p>Tengo que admitirlo: se nos fue de las manos. El pasado jueves 15 quedamos Manolo, Rafa y yo para realizar la Ruta del Agua, partiendo de Guillena por el Cordel de la Cruz de la Mujer, para bordear los embalses de G\u00e9rgal y Guillena, y volver por el mismo cordel hasta Guillena.<\/p>\n<p>Hab\u00edamos quedado a las 19:30h, al salir del trabajo, en la gasolinera de la entrada de Guillena. Un poco antes de lo habitual, pese al calor, debido a que la etapa iba a ser algo m\u00e1s larga de lo com\u00fan entre las etapas de \u00abentre semana\u00bb. Lo afrontamos con el uso de protector solar y una mayor reserva de agua, merced a camelbacks, en el caso de Manolo y Rafa (aunque el de Rafa carec\u00eda -al no haberse dado cuenta al comprarlo- de boquilla reguladora). Una vez hubo llegado Manolo, nos dirigimos con los coches al comiendo del Cordel de la Cruz de la Mujer, donde empezamos la etapa a las 19:49h.<\/p>\n<p>El primer tramo de la etapa es en subida continua, aunque la mayor parte del tiempo suave, hasta el desv\u00edo a mano derecha -a la altura de unos eucaliptos, donde se toma el comienzo de la Ruta del Agua.<\/p>\n<figure class=\"wp-block-piwigo-gallery-single-image piwigo-single-image\"><a href=\"https:\/\/www.eniac2000.com\/piwigo\/picture.php?\/8747\" target=\"_blank\" rel=\"noopener noreferrer\"><img decoding=\"async\" src=\"https:\/\/www.eniac2000.com\/piwigo\/_data\/i\/galleries\/albums\/ciclismo\/2010-07-15-ruta-agua-guillena\/S8004525-me.JPG\" alt=\"S8004525\" \/><\/a><figcaption><strong>S8004525<\/strong><\/figcaption><\/figure>\n<p>Este tramo de la Ruta del Agua transcurre junto a los pantanos de G\u00e9rgal y Guillena, a trav\u00e9s de una vegetaci\u00f3n t\u00edpicamente mediterr\u00e1nea, en la que se puede contemplar gran cantidad de fauna aut\u00f3ctona. De hecho, nos hinchamos a ver conejos y perdices, que no s\u00f3lo encontr\u00e1bamos en cantidad, sino que apenas hu\u00edan ante nuestra presencia.<\/p>\n<p>Estos primeros compases de la etapa los superamos a un ritmo bastante bueno, ya que el camino, si bien en permanente ascenso, est\u00e1 bien acondicionado y apenas tiene algunos repechos serios. Sin embargo, los problemas mec\u00e1nicos empezaron a hacer mella en el rendimiento de Rafa, por lo que fue necesario hacer el ritmo algo m\u00e1s relajado. No hay mal que por bien no venga, ya que pudimos aprovechar para contemplar el paisaje con algo m\u00e1s de relax.<\/p>\n<figure class=\"wp-block-piwigo-gallery-single-image piwigo-single-image\"><a href=\"https:\/\/www.eniac2000.com\/piwigo\/picture.php?\/8749\" target=\"_blank\" rel=\"noopener noreferrer\"><img decoding=\"async\" src=\"https:\/\/www.eniac2000.com\/piwigo\/_data\/i\/galleries\/albums\/ciclismo\/2010-07-15-ruta-agua-guillena\/S8004527-me.JPG\" alt=\"S8004527\" \/><\/a><figcaption><strong>S8004527<\/strong><\/figcaption><\/figure>\n<p>E incluso, para hacer un poco el bestia:<\/p>\n<figure class=\"wp-block-piwigo-gallery-single-image piwigo-single-image\"><a href=\"https:\/\/www.eniac2000.com\/piwigo\/picture.php?\/8743\" target=\"_blank\" rel=\"noopener noreferrer\"><img decoding=\"async\" src=\"https:\/\/www.eniac2000.com\/piwigo\/_data\/i\/galleries\/albums\/ciclismo\/2010-07-15-ruta-agua-guillena\/334534131-me.jpg\" alt=\"334534131\" \/><\/a><figcaption><strong>334534131<\/strong><\/figcaption><\/figure>\n<p>La tarde avanzaba, y el sol cada vez amenazaba con ocultarse tras las monta\u00f1as. As\u00ed, llegamos hasta las cercan\u00edas de la presa de Guillena. Desde aqu\u00ed ten\u00edamos dos alternativas: volver superando la impresionante subida hasta retomar el cordel de la Cruz de la Mujer, o bajar hasta la presa&#8230; y volver superando la impresionante subida hasta el cordel de la Cruz de la mujer. <img src=\"https:\/\/bitacora.eniac2000.com\/wp-includes\/images\/smilies\/mrgreen.png\" alt=\":mrgreen:\" class=\"wp-smiley\" style=\"height: 1em; max-height: 1em;\" \/> Y tomamos la segunda opci\u00f3n. Ya que hab\u00edamos llegado hasta all\u00ed, no \u00edbamos a volvernos sin ver la presa. A esas alturas, casi hab\u00eda agotado mi bid\u00f3n de agua. El calor de la tarde se estaba dejando notar.<\/p>\n<figure class=\"wp-block-piwigo-gallery-single-image piwigo-single-image\"><a href=\"https:\/\/www.eniac2000.com\/piwigo\/picture.php?\/8753\" target=\"_blank\" rel=\"noopener noreferrer\"><img decoding=\"async\" src=\"https:\/\/www.eniac2000.com\/piwigo\/_data\/i\/galleries\/albums\/ciclismo\/2010-07-15-ruta-agua-guillena\/pano-embalse-guillena-1-me.jpg\" alt=\"pano-embalse-guillena-1\" \/><\/a><figcaption><strong>pano-embalse-guillena-1<\/strong><\/figcaption><\/figure>\n<p>Pasaban las 21:00h cuando llegamos a la presa. Contemplamos la zona, aprovechamos para avituallarnos, y descansar un poco antes de emprender la subida. Hab\u00eda merecido la pena bajar, pero ahora nos tocaba remontar dos pendientes: la que nos hab\u00eda de llevar de nuevo al cruce anterior, y la pared que ten\u00edamos por delante. La etapa se nos estaba empezando a ir de las manos.<\/p>\n<p>Emprendimos la primera de las subidas, en la que las dificultades mec\u00e1nicas hicieron mella en Rafa, imposibilitado de usar su plato peque\u00f1o. R\u00e1pidamente consegu\u00ed abrir hueco en la subida, que aprovech\u00e9 para tomar unas im\u00e1genes del embalse:<\/p>\n<figure class=\"wp-block-piwigo-gallery-single-image piwigo-single-image\"><a href=\"https:\/\/www.eniac2000.com\/piwigo\/picture.php?\/8754\" target=\"_blank\" rel=\"noopener noreferrer\"><img decoding=\"async\" src=\"https:\/\/www.eniac2000.com\/piwigo\/_data\/i\/galleries\/albums\/ciclismo\/2010-07-15-ruta-agua-guillena\/pano-embalse-guillena-2-me.jpg\" alt=\"pano-embalse-guillena-2\" \/><\/a><figcaption><strong>pano-embalse-guillena-2<\/strong><\/figcaption><\/figure>\n<p>Cuando vi que Manolo y Rafa aparec\u00edan por el camino, retom\u00e9 la marcha a un ritmo suave, con el fin de poder emprender la subida a la pared en las mejores condiciones posibles. De nuevo en el cruce, esper\u00e9 hasta que Manolo apareci\u00f3 y se ve\u00eda a Rafa acercarse. Ambos emprendimos, pues, la subida hacia el Cordel.<\/p>\n<p>Dos kil\u00f3metros de ascenso para salvar un desnivel de m\u00e1s de 150 metros (m\u00e1s de un 7&#8217;5% de pendiente media), con un tramo de un kil\u00f3metro con un 10% de media. 12 curvas. Firme de tierra, con zonas muy onduladas. Y con dos \u00abenga\u00f1os\u00bb: dos zonas que parec\u00edan el final de la subida, pero que aguardaban dos tramos m\u00e1s de sufrimiento. Se me hizo dur\u00edsimo. Al final de la subida le hab\u00eda sacado cerca de un minuto a Manolo, apenas subiendo a ritmo, pero supuso un esfuerzo dur\u00edsimo con el <a href=\"http:\/\/bicymas.blogspot.com\/2009\/02\/el-desarrollo-de-la-bicicleta.html\">desarrollo<\/a> m\u00e1s suave del que dispon\u00eda: un 28&#215;28 de la vieja bicicleta de entrenamiento. El resultado: mal\u00edsimas sensaciones en el tramo final de la subida, que se vieron confirmadas con sendos tirones casi simult\u00e1neos en los gemelos. Por suerte pude bajarme al notar el primero de ellos. Y para colmo, me hab\u00eda quedado sin agua.<\/p>\n<p>Manolo lleg\u00f3 al poco, y estuvimos haciendo algo de tiempo hasta que dio la vuelta para ir a buscar a Rafa. \u00c9ste, que hab\u00eda engranado manualmente el plato peque\u00f1o al inicio de la subida, sufri\u00f3 lo indecible cuando se le volvi\u00f3 a engranar el plato medio en lo m\u00e1s duro de la pendiente. Con un heroico esfuerzo, consigui\u00f3 terminar la subida. Y aprovech\u00f3 para fotografiar una bandada de perdices que, cual si le hicieran la burla, caminaban delante de \u00e9l, pero sin permitirle alcanzarlas, incrementando poco a poco su ritmo de carrera.<\/p>\n<figure class=\"wp-block-piwigo-gallery-single-image piwigo-single-image\"><a href=\"https:\/\/www.eniac2000.com\/piwigo\/picture.php?\/8746\" target=\"_blank\" rel=\"noopener noreferrer\"><img decoding=\"async\" src=\"https:\/\/www.eniac2000.com\/piwigo\/galleries\/albums\/ciclismo\/2010-07-15-ruta-agua-guillena\/337431837.jpg\" alt=\"337431837\" \/><\/a><figcaption><strong>337431837<\/strong><\/figcaption><\/figure>\n<p>Pasaban de las diez menos cuarto de la noche, hab\u00edamos empleado casi media hora en apenas tres kil\u00f3metros de subida -dur\u00edsima, eso s\u00ed, no hab\u00eda tenido peores sensaciones desde que corr\u00ed la I Marat\u00f3n MTB Sierra Morena-, y nos est\u00e1bamos quedando sin luz. Y ten\u00eda una sed de muerte.<\/p>\n<p>Emprendimos la vuelta a Guillena. Ten\u00edamos que darnos prisa, ya que a\u00fan ten\u00edamos por delante casi 10 kil\u00f3metros de recorrido antes de llegar al punto de partida. La ventaja es que era casi todo descenso o falso llano, y casi totalmente recto. En gran cantidad de tramos pude engranar el desarrollo 48&#215;11, y hacer kil\u00f3metros a velocidad de v\u00e9rtigo. Pero la sed en mi caso -Manolo tuvo incluso que hacerme de <em>nave nodriza<\/em> y suministrarme agua de su camelback en marcha- y los problemas mec\u00e1nicos de Rafa, as\u00ed como la falta de luz hicieron que tuvi\u00e9ramos que moderar un poco el ritmo. Finalmente llegamos, con Manolo y yo a la par, al punto de partida. Eran m\u00e1s de las diez y veinte de la noche. Hab\u00edamos tardado 2:26:36 en recorrer 32&#8217;1 kil\u00f3metros de etapa. Se nos hab\u00eda ido de las manos, s\u00ed, pero&#8230; \u00a1c\u00f3mo lo disfrutamos!<\/p>\n<p>El recorrido, visto en Google Maps, es el siguiente:<\/p>\n<p><iframe loading=\"lazy\" width=\"425\" height=\"350\" frameborder=\"0\" scrolling=\"no\" marginheight=\"0\" marginwidth=\"0\" src=\"https:\/\/maps.google.es\/maps\/ms?ie=UTF8&amp;hl=es&amp;msa=0&amp;msid=107359855203283141524.00048b7caff476d1ff598&amp;t=h&amp;ll=37.594582,-6.064225&amp;spn=0.092797,0.03649&amp;output=embed\"><\/iframe><br \/><small>Ver <a href=\"https:\/\/maps.google.es\/maps\/ms?ie=UTF8&amp;hl=es&amp;msa=0&amp;msid=107359855203283141524.00048b7caff476d1ff598&amp;t=h&amp;ll=37.594582,-6.064225&amp;spn=0.092797,0.03649&amp;source=embed\" style=\"color:#0000FF;text-align:left\">2010\/07\/15 &#8211; Ruta del Agua<\/a> en un mapa m\u00e1s grande<\/small><\/p>\n<p>Por desgracia, no dispongo apenas de datos de mi puls\u00f3metro, ya que con el traqueteo inicial de la etapa se detuvo el cron\u00f3metro, con lo que dej\u00f3 de recoger valores. Apenas dispongo de datos de los 50 \u00faltimos minutos, en los que tuve una media de 140 pulsaciones, un tope de 171, un consumo medio de 1030 kcal\/h, un tope de 1340 kcal\/h, y un consumo total de 866 kcal. S\u00ed pude ver que en algunos momentos de la subida final alcanc\u00e9 las 184 pulsaciones por minuto.<\/p>\n","protected":false},"excerpt":{"rendered":"<p>Tengo que admitirlo: se nos fue de las manos. El<\/p>\n","protected":false},"author":1,"featured_media":0,"comment_status":"open","ping_status":"open","sticky":false,"template":"","format":"standard","meta":{"advanced_seo_description":"","jetpack_seo_html_title":"","jetpack_seo_noindex":false,"_jetpack_memberships_contains_paid_content":false,"footnotes":"","jetpack_publicize_message":"","jetpack_publicize_feature_enabled":true,"jetpack_social_post_already_shared":false,"jetpack_social_options":{"image_generator_settings":{"template":"highway","default_image_id":0,"font":"","enabled":false},"version":2}},"categories":[24,8],"tags":[591,592,771,1455],"series":[],"class_list":["post-2128","post","type-post","status-publish","format-standard","hentry","category-ciclismo","category-deporte","tag-embalse-de-gergal","tag-embalse-de-guillena","tag-guillena","tag-ruta-del-agua"],"jetpack_publicize_connections":[],"jetpack_featured_media_url":"","jetpack_sharing_enabled":true,"_links":{"self":[{"href":"https:\/\/bitacora.eniac2000.com\/index.php?rest_route=\/wp\/v2\/posts\/2128","targetHints":{"allow":["GET"]}}],"collection":[{"href":"https:\/\/bitacora.eniac2000.com\/index.php?rest_route=\/wp\/v2\/posts"}],"about":[{"href":"https:\/\/bitacora.eniac2000.com\/index.php?rest_route=\/wp\/v2\/types\/post"}],"author":[{"embeddable":true,"href":"https:\/\/bitacora.eniac2000.com\/index.php?rest_route=\/wp\/v2\/users\/1"}],"replies":[{"embeddable":true,"href":"https:\/\/bitacora.eniac2000.com\/index.php?rest_route=%2Fwp%2Fv2%2Fcomments&post=2128"}],"version-history":[{"count":0,"href":"https:\/\/bitacora.eniac2000.com\/index.php?rest_route=\/wp\/v2\/posts\/2128\/revisions"}],"wp:attachment":[{"href":"https:\/\/bitacora.eniac2000.com\/index.php?rest_route=%2Fwp%2Fv2%2Fmedia&parent=2128"}],"wp:term":[{"taxonomy":"category","embeddable":true,"href":"https:\/\/bitacora.eniac2000.com\/index.php?rest_route=%2Fwp%2Fv2%2Fcategories&post=2128"},{"taxonomy":"post_tag","embeddable":true,"href":"https:\/\/bitacora.eniac2000.com\/index.php?rest_route=%2Fwp%2Fv2%2Ftags&post=2128"},{"taxonomy":"series","embeddable":true,"href":"https:\/\/bitacora.eniac2000.com\/index.php?rest_route=%2Fwp%2Fv2%2Fseries&post=2128"}],"curies":[{"name":"wp","href":"https:\/\/api.w.org\/{rel}","templated":true}]}}