{"id":2153,"date":"2010-07-29T17:44:36","date_gmt":"2010-07-29T15:44:36","guid":{"rendered":"http:\/\/bitacora.eniac2000.com\/?p=2153"},"modified":"2010-07-29T17:44:36","modified_gmt":"2010-07-29T15:44:36","slug":"entrenamiento-ciclista-vereda-de-alcolea-torreblanca","status":"publish","type":"post","link":"https:\/\/bitacora.eniac2000.com\/?p=2153","title":{"rendered":"Entrenamiento ciclista: Vereda de Alcolea \u2013 Torreblanca"},"content":{"rendered":"<p>El pasado domingo realic\u00e9 mi \u00faltimo entrenamiento en C\u00f3rdoba antes de empezar la V\u00eda de la Plata en Zamora. Y por primera vez en mucho tiempo, \u00e9ramos tres los que sal\u00edamos a rodar: yo mismo, Pablo, y mi buen amigo <a href=\"http:\/\/lasnoyas.com\/blog\/\">Taran<\/a>, que ha decidido pasarse de nuevo a la vida sana.<\/p>\n<p>Dado que a\u00fan segu\u00eda convaleciente de mi lesi\u00f3n, y que el bueno de Taran ten\u00eda a\u00fan que coger algo de fondo, opt\u00e9 por preparar una etapa tranquila: Vial Norte, Vereda de Alcolea, para girar a la izquierda sobre el Canal del Guadalmellato y, atravesando las canteras de Asland (Cimpor, mejor dicho), aparecer en Torreblanca, por debajo de la Virgen de Linares, y volver a C\u00f3rdoba por la Carrera del Caballo o bordeando el arroyo Pedroches.<\/p>\n<p>Empezamos la etapa poco despu\u00e9s de las ocho de la ma\u00f1ana, ya que el d\u00eda se preve\u00eda caluroso. La marcha no tuvo mayor novedad hasta alcanzar el arroyo Pedroches aguas abajo del puente romano que lo cruza, donde tuvimos que sortear la primera valla del d\u00eda (que no ser\u00eda, ni mucho menos, la \u00faltima), dado que la zona se encuentra en obras. Alcanzamos la parte asfaltada de la vereda, que recorrimos a un ritmo razonable, hasta alcanzar la zona de pista, donde tomamos una de las dos fotos del d\u00eda:<\/p>\n<figure id=\"attachment_2159\" aria-describedby=\"caption-attachment-2159\" style=\"width: 400px\" class=\"wp-caption aligncenter\"><a href=\"http:\/\/bitacora.eniac2000.com\/wp-content\/uploads\/2010\/07\/S8004551.jpg\"><img loading=\"lazy\" decoding=\"async\" src=\"http:\/\/bitacora.eniac2000.com\/wp-content\/uploads\/2010\/07\/S8004551-400x300.jpg\" alt=\"Bicis en equilibrio\" title=\"Bicis en equilibrio\" width=\"400\" height=\"300\" class=\"size-medium wp-image-2159\" \/><\/a><figcaption id=\"caption-attachment-2159\" class=\"wp-caption-text\">Bicis en equilibrio<\/figcaption><\/figure>\n<p>Recorrimos la vereda hasta el punto en el que se acerca enormemente al canal de aguas, donde nos desviamos para pasar por encima de este \u00faltimo, no sin antes sortear dos nuevas vallas, una de ellas con advertencia de explosivos incluida. A partir de ah\u00ed el rodar se hizo m\u00e1s desagradable, ya que los caminos que anta\u00f1o exist\u00edan en esta zona han sido pr\u00e1cticamente arrasados con maquinaria pesada, y el terreno est\u00e1 bastante suelto. Aun as\u00ed, conseguimos llegar hasta el camino de las canteras -no sin antes tener que saltar de nuevo otra valla-, y continuar por el camino forestal que comunica esta zona con la parte baja de Torreblanca. Desde este punto tomamos una foto de la laguna artificial que se ha formado en una cantera abandonada:<\/p>\n<figure id=\"attachment_2160\" aria-describedby=\"caption-attachment-2160\" style=\"width: 400px\" class=\"wp-caption aligncenter\"><a href=\"http:\/\/bitacora.eniac2000.com\/wp-content\/uploads\/2010\/07\/S8004552.jpg\"><img loading=\"lazy\" decoding=\"async\" src=\"http:\/\/bitacora.eniac2000.com\/wp-content\/uploads\/2010\/07\/S8004552-400x300.jpg\" alt=\"Laguna de la cantera\" title=\"Laguna de la cantera\" width=\"400\" height=\"300\" class=\"size-medium wp-image-2160\" \/><\/a><figcaption id=\"caption-attachment-2160\" class=\"wp-caption-text\">Laguna de la cantera<\/figcaption><\/figure>\n<p>El agua de la laguna, dicho sea de paso, muestra un color sospechosamente azulado. Demasiado azulado&#8230;<\/p>\n<p>Una vez m\u00e1s, nos vimos obligados a cruzar una verja para poder continuar nuestro camino. Aunque en este caso era m\u00e1s sangrante a\u00fan, ya que es un camino que los propietarios del terreno -Asland, en su d\u00eda- se vieron obligados a abrir, ya que esta zona es de libre tr\u00e1nsito. Pues bien: el paso no puede ser m\u00e1s angosto, de tal manera que es complicado que pase una persona, y no digamos una bici. Tanto fue as\u00ed que tuvimos que pasarnos las bicis por encima de la cerca. Y de nuevo, dentro del terreno la situaci\u00f3n no era precisamente mejor: de nuevo la tierra se encontraba removida con maquinaria pesada, e incluso la salida, ya en Torreblanca, se encontraba dificultada merced a una profunda zanja que se hab\u00eda excavado junto delante del paso en la cerca.<\/p>\n<p>Superadas estas dificultades, llegamos hasta la urbanizaci\u00f3n perpetrada por Sandok\u00e1n en la zona de la Virgen de Linares. La atravesamos hasta llegar al viejo tramo de la N-432, donde decidimos volver realizando el descenso del arroyo Pedroches. Pero cuando nos dirig\u00edamos hacia all\u00ed, Taran sufri\u00f3 una ca\u00edda en un tramo de asfalto, merced al cansancio acumulado. Visto lo visto, consideramos razonable dar por finalizada la etapa, y volver a C\u00f3rdoba. Ya habr\u00eda tiempo de realizar descensos. Dimos por concluida la etapa de nuevo en el Vial Norte, en el paso sobre las v\u00edas donde anta\u00f1o se encontraba el Cuartel de Automovilismo.<\/p>\n<p>Por mi parte, las sensaciones de la etapa fueron buenas. No tuve molestias en los gemelos, y me permiti\u00f3 rodar un poco por la Sierra antes de emprender mi marcha al Norte. <img src=\"https:\/\/bitacora.eniac2000.com\/wp-includes\/images\/smilies\/mrgreen.png\" alt=\":mrgreen:\" class=\"wp-smiley\" style=\"height: 1em; max-height: 1em;\" \/> <\/p>\n<p>En esta ocasi\u00f3n la geolocalizaci\u00f3n de la etapa corri\u00f3 a cargo de Taran y su Google Nexus One, equipado con el software de Endomondo:<\/p>\n<p><iframe loading=\"lazy\" src=\"http:\/\/www.endomondo.com\/embed\/workouts?w=mE2iCWlZIRE&#038;width=600&#038;height=500\" width=\"600\" height=\"500\" frameborder=\"0\" scrolling=\"no\"><\/iframe><\/p>\n<p><strong>Editado:<\/strong> Por cierto, me he olvidado de incluir los datos de la etapa. La etapa tuvo una longitud de 15&#8217;8 km, que recorrimos en 1h 34m 55s (seg\u00fan el veloc\u00edmetro). Los datos del puls\u00f3metro fueron los siguientes: 1h 47m 25s de medici\u00f3n, con unas pulsaciones medias de 107\/min, 159 pulsaciones\/min de m\u00e1xima, un consumo medio de 700 kcal\/h, m\u00e1ximo de 1220, y 25m 0s en el rango de pulsaciones.<\/p>\n","protected":false},"excerpt":{"rendered":"<p>El pasado domingo realic\u00e9 mi \u00faltimo entrenamiento en C\u00f3rdoba antes<\/p>\n","protected":false},"author":1,"featured_media":0,"comment_status":"open","ping_status":"open","sticky":false,"template":"","format":"standard","meta":{"advanced_seo_description":"","jetpack_seo_html_title":"","jetpack_seo_noindex":false,"_jetpack_memberships_contains_paid_content":false,"footnotes":"","jetpack_publicize_message":"","jetpack_publicize_feature_enabled":true,"jetpack_social_post_already_shared":false,"jetpack_social_options":{"image_generator_settings":{"template":"highway","default_image_id":0,"font":"","enabled":false},"version":2}},"categories":[24,8],"tags":[336,392,600,1726,1754],"series":[],"class_list":["post-2153","post","type-post","status-publish","format-standard","hentry","category-ciclismo","category-deporte","tag-carrera-del-caballo","tag-cordoba","tag-endomondo","tag-vereda-de-alcolea","tag-virgen-de-linares"],"jetpack_publicize_connections":[],"jetpack_featured_media_url":"","jetpack_sharing_enabled":true,"_links":{"self":[{"href":"https:\/\/bitacora.eniac2000.com\/index.php?rest_route=\/wp\/v2\/posts\/2153","targetHints":{"allow":["GET"]}}],"collection":[{"href":"https:\/\/bitacora.eniac2000.com\/index.php?rest_route=\/wp\/v2\/posts"}],"about":[{"href":"https:\/\/bitacora.eniac2000.com\/index.php?rest_route=\/wp\/v2\/types\/post"}],"author":[{"embeddable":true,"href":"https:\/\/bitacora.eniac2000.com\/index.php?rest_route=\/wp\/v2\/users\/1"}],"replies":[{"embeddable":true,"href":"https:\/\/bitacora.eniac2000.com\/index.php?rest_route=%2Fwp%2Fv2%2Fcomments&post=2153"}],"version-history":[{"count":0,"href":"https:\/\/bitacora.eniac2000.com\/index.php?rest_route=\/wp\/v2\/posts\/2153\/revisions"}],"wp:attachment":[{"href":"https:\/\/bitacora.eniac2000.com\/index.php?rest_route=%2Fwp%2Fv2%2Fmedia&parent=2153"}],"wp:term":[{"taxonomy":"category","embeddable":true,"href":"https:\/\/bitacora.eniac2000.com\/index.php?rest_route=%2Fwp%2Fv2%2Fcategories&post=2153"},{"taxonomy":"post_tag","embeddable":true,"href":"https:\/\/bitacora.eniac2000.com\/index.php?rest_route=%2Fwp%2Fv2%2Ftags&post=2153"},{"taxonomy":"series","embeddable":true,"href":"https:\/\/bitacora.eniac2000.com\/index.php?rest_route=%2Fwp%2Fv2%2Fseries&post=2153"}],"curies":[{"name":"wp","href":"https:\/\/api.w.org\/{rel}","templated":true}]}}