{"id":2170,"date":"2010-07-31T22:12:54","date_gmt":"2010-07-31T20:12:54","guid":{"rendered":"http:\/\/bitacora.eniac2000.com\/?p=2170"},"modified":"2025-10-11T04:49:26","modified_gmt":"2025-10-11T02:49:26","slug":"via-de-la-plata-etapa-1-zamora-tabara","status":"publish","type":"post","link":"https:\/\/bitacora.eniac2000.com\/?p=2170","title":{"rendered":"V\u00eda de la Plata. Etapa 1: Zamora &#8211; T\u00e1bara"},"content":{"rendered":"<div class=\"seriesmeta\">Esta entrada es la parte 2 de 8 de la serie <a href=\"https:\/\/bitacora.eniac2000.com\/?series=camino-de-santiago-2010\" class=\"series-1831\" title=\"Camino de Santiago 2010\">Camino de Santiago 2010<\/a><\/div><p>Afirmaba Cecil B. DeMille que una pel\u00edcula deb\u00eda empezar con un terremoto, para despu\u00e9s ir creciendo en acci\u00f3n. Si alg\u00fan director tuviera que firmar la pel\u00edcula de nuestra primera etapa, el Sr. DeMille se habr\u00eda prestado gustoso a ello. Marcada por incidentes previos, fue una etapa sumamente complicada.<\/p>\n<p>Los incientes previos consistieron en un accidente de tr\u00e1fico de mi apadre, durante su ultimo d\u00eda de entrenamiento previo, que se sald\u00f3 con una puerta de un coche rota, la suspensi\u00f3n de la bici hecha a\u00f1icos, y heridas leves en barbilla y rodilla. Por mi parte, tuve sendas lesiones en los gemelos durante el entrenamiento previo. Y Pablo, que se hab\u00eda librado misteriosamente de incidentes previos, tuvo su cuota de desgracia en dos partes: la primera, en la v\u00edspera de la etapa, en la que se clav\u00f3 en un muslo un diente del plato de su bici, y a la ma\u00f1ana siguiente, donde descubrimos un pinchazo que se hab\u00eda incubado en C\u00f3rdoba, en nuestra etapa del fin de semana anterior.<\/p>\n<figure id=\"attachment_2171\" aria-describedby=\"caption-attachment-2171\" style=\"width: 400px\" class=\"wp-caption aligncenter\"><a href=\"http:\/\/bitacora.eniac2000.com\/wp-content\/uploads\/2010\/07\/S8004555.jpg\"><img loading=\"lazy\" decoding=\"async\" src=\"http:\/\/bitacora.eniac2000.com\/wp-content\/uploads\/2010\/07\/S8004555-400x300.jpg\" alt=\"Comienzo de etapa. Nos las promet\u00edamos muy felices...\" title=\"Comienzo de etapa. Nos las promet\u00edamos muy felices...\" width=\"400\" height=\"300\" class=\"size-medium wp-image-2171\" \/><\/a><figcaption id=\"caption-attachment-2171\" class=\"wp-caption-text\">Comienzo de etapa. Nos las promet\u00edamos muy felices...<\/figcaption><\/figure>\n<p>Ten\u00edamos previsto salir del hotel a las 8:00h, pero por el pinchazo anterior, no pudimos hacerlo hasta las 8:20h. Salimos de Zamora por la carretera de La Hiniesta, en donde continuaron los incidentes. Perdimos la indicaci\u00f3n de la V\u00eda, y continuamos 3 kms. por la carretera, desvi\u00e1ndonos de nuestro itinerario. Cuando nos percatamos de ello, tuvimos que desandar esa distancia, acumulando kil\u00f3metros a la etapa.<\/p>\n<p>El Camino transcurr\u00eda alternando pistas de tierra paralelas a la N-630, y tramos en los que recorr\u00edamos la propia Nacional. Mantuvimos esta din\u00e1mica hasta Montamarta, primera parada del d\u00eda, donde aprovechamos para tomar algunos refrescos. Y aqu\u00ed nos dimos cuenta de otro peque\u00f1o desastre: hab\u00edamos planificado registrar la etapa con el m\u00f3vil Android de Pablo mediante el software SportsTrackLive, pero por error, pese a activar el programa e iniciar la conexi\u00f3n GPS, no empezamos a registrar la etapa.<\/p>\n<figure id=\"attachment_2172\" aria-describedby=\"caption-attachment-2172\" style=\"width: 400px\" class=\"wp-caption aligncenter\"><a href=\"http:\/\/bitacora.eniac2000.com\/wp-content\/uploads\/2010\/07\/S8004562.jpg\"><img loading=\"lazy\" decoding=\"async\" src=\"http:\/\/bitacora.eniac2000.com\/wp-content\/uploads\/2010\/07\/S8004562-400x300.jpg\" alt=\"Parada en Montamarta\" title=\"Parada en Montamarta\" width=\"400\" height=\"300\" class=\"size-medium wp-image-2172\" \/><\/a><figcaption id=\"caption-attachment-2172\" class=\"wp-caption-text\">Parada en Montamarta<\/figcaption><\/figure>\n<p>Tras la pausa, continuamos recorriendo la N-630, alternando tramos de pista, antes de llegar a la bifurcaci\u00f3n con la N-631. Desde all\u00ed descendimos hasta alcanzar el nivel de las aguas del pantano de Ricobayo, desde donde pudimos contemplar por primera vez las ruinas del castillo y <em>despoblado<\/em> de Castrotarfe. <\/p>\n<figure id=\"attachment_2173\" aria-describedby=\"caption-attachment-2173\" style=\"width: 400px\" class=\"wp-caption aligncenter\"><a href=\"http:\/\/bitacora.eniac2000.com\/wp-content\/uploads\/2010\/07\/S8004569.jpg\"><img loading=\"lazy\" decoding=\"async\" src=\"http:\/\/bitacora.eniac2000.com\/wp-content\/uploads\/2010\/07\/S8004569-400x300.jpg\" alt=\"Ruinas de Castrotarfe\" title=\"Ruinas de Castrotarfe\" width=\"400\" height=\"300\" class=\"size-medium wp-image-2173\" \/><\/a><figcaption id=\"caption-attachment-2173\" class=\"wp-caption-text\">Ruinas de Castrotarfe<\/figcaption><\/figure>\n<p>Y aqu\u00ed, de nuevo en el recorrer de nuestros Caminos, y por vez primera en la V\u00eda de la Plata, tuvimos que soportar el que nos quisieran sacar de un peque\u00f1o tramo de carretera, dando un enorme rodeo por camino: en este caso, recorriendo los l\u00edmites del pantano. Bonito desde el punto de vista est\u00e9tico, pero fastidioso desde el punto de vista de la l\u00f3gica del trazado.<\/p>\n<p>Poco despu\u00e9s llegamos, de nuevo por la N-630 hasta las cercan\u00edas de las ruinas de Castrotarfe. Y en ese momento, en mi caso, se desencaden\u00f3 el desastre: llevaba notando desde hac\u00eda un rato un extra\u00f1o en la rueda trasera. Pablo me hizo notar que oscilaba demasiado. Cuando paramos para ver c\u00f3mo se encontraba, pude ver que ten\u00eda dos radios rotos. Y del lado de la corona. Apenas llev\u00e1bamos 30 kil\u00f3metros de V\u00eda de la Plata, y por segunda vez en mi vida de ciclista, hab\u00eda roto radios. La primera vez hab\u00eda sido realizando el Camino del Norte, casi entrando en Galicia. Acababan de pasar las once y media de la ma\u00f1ana. Est\u00e1bamos a un par de kil\u00f3metros de Fontanillas de Castro.<\/p>\n<p>No me qued\u00f3 otro remedio que llamar a Ana, que act\u00faa como nuestra conductora de apoyo, para que me recogiera, volver a Zamora, e intentar que me arreglaran el desaguisado. Tras hablar sobre ello con mi padre y con Pablo, acordamos que ellos siguieran la etapa hasta T\u00e1bara. Antes de eso, subimos hasta el castillo de Castrotarfe, que nos impresion\u00f3 por su extensi\u00f3n.<\/p>\n<figure id=\"attachment_2174\" aria-describedby=\"caption-attachment-2174\" style=\"width: 400px\" class=\"wp-caption aligncenter\"><a href=\"http:\/\/bitacora.eniac2000.com\/wp-content\/uploads\/2010\/07\/S8004571.jpg\"><img loading=\"lazy\" decoding=\"async\" src=\"http:\/\/bitacora.eniac2000.com\/wp-content\/uploads\/2010\/07\/S8004571-400x300.jpg\" alt=\"Ruinas -de nuevo- de Castrotarfe\" title=\"Ruinas -de nuevo- de Castrotarfe\" width=\"400\" height=\"300\" class=\"size-medium wp-image-2174\" \/><\/a><figcaption id=\"caption-attachment-2174\" class=\"wp-caption-text\">Ruinas -de nuevo- de Castrotarfe<\/figcaption><\/figure>\n<p>Esper\u00e9 a Ana en Fontanillas hasta que lleg\u00f3, a algo despu\u00e9s del mediod\u00eda. Volimos a toda prisa hasta Zamora, donde empez\u00f3 la segunda parte del desastre: encontrar una tienda donde me pudieran realizar el arreglo. Consegu\u00ed localizar un par de tiendas. En la primera de ellas el dependiente, con una desverg\u00fcenza que har\u00eda sonrojarse al m\u00e1s pintado, me inform\u00f3 de que se negaba a realizarme el arreglo porque era muy tarde (algo comprensible, no lo niego), no sin decirme que (y aqu\u00ed viene lo bueno) que \u00e9l no entraba en c\u00f3mo se organizaba la gente, pero que si hubiera ido a primera hora de la ma\u00f1ana me lo habr\u00eda arreglado sin problemas. Como si yo planificara cu\u00e1ndo voy a romper un par de radios. En la segunda tienda tuve m\u00e1s suerte, ya que en ella el due\u00f1o se prest\u00f3 a realizarme el arreglo.<\/p>\n<p>Pablo y mi padre, por su parte, continuaron la etapa, hasta Granja de Moreruela. Desde all\u00ed giraron hacia el este, cruzaron el r\u00edo Tera, y avanzaron hasta T\u00e1bara alternando, de nuevo tramos de asfalto y tramos de pista. El contratiempo mayor que encontraron, aparte del fuerte calor que sufrimos durante toda la etapa, fue el provocado por las obras de la autov\u00eda que enlazar\u00e1 Zamora con la autov\u00eda de las R\u00edas Bajas. Llegaron a T\u00e1bara al filo de las tres y media de la tarde, justo cuando Ana y yo lleg\u00e1bamos al pueblo.<\/p>\n<p>Almorzamos en T\u00e1bara, y regresamos a Zamora sobre las cinco de la tarde. Tras adecentarnos un poco, realizamos una peque\u00f1a visita tur\u00edstica a Zamora, y aprovechamos para sellar las credenciales en la Catedral, algo que no hab\u00edamos podido efectuar por la ma\u00f1ana, dado que no abr\u00edan hasta las diez de la ma\u00f1ana.<\/p>\n<figure id=\"attachment_2175\" aria-describedby=\"caption-attachment-2175\" style=\"width: 400px\" class=\"wp-caption aligncenter\"><a href=\"http:\/\/bitacora.eniac2000.com\/wp-content\/uploads\/2010\/07\/S8004583.jpg\"><img loading=\"lazy\" decoding=\"async\" src=\"http:\/\/bitacora.eniac2000.com\/wp-content\/uploads\/2010\/07\/S8004583-400x300.jpg\" alt=\"Catedral de Zamora\" title=\"Catedral de Zamora\" width=\"400\" height=\"300\" class=\"size-medium wp-image-2175\" \/><\/a><figcaption id=\"caption-attachment-2175\" class=\"wp-caption-text\">Catedral de Zamora<\/figcaption><\/figure>\n<p><strong>Datos de la etapa:<\/strong><\/p>\n<ul>\n<li>Distancia prevista: 66&#8217;6 km<\/li>\n<li>Distancia recorrida: No disponemos de datos completos<\/li>\n<li>Tiempo de etapa: 3h 30m 44s (hasta Fontanillas de Castro)<\/li>\n<li>Pulsaciones medias: 113 pulsaciones\/min<\/li>\n<li>Pulsaciones m\u00e1ximas: 154 pulsaciones\/min<\/li>\n<li>Calor\u00edas medias: 760 kcal\/h<\/li>\n<li>Calor\u00edas m\u00e1ximas: 1170 kcal\/h<\/li>\n<li>Tiempo en zona de pulsaciones: 1h 3m 20s<\/li>\n<li>Total de calor\u00edas: 2089 kcal<\/li>\n<\/ul>\n<p><strong>Actualizaci\u00f3n<\/strong><\/p>\n<p>Este es el mapa del recorrido en Google Maps:<\/p>\n<p><iframe loading=\"lazy\" width=\"425\" height=\"350\" frameborder=\"0\" scrolling=\"no\" marginheight=\"0\" marginwidth=\"0\" src=\"https:\/\/maps.google.es\/maps\/ms?ie=UTF8&amp;hl=es&amp;t=h&amp;msa=0&amp;msid=107359855203283141524.000496b0a631cc8b86c79&amp;ll=41.684194,-5.839233&amp;spn=0.358961,0.583649&amp;z=10&amp;output=embed\"><\/iframe><br \/><small>Ver <a href=\"https:\/\/maps.google.es\/maps\/ms?ie=UTF8&amp;hl=es&amp;t=h&amp;msa=0&amp;msid=107359855203283141524.000496b0a631cc8b86c79&amp;ll=41.684194,-5.839233&amp;spn=0.358961,0.583649&amp;z=10&amp;source=embed\" style=\"color:#0000FF;text-align:left\">V\u00eda de la Plata. Etapa 1: Zamora &#8211; T\u00e1bara<\/a> en un mapa m\u00e1s grande<\/small><\/p>\n","protected":false},"excerpt":{"rendered":"<div class=\"seriesmeta\">Esta entrada es la parte 2 de 8 de la serie <a href=\"https:\/\/bitacora.eniac2000.com\/?series=camino-de-santiago-2010\" class=\"series-1831\" title=\"Camino de Santiago 2010\">Camino de Santiago 2010<\/a><\/div><p>Afirmaba Cecil B. DeMille que una pel\u00edcula deb\u00eda empezar con<\/p>\n","protected":false},"author":1,"featured_media":0,"comment_status":"open","ping_status":"open","sticky":false,"template":"","format":"standard","meta":{"advanced_seo_description":"","jetpack_seo_html_title":"","jetpack_seo_noindex":false,"_jetpack_memberships_contains_paid_content":false,"footnotes":"","jetpack_publicize_message":"","jetpack_publicize_feature_enabled":true,"jetpack_social_post_already_shared":false,"jetpack_social_options":{"image_generator_settings":{"template":"highway","default_image_id":0,"font":"","enabled":false},"version":2}},"categories":[19],"tags":[369,681,1596,1811],"series":[1831],"class_list":["post-2170","post","type-post","status-publish","format-standard","hentry","category-via-de-la-plata","tag-castrotarfe","tag-fontanillas-de-castro","tag-tabara","tag-zamora","series-camino-de-santiago-2010"],"jetpack_publicize_connections":[],"jetpack_featured_media_url":"","jetpack_sharing_enabled":true,"_links":{"self":[{"href":"https:\/\/bitacora.eniac2000.com\/index.php?rest_route=\/wp\/v2\/posts\/2170","targetHints":{"allow":["GET"]}}],"collection":[{"href":"https:\/\/bitacora.eniac2000.com\/index.php?rest_route=\/wp\/v2\/posts"}],"about":[{"href":"https:\/\/bitacora.eniac2000.com\/index.php?rest_route=\/wp\/v2\/types\/post"}],"author":[{"embeddable":true,"href":"https:\/\/bitacora.eniac2000.com\/index.php?rest_route=\/wp\/v2\/users\/1"}],"replies":[{"embeddable":true,"href":"https:\/\/bitacora.eniac2000.com\/index.php?rest_route=%2Fwp%2Fv2%2Fcomments&post=2170"}],"version-history":[{"count":1,"href":"https:\/\/bitacora.eniac2000.com\/index.php?rest_route=\/wp\/v2\/posts\/2170\/revisions"}],"predecessor-version":[{"id":10989,"href":"https:\/\/bitacora.eniac2000.com\/index.php?rest_route=\/wp\/v2\/posts\/2170\/revisions\/10989"}],"wp:attachment":[{"href":"https:\/\/bitacora.eniac2000.com\/index.php?rest_route=%2Fwp%2Fv2%2Fmedia&parent=2170"}],"wp:term":[{"taxonomy":"category","embeddable":true,"href":"https:\/\/bitacora.eniac2000.com\/index.php?rest_route=%2Fwp%2Fv2%2Fcategories&post=2170"},{"taxonomy":"post_tag","embeddable":true,"href":"https:\/\/bitacora.eniac2000.com\/index.php?rest_route=%2Fwp%2Fv2%2Ftags&post=2170"},{"taxonomy":"series","embeddable":true,"href":"https:\/\/bitacora.eniac2000.com\/index.php?rest_route=%2Fwp%2Fv2%2Fseries&post=2170"}],"curies":[{"name":"wp","href":"https:\/\/api.w.org\/{rel}","templated":true}]}}