{"id":2181,"date":"2010-08-04T21:02:11","date_gmt":"2010-08-04T19:02:11","guid":{"rendered":"http:\/\/bitacora.eniac2000.com\/?p=2181"},"modified":"2025-10-11T04:49:44","modified_gmt":"2025-10-11T02:49:44","slug":"via-de-la-plata-etapa-2-tabara-mombuey","status":"publish","type":"post","link":"https:\/\/bitacora.eniac2000.com\/?p=2181","title":{"rendered":"V\u00eda de la Plata. Etapa 2: T\u00e1bara &#8211; Mombuey"},"content":{"rendered":"<div class=\"seriesmeta\">Esta entrada es la parte 3 de 8 de la serie <a href=\"https:\/\/bitacora.eniac2000.com\/?series=camino-de-santiago-2010\" class=\"series-1831\" title=\"Camino de Santiago 2010\">Camino de Santiago 2010<\/a><\/div><p>La segunda etapa de la V\u00eda de la Plata tuvo su comienzo en T\u00e1bara. Nos desplazamos hasta all\u00ed despu\u00e9s de dejar el hotel de Zamora. Si bien ten\u00edamos previsto empezar la etapa a las 7:00h para evitar el calor en la medida de lo posible, finalmente no empezamos la etapa hasta las 8:00h. El d\u00eda anterior hab\u00edamos decidido dividir la etapa en dos sectores diferenciados: el primero, entre T\u00e1bara y Santa Marta de Tera lo realizar\u00edamos siguiendo estrictamente el trazado definido del Camino, y la segunda, hasta Mombuey, lo har\u00edamos por la N-525 para evitar llegar m\u00e1s tarde de las 13:00h. Y dado que el trazado m\u00e1s fiel de la antigua v\u00eda ha sido aprovechado por la Nacional, y el camino definido hoy en d\u00eda en este tramo trata de evitar -en su mayor parte- el asfalto, sin aportar gran cosa, no nos pareci\u00f3 una gran p\u00e9rdida.<\/p>\n<figure id=\"attachment_2184\" aria-describedby=\"caption-attachment-2184\" style=\"width: 300px\" class=\"wp-caption aligncenter\"><a href=\"http:\/\/bitacora.eniac2000.com\/wp-content\/uploads\/2010\/08\/S8004606.jpg\"><img loading=\"lazy\" decoding=\"async\" src=\"http:\/\/bitacora.eniac2000.com\/wp-content\/uploads\/2010\/08\/S8004606-300x400.jpg\" alt=\"Salida de T\u00e1bara\" title=\"Salida de T\u00e1bara\" width=\"300\" height=\"400\" class=\"size-medium wp-image-2184\" \/><\/a><figcaption id=\"caption-attachment-2184\" class=\"wp-caption-text\">Salida de T\u00e1bara<\/figcaption><\/figure>\n<p>Salimos, pues, de T\u00e1bara por una pista junto a la iglesia, en direcci\u00f3n norte, hacia los montes que separan T\u00e1bara y alrededores del valle del r\u00edo Tera. La primera dificultad vino dada por las obras del AVE a Galicia, que nos obligaron a dar un par de cambios de direcci\u00f3n, que es algo con lo que mi padre y Pablo ya se hab\u00edan tropezado en la jornada anterior. Una vez superadas las obras, afrontamos un duro repecho a unos 5 km de T\u00e1bara, seguido de un breve descenso y otro repecho posterior. Empezamos a notar que el paisaje se iba pareciendo, cada vez m\u00e1s, al propio de Sierra Morena. A unos 10 km de T\u00e1bara nos habr\u00edamos de encontrar con una variaci\u00f3n que marcar\u00eda el resto de la etapa. Seg\u00fan nuestra gu\u00eda, tendr\u00edamos que haber girado a la  derecha, y seguir unas pistas hasta Bercianos de Valverde para, posteriormente, alcanzar Santa Croya de Tera por pistas. Sin embargo, un monolito nos indicaba que el Camino segu\u00eda de frente.<\/p>\n<figure id=\"attachment_2186\" aria-describedby=\"caption-attachment-2186\" style=\"width: 400px\" class=\"wp-caption aligncenter\"><a href=\"http:\/\/bitacora.eniac2000.com\/wp-content\/uploads\/2010\/08\/01082010047.jpg\"><img loading=\"lazy\" decoding=\"async\" src=\"http:\/\/bitacora.eniac2000.com\/wp-content\/uploads\/2010\/08\/01082010047-400x300.jpg\" alt=\"El monolito de la discordia\" title=\"El monolito de la discordia\" width=\"400\" height=\"300\" class=\"size-medium wp-image-2186\" \/><\/a><figcaption id=\"caption-attachment-2186\" class=\"wp-caption-text\">El monolito de la discordia<\/figcaption><\/figure>\n<p>Lo seguimos, lo que nos llev\u00f3 hasta una carretera que nos dirigi\u00f3 hasta Villanueva de las Peras, donde hicimos un breve descanso. Posteriormente seguimos la se\u00f1alizaci\u00f3n, que nos llev\u00f3 hasta Santa Croya por una comarcal que atravesaba una zona serrana de la que, si me hubieran ense\u00f1ado s\u00f3lo fotos, no habr\u00eda dudado en ubicar en C\u00f3rdoba. El posterior descenso hasta Santa Croya fue r\u00e1pido y sin incidentes.<\/p>\n<figure id=\"attachment_2187\" aria-describedby=\"caption-attachment-2187\" style=\"width: 400px\" class=\"wp-caption aligncenter\"><a href=\"http:\/\/bitacora.eniac2000.com\/wp-content\/uploads\/2010\/08\/01082010049.jpg\"><img loading=\"lazy\" decoding=\"async\" src=\"http:\/\/bitacora.eniac2000.com\/wp-content\/uploads\/2010\/08\/01082010049-400x300.jpg\" alt=\"\u00bfDe verdad estamos en Zamora?\" title=\"\u00bfDe verdad estamos en Zamora?\" width=\"400\" height=\"300\" class=\"size-medium wp-image-2187\" \/><\/a><figcaption id=\"caption-attachment-2187\" class=\"wp-caption-text\">\u00bfDe verdad estamos en Zamora?<\/figcaption><\/figure>\n<p>Apenas nos detuvimos unos instantes en Santa Croya de Tera, que se encontraba en sus fiestas patronales. Cruzamos el r\u00edo Tera para alcanzar el final de nuestro primer tramo de la etapa, Santa Marta de Tera un poco antes de las 10:00h. All\u00ed visitamos la iglesia parroquial, de un precioso rom\u00e1nico con llamativos ajedrezados jaqueses que, si bien son m\u00e1s comunes en el Camino Franc\u00e9s, son muy poco habituales en la V\u00eda de la Plata. En la iglesia tambi\u00e9n destacaba una imagen rom\u00e1nica de Santiago peregrino que es la m\u00e1s antigua de la que se tiene constancia.<\/p>\n<figure id=\"attachment_2188\" aria-describedby=\"caption-attachment-2188\" style=\"width: 300px\" class=\"wp-caption aligncenter\"><a href=\"http:\/\/bitacora.eniac2000.com\/wp-content\/uploads\/2010\/08\/01082010075.jpg\"><img loading=\"lazy\" decoding=\"async\" src=\"http:\/\/bitacora.eniac2000.com\/wp-content\/uploads\/2010\/08\/01082010075-300x400.jpg\" alt=\"Santiago Peregrino rom\u00e1nico\" title=\"Santiago Peregrino rom\u00e1nico\" width=\"300\" height=\"400\" class=\"size-medium wp-image-2188\" \/><\/a><figcaption id=\"caption-attachment-2188\" class=\"wp-caption-text\">Santiago Peregrino rom\u00e1nico<\/figcaption><\/figure>\n<p>El resto de la etapa transcurri\u00f3 \u00edntegramente por la N-525, con un perfil pr\u00e1cticamente plano, de paisaje extra\u00f1amente mediterr\u00e1neo. Pasamos por pueblos ribere\u00f1os del r\u00edo Tera, como Camarzana de Tera, Vega de Tera y Junquera de Tera, donde paramos a tomar unas tostadas con aceite, antes de alcanzar Rionegro del Puente, y la confluencia con la N-631, que ven\u00eda de T\u00e1bara. A esas alturas entablamos conversaci\u00f3n con un peregrino granadino, que acud\u00eda al encuentro de unos amigos que sub\u00edan desde Sevilla.<\/p>\n<p>Llegamos a Mombuey a las 13:00h, con unos 35\u00baC de temperatura, tras 53 km de etapa. Pablo hab\u00eda venido sufriendo problemas en la espalda desde mediados de etapa, provocados por unas molestias en el hombro derecho. Aparte de esto, la etapa no tuvo mayores incidentes.<\/p>\n<p>Ana, tras haber subido hasta Puebla de Sanabria y haber acudido al hostal, nos vino a recoger a Mombuey. El resto del d\u00eda lo pasamos en Puebla, donde aprovechamos para visitrar la iglesia de Santa Mar\u00eda del Azogue, as\u00ed como el castillo, y dar una vuelta por el precioso casco hist\u00f3rico del pueblo.<\/p>\n<figure id=\"attachment_2189\" aria-describedby=\"caption-attachment-2189\" style=\"width: 300px\" class=\"wp-caption aligncenter\"><a href=\"http:\/\/bitacora.eniac2000.com\/wp-content\/uploads\/2010\/08\/S8004630.jpg\"><img loading=\"lazy\" decoding=\"async\" src=\"http:\/\/bitacora.eniac2000.com\/wp-content\/uploads\/2010\/08\/S8004630-300x400.jpg\" alt=\"Haciendo el bestia en el castillo\" title=\"Haciendo el bestia en el castillo\" width=\"300\" height=\"400\" class=\"size-medium wp-image-2189\" \/><\/a><figcaption id=\"caption-attachment-2189\" class=\"wp-caption-text\">Haciendo el bestia en el castillo<\/figcaption><\/figure>\n<p><strong>Datos de la etapa:<\/strong><\/p>\n<ul>\n<li> <strong>Distancia (seg\u00fan la gu\u00eda):<\/strong> 59 km.<\/li>\n<li><strong>Distancia (seg\u00fan mi veloc\u00edmetro):<\/strong> 53&#8217;770 km<\/li>\n<li><strong>Tiempo de etapa:<\/strong> 3h 34m 59s<\/li>\n<li><strong>Tiempo desde el inicio de la etapa:<\/strong> 5h 4m 14s<\/li>\n<li><strong>Pulsaciones medias:<\/strong> 106 pulsaciones\/m<\/li>\n<li><strong>Pulsaciones m\u00e1ximas:<\/strong> 166<\/li>\n<li><strong>Consumo medio de calor\u00edas:<\/strong> 690 kcal\/h<\/li>\n<li><strong>Consumo m\u00e1ximo de calor\u00edas:<\/strong> 1290 kcal\/h<\/li>\n<li><strong>Tiempo en zonas de pulsaciones:<\/strong> 1h 33m 59s<\/li>\n<li><strong>Consumo total de calor\u00edas:<\/strong> 3484 kcal<\/li>\n<\/ul>\n<p><strong>Actualizaci\u00f3n:<\/strong><\/p>\n<p>Este es el trazado de la etapa en Google Maps:<\/p>\n<p><iframe loading=\"lazy\" width=\"425\" height=\"350\" frameborder=\"0\" scrolling=\"no\" marginheight=\"0\" marginwidth=\"0\" src=\"https:\/\/maps.google.es\/maps\/ms?ie=UTF8&amp;hl=es&amp;t=h&amp;msa=0&amp;msid=107359855203283141524.000496b0f8a17a4467027&amp;ll=41.92476,-6.139984&amp;spn=0.354548,0.583649&amp;z=10&amp;output=embed\"><\/iframe><br \/><small>Ver <a href=\"https:\/\/maps.google.es\/maps\/ms?ie=UTF8&amp;hl=es&amp;t=h&amp;msa=0&amp;msid=107359855203283141524.000496b0f8a17a4467027&amp;ll=41.92476,-6.139984&amp;spn=0.354548,0.583649&amp;z=10&amp;source=embed\" style=\"color:#0000FF;text-align:left\">V\u00eda de la Plata. Etapa 2: T\u00e1bara &#8211; Mombuey<\/a> en un mapa m\u00e1s grande<\/small><\/p>\n","protected":false},"excerpt":{"rendered":"<div class=\"seriesmeta\">Esta entrada es la parte 3 de 8 de la serie <a href=\"https:\/\/bitacora.eniac2000.com\/?series=camino-de-santiago-2010\" class=\"series-1831\" title=\"Camino de Santiago 2010\">Camino de Santiago 2010<\/a><\/div><p>La segunda etapa de la V\u00eda de la Plata tuvo<\/p>\n","protected":false},"author":1,"featured_media":0,"comment_status":"open","ping_status":"open","sticky":false,"template":"","format":"standard","meta":{"advanced_seo_description":"","jetpack_seo_html_title":"","jetpack_seo_noindex":false,"_jetpack_memberships_contains_paid_content":false,"footnotes":"","jetpack_publicize_message":"","jetpack_publicize_feature_enabled":true,"jetpack_social_post_already_shared":false,"jetpack_social_options":{"image_generator_settings":{"template":"highway","default_image_id":0,"font":"","enabled":false},"version":2}},"categories":[19],"tags":[1098,1152,1314,1596],"series":[1831],"class_list":["post-2181","post","type-post","status-publish","format-standard","hentry","category-via-de-la-plata","tag-mombuey","tag-n-525","tag-puebla-de-sanabria","tag-tabara","series-camino-de-santiago-2010"],"jetpack_publicize_connections":[],"jetpack_featured_media_url":"","jetpack_sharing_enabled":true,"_links":{"self":[{"href":"https:\/\/bitacora.eniac2000.com\/index.php?rest_route=\/wp\/v2\/posts\/2181","targetHints":{"allow":["GET"]}}],"collection":[{"href":"https:\/\/bitacora.eniac2000.com\/index.php?rest_route=\/wp\/v2\/posts"}],"about":[{"href":"https:\/\/bitacora.eniac2000.com\/index.php?rest_route=\/wp\/v2\/types\/post"}],"author":[{"embeddable":true,"href":"https:\/\/bitacora.eniac2000.com\/index.php?rest_route=\/wp\/v2\/users\/1"}],"replies":[{"embeddable":true,"href":"https:\/\/bitacora.eniac2000.com\/index.php?rest_route=%2Fwp%2Fv2%2Fcomments&post=2181"}],"version-history":[{"count":1,"href":"https:\/\/bitacora.eniac2000.com\/index.php?rest_route=\/wp\/v2\/posts\/2181\/revisions"}],"predecessor-version":[{"id":10990,"href":"https:\/\/bitacora.eniac2000.com\/index.php?rest_route=\/wp\/v2\/posts\/2181\/revisions\/10990"}],"wp:attachment":[{"href":"https:\/\/bitacora.eniac2000.com\/index.php?rest_route=%2Fwp%2Fv2%2Fmedia&parent=2181"}],"wp:term":[{"taxonomy":"category","embeddable":true,"href":"https:\/\/bitacora.eniac2000.com\/index.php?rest_route=%2Fwp%2Fv2%2Fcategories&post=2181"},{"taxonomy":"post_tag","embeddable":true,"href":"https:\/\/bitacora.eniac2000.com\/index.php?rest_route=%2Fwp%2Fv2%2Ftags&post=2181"},{"taxonomy":"series","embeddable":true,"href":"https:\/\/bitacora.eniac2000.com\/index.php?rest_route=%2Fwp%2Fv2%2Fseries&post=2181"}],"curies":[{"name":"wp","href":"https:\/\/api.w.org\/{rel}","templated":true}]}}