{"id":2212,"date":"2010-08-20T00:13:28","date_gmt":"2010-08-19T22:13:28","guid":{"rendered":"http:\/\/bitacora.eniac2000.com\/?p=2212"},"modified":"2010-08-20T00:13:28","modified_gmt":"2010-08-19T22:13:28","slug":"ultima-noche-de-vacaciones-en-galicia","status":"publish","type":"post","link":"https:\/\/bitacora.eniac2000.com\/?p=2212","title":{"rendered":"\u00daltima noche de vacaciones en Galicia"},"content":{"rendered":"<p>Esta noche va a ser la \u00faltima que voy a pasar en Galicia en estas tres semanas que llevo de vacaciones. Y en ella, por fin, ha hecho acto de presencia algo que llevaba echando en falta desde que llegu\u00e9:<\/p>\n<figure id=\"attachment_2214\" aria-describedby=\"caption-attachment-2214\" style=\"width: 400px\" class=\"wp-caption aligncenter\"><a href=\"http:\/\/bitacora.eniac2000.com\/wp-content\/uploads\/2010\/08\/S8005051.jpg\"><img loading=\"lazy\" decoding=\"async\" src=\"http:\/\/bitacora.eniac2000.com\/wp-content\/uploads\/2010\/08\/S8005051-400x274.jpg\" alt=\"Niebla en Vilarch\u00e1n, Pontevedra\" title=\"Niebla en Vilarch\u00e1n, Pontevedra\" width=\"400\" height=\"274\" class=\"size-medium wp-image-2214\" \/><\/a><figcaption id=\"caption-attachment-2214\" class=\"wp-caption-text\">Niebla en Vilarch\u00e1n, Pontevedra<\/figcaption><\/figure>\n<p>En efecto: la niebla. Y es que parece que quiera despedirse de nosotros, ya que en todos los d\u00edas anteriores hemos tenido un tiempo excelente (demasiado excelente, quiz\u00e1s), con s\u00f3lo un d\u00eda de leve llovizna. El resto: sol y calor. Bueno, y viento, claro. Que Pontevedra no es Tarifa, pero viento no es que le falte, precisamente&#8230;<\/p>\n<p>En fin. El caso es que la niebla casi llega tarde a la cita, pero al final lo ha conseguido. Y no es algo que lamente, ni mucho menos. Aunque entre la niebla y los anuncios de fasc\u00edculos en la televisi\u00f3n, aqu\u00ed parece que empieza a llegar ya el oto\u00f1o. <img src=\"https:\/\/bitacora.eniac2000.com\/wp-includes\/images\/smilies\/mrgreen.png\" alt=\":mrgreen:\" class=\"wp-smiley\" style=\"height: 1em; max-height: 1em;\" \/><\/p>\n","protected":false},"excerpt":{"rendered":"<p>Esta noche va a ser la \u00faltima que voy a<\/p>\n","protected":false},"author":1,"featured_media":0,"comment_status":"open","ping_status":"open","sticky":false,"template":"","format":"standard","meta":{"advanced_seo_description":"","jetpack_seo_html_title":"","jetpack_seo_noindex":false,"_jetpack_memberships_contains_paid_content":false,"footnotes":"","jetpack_publicize_message":"","jetpack_publicize_feature_enabled":true,"jetpack_social_post_already_shared":false,"jetpack_social_options":{"image_generator_settings":{"template":"highway","default_image_id":0,"font":"","enabled":false},"version":2}},"categories":[20],"tags":[711,1170,1687],"series":[],"class_list":["post-2212","post","type-post","status-publish","format-standard","hentry","category-vida-corriente","tag-galicia","tag-niebla","tag-vacaciones"],"jetpack_publicize_connections":[],"jetpack_featured_media_url":"","jetpack_sharing_enabled":true,"_links":{"self":[{"href":"https:\/\/bitacora.eniac2000.com\/index.php?rest_route=\/wp\/v2\/posts\/2212","targetHints":{"allow":["GET"]}}],"collection":[{"href":"https:\/\/bitacora.eniac2000.com\/index.php?rest_route=\/wp\/v2\/posts"}],"about":[{"href":"https:\/\/bitacora.eniac2000.com\/index.php?rest_route=\/wp\/v2\/types\/post"}],"author":[{"embeddable":true,"href":"https:\/\/bitacora.eniac2000.com\/index.php?rest_route=\/wp\/v2\/users\/1"}],"replies":[{"embeddable":true,"href":"https:\/\/bitacora.eniac2000.com\/index.php?rest_route=%2Fwp%2Fv2%2Fcomments&post=2212"}],"version-history":[{"count":0,"href":"https:\/\/bitacora.eniac2000.com\/index.php?rest_route=\/wp\/v2\/posts\/2212\/revisions"}],"wp:attachment":[{"href":"https:\/\/bitacora.eniac2000.com\/index.php?rest_route=%2Fwp%2Fv2%2Fmedia&parent=2212"}],"wp:term":[{"taxonomy":"category","embeddable":true,"href":"https:\/\/bitacora.eniac2000.com\/index.php?rest_route=%2Fwp%2Fv2%2Fcategories&post=2212"},{"taxonomy":"post_tag","embeddable":true,"href":"https:\/\/bitacora.eniac2000.com\/index.php?rest_route=%2Fwp%2Fv2%2Ftags&post=2212"},{"taxonomy":"series","embeddable":true,"href":"https:\/\/bitacora.eniac2000.com\/index.php?rest_route=%2Fwp%2Fv2%2Fseries&post=2212"}],"curies":[{"name":"wp","href":"https:\/\/api.w.org\/{rel}","templated":true}]}}