{"id":2266,"date":"2010-10-02T09:39:10","date_gmt":"2010-10-02T07:39:10","guid":{"rendered":"http:\/\/bitacora.eniac2000.com\/?p=2266"},"modified":"2010-10-02T09:39:10","modified_gmt":"2010-10-02T07:39:10","slug":"etapa-ciclista-mairena-salteras-camas-santiponce","status":"publish","type":"post","link":"https:\/\/bitacora.eniac2000.com\/?p=2266","title":{"rendered":"Etapa ciclista: Mairena-Salteras-Camas-Santiponce"},"content":{"rendered":"<p>Ayer Pedro y yo estuvimos dando pedales entre Mairena, Camas y Santiponce. Salimos de Mairena para tomar el camino de la venta del r\u00edo Pudio hasta el puente romano, y desde all\u00ed tomamos la Ca\u00f1ada Real de las Islas hasta Salteras. Una vez cruzamos la v\u00eda del tren, descendimos hasta tomar un camino que bordea la v\u00eda, y llega a los carambolos que se extienden entre Camas y Valencina, para descender hasta el pol\u00edgono industrial que hay junto a Camas, y volver a Santiponce.<\/p>\n<p>En un momento dado, subimos a uno de los carambolos, donde pudimos contemplar esta vista de Sevilla:<\/p>\n<figure id=\"attachment_2267\" aria-describedby=\"caption-attachment-2267\" style=\"width: 400px\" class=\"wp-caption aligncenter\"><a href=\"http:\/\/bitacora.eniac2000.com\/wp-content\/uploads\/2010\/10\/pano-carambolos.jpg\"><img loading=\"lazy\" decoding=\"async\" src=\"http:\/\/bitacora.eniac2000.com\/wp-content\/uploads\/2010\/10\/pano-carambolos-400x117.jpg\" alt=\"Panor\u00e1mica de Sevilla\" title=\"Panor\u00e1mica de Sevilla\" width=\"400\" height=\"117\" class=\"size-medium wp-image-2267\" \/><\/a><figcaption id=\"caption-attachment-2267\" class=\"wp-caption-text\">Panor\u00e1mica de Sevilla<\/figcaption><\/figure>\n<p>En esta etapas las cubiertas Larsen TT que compr\u00e9 para el Camino de Santiago me han vuelto a sorprender agradablemente. Pese a que tengo la trasera totalmente desgastada, agarr\u00f3 admirablemente bien en la subida al cerro, bastante explosiva, con arena suelta y roderas, de tal manera que pude subir del tir\u00f3n hasta el alto del carambolo. Esta es la <a href=\"http:\/\/bitacora.eniac2000.com\/?p=2146\">segunda vez que me sorprenden por su capacidad de agarre<\/a>.<\/p>\n<p>Para bajar por el otro lado, sin embargo, me falt\u00f3 algo de valor:<\/p>\n<figure id=\"attachment_2268\" aria-describedby=\"caption-attachment-2268\" style=\"width: 400px\" class=\"wp-caption aligncenter\"><a href=\"http:\/\/bitacora.eniac2000.com\/wp-content\/uploads\/2010\/10\/Foto0417.jpg\"><img loading=\"lazy\" decoding=\"async\" src=\"http:\/\/bitacora.eniac2000.com\/wp-content\/uploads\/2010\/10\/Foto0417-400x300.jpg\" alt=\"Bajada del carambolo\" title=\"Bajada del carambolo\" width=\"400\" height=\"300\" class=\"size-medium wp-image-2268\" \/><\/a><figcaption id=\"caption-attachment-2268\" class=\"wp-caption-text\">Bajada del carambolo<\/figcaption><\/figure>\n<p>En total, recorrimos unos 25 kms. en unas dos horas. El trazado de la etapa es el siguiente:<\/p>\n<p><iframe loading=\"lazy\" width=\"425\" height=\"350\" frameborder=\"0\" scrolling=\"no\" marginheight=\"0\" marginwidth=\"0\" src=\"https:\/\/maps.google.es\/maps\/ms?ie=UTF8&amp;hl=es&amp;msa=0&amp;msid=107359855203283141524.0004919cb78531f448de9&amp;t=h&amp;ll=37.391446,-6.072056&amp;spn=0.102732,0.072355&amp;output=embed\"><\/iframe><br \/><small>Ver <a href=\"https:\/\/maps.google.es\/maps\/ms?ie=UTF8&amp;hl=es&amp;msa=0&amp;msid=107359855203283141524.0004919cb78531f448de9&amp;t=h&amp;ll=37.391446,-6.072056&amp;spn=0.102732,0.072355&amp;source=embed\" style=\"color:#0000FF;text-align:left\">Mairena &#8211; Salteras &#8211; Camas &#8211; Santiponce<\/a> en un mapa m\u00e1s grande<\/small><\/p>\n","protected":false},"excerpt":{"rendered":"<p>Ayer Pedro y yo estuvimos dando pedales entre Mairena, Camas<\/p>\n","protected":false},"author":1,"featured_media":0,"comment_status":"open","ping_status":"open","sticky":false,"template":"","format":"standard","meta":{"advanced_seo_description":"","jetpack_seo_html_title":"","jetpack_seo_noindex":false,"_jetpack_memberships_contains_paid_content":false,"footnotes":"","jetpack_publicize_message":"","jetpack_publicize_feature_enabled":true,"jetpack_social_post_already_shared":false,"jetpack_social_options":{"image_generator_settings":{"template":"highway","default_image_id":0,"font":"","enabled":false},"version":2}},"categories":[24,8],"tags":[287,963,1229,1464,1500,1696],"series":[],"class_list":["post-2266","post","type-post","status-publish","format-standard","hentry","category-ciclismo","category-deporte","tag-camas","tag-larsen-tt","tag-panoramica","tag-salteras","tag-santiponce","tag-valencina"],"jetpack_publicize_connections":[],"jetpack_featured_media_url":"","jetpack_sharing_enabled":true,"_links":{"self":[{"href":"https:\/\/bitacora.eniac2000.com\/index.php?rest_route=\/wp\/v2\/posts\/2266","targetHints":{"allow":["GET"]}}],"collection":[{"href":"https:\/\/bitacora.eniac2000.com\/index.php?rest_route=\/wp\/v2\/posts"}],"about":[{"href":"https:\/\/bitacora.eniac2000.com\/index.php?rest_route=\/wp\/v2\/types\/post"}],"author":[{"embeddable":true,"href":"https:\/\/bitacora.eniac2000.com\/index.php?rest_route=\/wp\/v2\/users\/1"}],"replies":[{"embeddable":true,"href":"https:\/\/bitacora.eniac2000.com\/index.php?rest_route=%2Fwp%2Fv2%2Fcomments&post=2266"}],"version-history":[{"count":0,"href":"https:\/\/bitacora.eniac2000.com\/index.php?rest_route=\/wp\/v2\/posts\/2266\/revisions"}],"wp:attachment":[{"href":"https:\/\/bitacora.eniac2000.com\/index.php?rest_route=%2Fwp%2Fv2%2Fmedia&parent=2266"}],"wp:term":[{"taxonomy":"category","embeddable":true,"href":"https:\/\/bitacora.eniac2000.com\/index.php?rest_route=%2Fwp%2Fv2%2Fcategories&post=2266"},{"taxonomy":"post_tag","embeddable":true,"href":"https:\/\/bitacora.eniac2000.com\/index.php?rest_route=%2Fwp%2Fv2%2Ftags&post=2266"},{"taxonomy":"series","embeddable":true,"href":"https:\/\/bitacora.eniac2000.com\/index.php?rest_route=%2Fwp%2Fv2%2Fseries&post=2266"}],"curies":[{"name":"wp","href":"https:\/\/api.w.org\/{rel}","templated":true}]}}