{"id":2272,"date":"2010-10-06T11:46:04","date_gmt":"2010-10-06T09:46:04","guid":{"rendered":"http:\/\/bitacora.eniac2000.com\/?p=2272"},"modified":"2010-10-06T11:46:04","modified_gmt":"2010-10-06T09:46:04","slug":"panoramica-de-la-plaza-del-obradoiro","status":"publish","type":"post","link":"https:\/\/bitacora.eniac2000.com\/?p=2272","title":{"rendered":"Panor\u00e1mica de la Plaza del Obradoiro"},"content":{"rendered":"<p>El pasado 7 de agosto disfrutamos de un merecido d\u00eda de descanso en Santiago tras completar la V\u00eda de la Plata desde Zamora. A media ma\u00f1ana, Pablo, Ana y yo pudimos disfrutar de la siguiente vista de la Plaza del Obradoiro desde las galer\u00edas exteriores del claustro de la Catedral: <\/p>\n<figure id=\"attachment_2273\" aria-describedby=\"caption-attachment-2273\" style=\"width: 400px\" class=\"wp-caption aligncenter\"><a href=\"http:\/\/bitacora.eniac2000.com\/wp-content\/uploads\/2010\/10\/panoramica-obradoiro.jpg\"><img loading=\"lazy\" decoding=\"async\" src=\"http:\/\/bitacora.eniac2000.com\/wp-content\/uploads\/2010\/10\/panoramica-obradoiro-400x136.jpg\" alt=\"Panor\u00e1mica de la Plaza del Obradoiro\" title=\"Panor\u00e1mica de la Plaza del Obradoiro\" width=\"400\" height=\"136\" class=\"size-medium wp-image-2273\" \/><\/a><figcaption id=\"caption-attachment-2273\" class=\"wp-caption-text\">Panor\u00e1mica de la Plaza del Obradoiro<\/figcaption><\/figure>\n<p>La imagen est\u00e1 compuesta por una serie de fotograf\u00edas enlazadas mediante Autostitch. Est\u00e1 conservada a su m\u00e1xima resoluci\u00f3n, lo que hace que el tama\u00f1o total sea de unos 12000&#215;4000 p\u00edxels, y un peso de 6.5 MB.<\/p>\n<p>La imagen tiene m\u00faltiples detalles curiosos, como gente \u00abduplicada\u00bb al aparecer en varias de las fotograf\u00edas originales, m\u00faltiples fantasmas, y gente que estaba sorprendentemente quieta. Y le falta un pedacito, tambi\u00e9n. \ud83d\ude41<\/p>\n<p>Por cierto, en esos momentos la plaza estaba sorprendentemente vac\u00eda. Pocos minutos despu\u00e9s empezaron a llegar mir\u00edadas de peregrinos: colegios religiosos, peregrinos extreme\u00f1os, segovianos, alguna pe\u00f1a ciclista, e incluso un matrimonio que usaba un perro como mula de carga.<\/p>\n","protected":false},"excerpt":{"rendered":"<p>El pasado 7 de agosto disfrutamos de un merecido d\u00eda<\/p>\n","protected":false},"author":1,"featured_media":0,"comment_status":"open","ping_status":"open","sticky":false,"template":"","format":"standard","meta":{"advanced_seo_description":"","jetpack_seo_html_title":"","jetpack_seo_noindex":false,"_jetpack_memberships_contains_paid_content":false,"footnotes":"","jetpack_publicize_message":"","jetpack_publicize_feature_enabled":true,"jetpack_social_post_already_shared":false,"jetpack_social_options":{"image_generator_settings":{"template":"highway","default_image_id":0,"font":"","enabled":false},"version":2}},"categories":[2,19],"tags":[1229,1497],"series":[],"class_list":["post-2272","post","type-post","status-publish","format-standard","hentry","category-camino-de-santiago","category-via-de-la-plata","tag-panoramica","tag-santiago-de-compostela"],"jetpack_publicize_connections":[],"jetpack_featured_media_url":"","jetpack_sharing_enabled":true,"_links":{"self":[{"href":"https:\/\/bitacora.eniac2000.com\/index.php?rest_route=\/wp\/v2\/posts\/2272","targetHints":{"allow":["GET"]}}],"collection":[{"href":"https:\/\/bitacora.eniac2000.com\/index.php?rest_route=\/wp\/v2\/posts"}],"about":[{"href":"https:\/\/bitacora.eniac2000.com\/index.php?rest_route=\/wp\/v2\/types\/post"}],"author":[{"embeddable":true,"href":"https:\/\/bitacora.eniac2000.com\/index.php?rest_route=\/wp\/v2\/users\/1"}],"replies":[{"embeddable":true,"href":"https:\/\/bitacora.eniac2000.com\/index.php?rest_route=%2Fwp%2Fv2%2Fcomments&post=2272"}],"version-history":[{"count":0,"href":"https:\/\/bitacora.eniac2000.com\/index.php?rest_route=\/wp\/v2\/posts\/2272\/revisions"}],"wp:attachment":[{"href":"https:\/\/bitacora.eniac2000.com\/index.php?rest_route=%2Fwp%2Fv2%2Fmedia&parent=2272"}],"wp:term":[{"taxonomy":"category","embeddable":true,"href":"https:\/\/bitacora.eniac2000.com\/index.php?rest_route=%2Fwp%2Fv2%2Fcategories&post=2272"},{"taxonomy":"post_tag","embeddable":true,"href":"https:\/\/bitacora.eniac2000.com\/index.php?rest_route=%2Fwp%2Fv2%2Ftags&post=2272"},{"taxonomy":"series","embeddable":true,"href":"https:\/\/bitacora.eniac2000.com\/index.php?rest_route=%2Fwp%2Fv2%2Fseries&post=2272"}],"curies":[{"name":"wp","href":"https:\/\/api.w.org\/{rel}","templated":true}]}}