{"id":2281,"date":"2010-10-08T00:32:44","date_gmt":"2010-10-07T22:32:44","guid":{"rendered":"http:\/\/bitacora.eniac2000.com\/?p=2281"},"modified":"2010-10-08T00:32:44","modified_gmt":"2010-10-07T22:32:44","slug":"dama-de-noche","status":"publish","type":"post","link":"https:\/\/bitacora.eniac2000.com\/?p=2281","title":{"rendered":"Dama de noche"},"content":{"rendered":"<p>Hace alg\u00fan tiempo escrib\u00ed que para m\u00ed uno de los olores del verano era el de la <a href=\"http:\/\/bitacora.eniac2000.com\/?p=902\">dama de noche<\/a>. Pero por desgracia, desde que me mud\u00e9 a mi nueva casa no hab\u00eda podido disfrutar del olor de la que compr\u00e9 en 2008. Los dos \u00faltimos veranos no hab\u00eda florecido.<\/p>\n<p>Sin embargo, hace unas semanas, para una peque\u00f1a obra, la cambiamos de ubicaci\u00f3n. Poca cosa, apenas de un \u00e1ngulo del patio a otro. Pues bien, cual ser\u00eda mi sorpresa cuando a principios de semana vi que la dama de noche estaba empezando a florecer.<\/p>\n<figure id=\"attachment_2282\" aria-describedby=\"caption-attachment-2282\" style=\"width: 400px\" class=\"wp-caption aligncenter\"><a href=\"http:\/\/bitacora.eniac2000.com\/wp-content\/uploads\/2010\/10\/dama-noche.jpg\"><img loading=\"lazy\" decoding=\"async\" src=\"http:\/\/bitacora.eniac2000.com\/wp-content\/uploads\/2010\/10\/dama-noche-400x300.jpg\" alt=\"Dama de noche\" title=\"Dama de noche\" width=\"400\" height=\"300\" class=\"size-medium wp-image-2282\" \/><\/a><figcaption id=\"caption-attachment-2282\" class=\"wp-caption-text\">Dama de noche<\/figcaption><\/figure>\n<p>Esta noche, cuando sal\u00ed al patio, por primera vez desde hace dos a\u00f1os, en mi casa oli\u00f3 agradablemente a verano. Aunque fuera en octubre. <\/p>\n","protected":false},"excerpt":{"rendered":"<p>Hace alg\u00fan tiempo escrib\u00ed que para m\u00ed uno de los<\/p>\n","protected":false},"author":1,"featured_media":0,"comment_status":"open","ping_status":"open","sticky":false,"template":"","format":"standard","meta":{"advanced_seo_description":"","jetpack_seo_html_title":"","jetpack_seo_noindex":false,"_jetpack_memberships_contains_paid_content":false,"footnotes":"","jetpack_publicize_message":"","jetpack_publicize_feature_enabled":true,"jetpack_social_post_already_shared":false,"jetpack_social_options":{"image_generator_settings":{"template":"highway","default_image_id":0,"font":"","enabled":false},"version":2}},"categories":[20],"tags":[501,1724],"series":[],"class_list":["post-2281","post","type-post","status-publish","format-standard","hentry","category-vida-corriente","tag-dama-de-noche","tag-verano"],"jetpack_publicize_connections":[],"jetpack_featured_media_url":"","jetpack_sharing_enabled":true,"_links":{"self":[{"href":"https:\/\/bitacora.eniac2000.com\/index.php?rest_route=\/wp\/v2\/posts\/2281","targetHints":{"allow":["GET"]}}],"collection":[{"href":"https:\/\/bitacora.eniac2000.com\/index.php?rest_route=\/wp\/v2\/posts"}],"about":[{"href":"https:\/\/bitacora.eniac2000.com\/index.php?rest_route=\/wp\/v2\/types\/post"}],"author":[{"embeddable":true,"href":"https:\/\/bitacora.eniac2000.com\/index.php?rest_route=\/wp\/v2\/users\/1"}],"replies":[{"embeddable":true,"href":"https:\/\/bitacora.eniac2000.com\/index.php?rest_route=%2Fwp%2Fv2%2Fcomments&post=2281"}],"version-history":[{"count":0,"href":"https:\/\/bitacora.eniac2000.com\/index.php?rest_route=\/wp\/v2\/posts\/2281\/revisions"}],"wp:attachment":[{"href":"https:\/\/bitacora.eniac2000.com\/index.php?rest_route=%2Fwp%2Fv2%2Fmedia&parent=2281"}],"wp:term":[{"taxonomy":"category","embeddable":true,"href":"https:\/\/bitacora.eniac2000.com\/index.php?rest_route=%2Fwp%2Fv2%2Fcategories&post=2281"},{"taxonomy":"post_tag","embeddable":true,"href":"https:\/\/bitacora.eniac2000.com\/index.php?rest_route=%2Fwp%2Fv2%2Ftags&post=2281"},{"taxonomy":"series","embeddable":true,"href":"https:\/\/bitacora.eniac2000.com\/index.php?rest_route=%2Fwp%2Fv2%2Fseries&post=2281"}],"curies":[{"name":"wp","href":"https:\/\/api.w.org\/{rel}","templated":true}]}}