{"id":2290,"date":"2010-10-13T21:35:08","date_gmt":"2010-10-13T19:35:08","guid":{"rendered":"http:\/\/bitacora.eniac2000.com\/?p=2290"},"modified":"2025-10-05T17:12:53","modified_gmt":"2025-10-05T15:12:53","slug":"etapa-ciclista-guillena-castilblanco-de-los-arroyos-por-la-via-de-la-plata","status":"publish","type":"post","link":"https:\/\/bitacora.eniac2000.com\/?p=2290","title":{"rendered":"Etapa ciclista: Guillena &#8211; Castilblanco de los Arroyos por la V\u00eda de la Plata"},"content":{"rendered":"<p>Ayer d\u00eda 12 de octubre Rafa, Miguel y yo salimos a rodar de nuevo. Hac\u00eda ya alg\u00fan tiempo que no rod\u00e1bamos, y decidimos quitarnos el mono de ciclismo con una bonita etapa: realizar el recorrido entre Guillena y Castilblanco de los Arroyos que sigue la V\u00eda de la Plata. Esta etapa ya hab\u00edamos intentado recorrerla Manolo, Fran y yo el pasado <a href=\"http:\/\/bitacora.eniac2000.com\/?p=2146\">21 de julio<\/a>, pero se nos ech\u00f3 la noche encima en aquella ocasi\u00ed\u00f3n, y no pudimos alcanzar Castilblanco.<\/p>\n<p>Quedamos a las 9:00h en Guillena, y tras acondicionar las bicis, partimos de Guillena, cruzando el puente que salva el r\u00edo Ribera de Huelva. Seguir el trazado no era nada complicado, ya que s\u00f3lo hab\u00eda que limitarse a seguir las flechas amarillas de la V\u00eda de la Plata. Una vez llegamos al pol\u00edgono de El Cerro, dejamos el asfalto y empezamos con el verdadero camino. \u00a1Y lo empezamos con un barrizal! En efecto, las lluvias de los \u00faltimos d\u00edas hab\u00edan provocado que el primer tramo del camino, que transcurre entre olivares, apareciera embarrado. Sin embargo, confiaba en que m\u00e1s arriba, en las primeras estribaciones de la sierra, s\u00f3lo tuvi\u00e9ramos el terreno m\u00e1s compactado. Y no me equivocaba.<\/p>\n<p>Seguimos en continuo ascenso hasta el campo de naranjos que marca un breve descenso hasta la zona de alcornocales. El cambio de paisaje es enormemente llamativo, pues se pasa de un paisaje olivarero a un paisaje serrano. Y con zonas trialeras muy apetecibles. Las cubiertas Maxxis Larsen TT, pese al desgaste de la trasera, se portaron de f\u00e1bula, permiti\u00e9ndome salvar todos los tramos comprometidos sin demasiados apuros. As\u00ed, pronto llegamos a la zona de las dos portelas.<\/p>\n<figure class=\"wp-block-piwigo-gallery-single-image piwigo-single-image\"><a href=\"https:\/\/www.eniac2000.com\/piwigo\/picture.php?\/8755\" target=\"_blank\" rel=\"noopener noreferrer\"><img decoding=\"async\" src=\"https:\/\/www.eniac2000.com\/piwigo\/_data\/i\/galleries\/albums\/ciclismo\/2010-10-12-castilblanco\/S8005067-me.JPG\" alt=\"S8005067\" \/><\/a><figcaption><strong>S8005067<\/strong><\/figcaption><\/figure>\n<p>Tras pasar las portelas, continuamos ascendiendo por la \u00faltima zona trialera, que a diferencia de la primera vez pude salvar sin echar pie a tierra. Poco despu\u00e9s emprendimos el descenso hasta alcanzar el camino que desemboca en la carretera de Burguillos a Castilblanco, y que fue la zona donde nos tuvimos que volver la primera vez. Desde ah\u00ed, se asciende por la carretera durante 4 kms. hasta Castilblanco, terreno en el que Miguel aprovech\u00f3 para tirar con ganas.<\/p>\n<figure class=\"wp-block-piwigo-gallery-single-image piwigo-single-image\"><a href=\"https:\/\/www.eniac2000.com\/piwigo\/picture.php?\/8758\" target=\"_blank\" rel=\"noopener noreferrer\"><img decoding=\"async\" src=\"https:\/\/www.eniac2000.com\/piwigo\/_data\/i\/galleries\/albums\/ciclismo\/2010-10-12-castilblanco\/S8005070-me.JPG\" alt=\"S8005070\" \/><\/a><figcaption><strong>S8005070<\/strong><\/figcaption><\/figure>\n<p>Estuvimos un rato en la entrada de Castilblanco, nos refrescamos en una fuente, que tambi\u00e9n aprovech\u00e9 para kimpiar un poco la bici del barro en el que me hab\u00eda metido un par de veces, y emprendimos la vuelta. El descenso por carretera no tuvo mayor novedad, pero una vez recuperamos el camino, aprovech\u00e9 para utilizar la c\u00e1mara deportiva, y grabar todo el descenso, que fue largo, t\u00e9cnico, y divertido a horrores.<br \/>\nTambi\u00e9n tuvimos un par de ca\u00eddas protagonizadas por Rafa, que se vinieron a sumar a la de Miguel de la subida. Todas ellas sin mayores consecuencias.<\/p>\n<figure class=\"wp-block-piwigo-gallery-single-image piwigo-single-image\"><a href=\"https:\/\/www.eniac2000.com\/piwigo\/picture.php?\/8761\" target=\"_blank\" rel=\"noopener noreferrer\"><img decoding=\"async\" src=\"https:\/\/www.eniac2000.com\/piwigo\/_data\/i\/galleries\/albums\/ciclismo\/2010-10-12-castilblanco\/descenso-castilblanco-02-me.png\" alt=\"descenso-castilblanco-02\" \/><\/a><figcaption><strong>descenso-castilblanco-02<\/strong><\/figcaption><\/figure>\n<p>Una vez alcanzamos de vuelta el pol\u00edgono de El Cerro, aprovechamos para lavar las bicicletas, y solventado este tr\u00e1mite, finalizamos la etapa en Guillena.<\/p>\n<p><strong>Datos de la etapa:<\/strong><\/p>\n<ul>\n<li> <strong>Distancia (seg\u00fan le m\u00f3vil de Rafa):<\/strong> 31&#8217;35 km.<\/li>\n<li><strong>Tiempo de etapa:<\/strong> 2h 57m 15s<\/li>\n<li><strong>Tiempo desde el inicio de la etapa:<\/strong> 3h 12m 48s<\/li>\n<li><strong>Pulsaciones medias:<\/strong> 138 pulsaciones\/m<\/li>\n<li><strong>Pulsaciones m\u00e1ximas:<\/strong> 184<\/li>\n<li><strong>Consumo medio de calor\u00edas:<\/strong> 1010 kcal\/h<\/li>\n<li><strong>Consumo m\u00e1ximo de calor\u00edas:<\/strong> 1470 kcal\/h<\/li>\n<li><strong>Tiempo en zonas de pulsaciones:<\/strong> 1h 44m 18s<\/li>\n<li><strong>Consumo total de calor\u00edas:<\/strong> 3223 kcal<\/li>\n<\/ul>\n<p>El trazado de la etapa, registrado con AndAndo, es el siguiente:<\/p>\n<p><iframe loading=\"lazy\" width=\"425\" height=\"350\" frameborder=\"0\" scrolling=\"no\" marginheight=\"0\" marginwidth=\"0\" src=\"https:\/\/maps.google.es\/maps\/ms?ie=UTF8&amp;hl=es&amp;oe=UTF8&amp;start=0&amp;num=200&amp;t=h&amp;msa=0&amp;msid=107359855203283141524.0004927bb247d86350fda&amp;ll=37.608792,-6.021881&amp;spn=0.190385,0.291824&amp;z=11&amp;output=embed\"><\/iframe><br \/><small>Ver <a href=\"https:\/\/maps.google.es\/maps\/ms?ie=UTF8&amp;hl=es&amp;oe=UTF8&amp;start=0&amp;num=200&amp;t=h&amp;msa=0&amp;msid=107359855203283141524.0004927bb247d86350fda&amp;ll=37.608792,-6.021881&amp;spn=0.190385,0.291824&amp;z=11&amp;source=embed\" style=\"color:#0000FF;text-align:left\">Guillena &#8211; Castilblanco por la V\u00eda de la Plata (12\/10\/2010)<\/a> en un mapa m\u00e1s grande<\/small><\/p>\n","protected":false},"excerpt":{"rendered":"<p>Ayer d\u00eda 12 de octubre Rafa, Miguel y yo salimos<\/p>\n","protected":false},"author":1,"featured_media":0,"comment_status":"open","ping_status":"open","sticky":false,"template":"","format":"standard","meta":{"advanced_seo_description":"","jetpack_seo_html_title":"","jetpack_seo_noindex":false,"_jetpack_memberships_contains_paid_content":false,"footnotes":"","jetpack_publicize_message":"","jetpack_publicize_feature_enabled":true,"jetpack_social_post_already_shared":false,"jetpack_social_options":{"image_generator_settings":{"template":"highway","default_image_id":0,"font":"","enabled":false},"version":2}},"categories":[24,8,19],"tags":[349,771],"series":[],"class_list":["post-2290","post","type-post","status-publish","format-standard","hentry","category-ciclismo","category-deporte","category-via-de-la-plata","tag-castilblanco-de-los-arroyos","tag-guillena"],"jetpack_publicize_connections":[],"jetpack_featured_media_url":"","jetpack_sharing_enabled":true,"_links":{"self":[{"href":"https:\/\/bitacora.eniac2000.com\/index.php?rest_route=\/wp\/v2\/posts\/2290","targetHints":{"allow":["GET"]}}],"collection":[{"href":"https:\/\/bitacora.eniac2000.com\/index.php?rest_route=\/wp\/v2\/posts"}],"about":[{"href":"https:\/\/bitacora.eniac2000.com\/index.php?rest_route=\/wp\/v2\/types\/post"}],"author":[{"embeddable":true,"href":"https:\/\/bitacora.eniac2000.com\/index.php?rest_route=\/wp\/v2\/users\/1"}],"replies":[{"embeddable":true,"href":"https:\/\/bitacora.eniac2000.com\/index.php?rest_route=%2Fwp%2Fv2%2Fcomments&post=2290"}],"version-history":[{"count":0,"href":"https:\/\/bitacora.eniac2000.com\/index.php?rest_route=\/wp\/v2\/posts\/2290\/revisions"}],"wp:attachment":[{"href":"https:\/\/bitacora.eniac2000.com\/index.php?rest_route=%2Fwp%2Fv2%2Fmedia&parent=2290"}],"wp:term":[{"taxonomy":"category","embeddable":true,"href":"https:\/\/bitacora.eniac2000.com\/index.php?rest_route=%2Fwp%2Fv2%2Fcategories&post=2290"},{"taxonomy":"post_tag","embeddable":true,"href":"https:\/\/bitacora.eniac2000.com\/index.php?rest_route=%2Fwp%2Fv2%2Ftags&post=2290"},{"taxonomy":"series","embeddable":true,"href":"https:\/\/bitacora.eniac2000.com\/index.php?rest_route=%2Fwp%2Fv2%2Fseries&post=2290"}],"curies":[{"name":"wp","href":"https:\/\/api.w.org\/{rel}","templated":true}]}}