{"id":2358,"date":"2010-11-21T20:59:28","date_gmt":"2010-11-21T19:59:28","guid":{"rendered":"http:\/\/bitacora.eniac2000.com\/?p=2358"},"modified":"2010-11-21T20:59:28","modified_gmt":"2010-11-21T19:59:28","slug":"castillo-de-san-sebastian-y-barcas-en-la-caleta","status":"publish","type":"post","link":"https:\/\/bitacora.eniac2000.com\/?p=2358","title":{"rendered":"Castillo de San Sebasti\u00e1n y barcas en La Caleta"},"content":{"rendered":"<p>Este fin de semana Ana y yo hemos estado de turismo por las provincias de M\u00e1laga y C\u00e1diz. En principio la visita era s\u00f3lo al Museo de C\u00e1diz, pero aprovechamos para extender la visita a Manilva y Tarifa. La siguiente imagen corresponde a la puesta de sol de hoy, con el castillo de San Sebasti\u00e1n de C\u00e1diz, con barcas de pesca en La Caleta:<\/p>\n<figure id=\"attachment_2359\" aria-describedby=\"caption-attachment-2359\" style=\"width: 400px\" class=\"wp-caption aligncenter\"><a href=\"http:\/\/bitacora.eniac2000.com\/wp-content\/uploads\/2010\/11\/castillo-san-sebastian-cadiz.jpg\"><img loading=\"lazy\" decoding=\"async\" src=\"http:\/\/bitacora.eniac2000.com\/wp-content\/uploads\/2010\/11\/castillo-san-sebastian-cadiz-400x300.jpg\" alt=\"Castillo de San Sebasti\u00e1n, C\u00e1diz\" title=\"Castillo de San Sebasti\u00e1n, C\u00e1diz\" width=\"400\" height=\"300\" class=\"size-medium wp-image-2359\" \/><\/a><figcaption id=\"caption-attachment-2359\" class=\"wp-caption-text\">Castillo de San Sebasti\u00e1n, C\u00e1diz<\/figcaption><\/figure>\n<p>Ir\u00f3nicamente, el objetivo final del viaje no lo cumplimos, ya que no llegamos a visitar el Museo. Dado que el s\u00e1bado estaba lloviendo, cambiamos su visita al domingo, pero olvidamos que el museo no abre por las tardes. Supongo que, en cualquier caso, es una buena excusa para volver. \ud83d\ude42<\/p>\n","protected":false},"excerpt":{"rendered":"<p>Este fin de semana Ana y yo hemos estado de<\/p>\n","protected":false},"author":1,"featured_media":0,"comment_status":"open","ping_status":"open","sticky":false,"template":"","format":"standard","meta":{"advanced_seo_description":"","jetpack_seo_html_title":"","jetpack_seo_noindex":false,"_jetpack_memberships_contains_paid_content":false,"footnotes":"","jetpack_publicize_message":"","jetpack_publicize_feature_enabled":true,"jetpack_social_post_already_shared":false,"jetpack_social_options":{"image_generator_settings":{"template":"highway","default_image_id":0,"font":"","enabled":false},"version":2}},"categories":[20],"tags":[385,358,687,918],"series":[],"class_list":["post-2358","post","type-post","status-publish","format-standard","hentry","category-vida-corriente","tag-cadiz","tag-castillo-de-san-sebastian","tag-fotografia","tag-la-caleta"],"jetpack_publicize_connections":[],"jetpack_featured_media_url":"","jetpack_sharing_enabled":true,"_links":{"self":[{"href":"https:\/\/bitacora.eniac2000.com\/index.php?rest_route=\/wp\/v2\/posts\/2358","targetHints":{"allow":["GET"]}}],"collection":[{"href":"https:\/\/bitacora.eniac2000.com\/index.php?rest_route=\/wp\/v2\/posts"}],"about":[{"href":"https:\/\/bitacora.eniac2000.com\/index.php?rest_route=\/wp\/v2\/types\/post"}],"author":[{"embeddable":true,"href":"https:\/\/bitacora.eniac2000.com\/index.php?rest_route=\/wp\/v2\/users\/1"}],"replies":[{"embeddable":true,"href":"https:\/\/bitacora.eniac2000.com\/index.php?rest_route=%2Fwp%2Fv2%2Fcomments&post=2358"}],"version-history":[{"count":0,"href":"https:\/\/bitacora.eniac2000.com\/index.php?rest_route=\/wp\/v2\/posts\/2358\/revisions"}],"wp:attachment":[{"href":"https:\/\/bitacora.eniac2000.com\/index.php?rest_route=%2Fwp%2Fv2%2Fmedia&parent=2358"}],"wp:term":[{"taxonomy":"category","embeddable":true,"href":"https:\/\/bitacora.eniac2000.com\/index.php?rest_route=%2Fwp%2Fv2%2Fcategories&post=2358"},{"taxonomy":"post_tag","embeddable":true,"href":"https:\/\/bitacora.eniac2000.com\/index.php?rest_route=%2Fwp%2Fv2%2Ftags&post=2358"},{"taxonomy":"series","embeddable":true,"href":"https:\/\/bitacora.eniac2000.com\/index.php?rest_route=%2Fwp%2Fv2%2Fseries&post=2358"}],"curies":[{"name":"wp","href":"https:\/\/api.w.org\/{rel}","templated":true}]}}