{"id":2362,"date":"2010-11-23T20:59:26","date_gmt":"2010-11-23T19:59:26","guid":{"rendered":"http:\/\/bitacora.eniac2000.com\/?p=2362"},"modified":"2025-10-11T04:49:51","modified_gmt":"2025-10-11T02:49:51","slug":"via-de-la-plata-etapa-3-mombuey-lubian","status":"publish","type":"post","link":"https:\/\/bitacora.eniac2000.com\/?p=2362","title":{"rendered":"V\u00eda de la Plata. Etapa 3: Mombuey &#8211; Lubi\u00e1n"},"content":{"rendered":"<div class=\"seriesmeta\">Esta entrada es la parte 4 de 8 de la serie <a href=\"https:\/\/bitacora.eniac2000.com\/?series=camino-de-santiago-2010\" class=\"series-1831\" title=\"Camino de Santiago 2010\">Camino de Santiago 2010<\/a><\/div><p>La tercera etapa de la V\u00eda de la Plata, que realizamos el d\u00eda 2 de agosto, arranc\u00f3 al filo de las 7:30h de la ma\u00f1ana de Mombuey, junto a su curiosa iglesia.<\/p>\n<figure class=\"wp-block-piwigo-gallery-single-image piwigo-single-image\"><a href=\"https:\/\/www.eniac2000.com\/piwigo\/picture.php?\/4742\" target=\"_blank\" rel=\"noopener noreferrer\"><img decoding=\"async\" src=\"https:\/\/www.eniac2000.com\/piwigo\/_data\/i\/galleries\/albums\/2010-via-de-la-plata\/dia3\/02082010126-me.jpg\" alt=\"02082010126\" \/><\/a><figcaption><strong>02082010126<\/strong><\/figcaption><\/figure>\n<p>La ma\u00f1ana se presentaba fr\u00eda, con apenas 14\u00baC en el arranque de la etapa. Y eso, con indumentaria de verano, son muy pocos grados:<\/p>\n<figure class=\"wp-block-piwigo-gallery-single-image piwigo-single-image\"><a href=\"https:\/\/www.eniac2000.com\/piwigo\/picture.php?\/4778\" target=\"_blank\" rel=\"noopener noreferrer\"><img decoding=\"async\" src=\"https:\/\/www.eniac2000.com\/piwigo\/_data\/i\/galleries\/albums\/2010-via-de-la-plata\/dia3\/S8004676-me.JPG\" alt=\"S8004676\" \/><\/a><figcaption><strong>S8004676<\/strong><\/figcaption><\/figure>\n<p>Y el primer tramo del recorrido no hizo mejorar las cosas. Llegamos a medir en nuestro rodar por la N-525 un m\u00ednimo de 12&#8217;5\u00baC. En estas condiciones, y siempre por la N-525, fuimos pasando junto a un rosario de peque\u00f1as  poblaciones zamoranas de la comarca de Sanabria: Valdemerilla, Cernadilla, San Salvador de Palazuelos, Entrepe\u00f1as, Asturianos, Remesal&#8230; La primera parada del d\u00eda la hicimos en Otero de Sanabria. Nos detuvimos en la iglesia del pueblo, y aprovechamos para echarnos algo al est\u00f3mago. <\/p>\n<figure class=\"wp-block-piwigo-gallery-single-image piwigo-single-image\"><a href=\"https:\/\/www.eniac2000.com\/piwigo\/picture.php?\/4745\" target=\"_blank\" rel=\"noopener noreferrer\"><img decoding=\"async\" src=\"https:\/\/www.eniac2000.com\/piwigo\/_data\/i\/galleries\/albums\/2010-via-de-la-plata\/dia3\/02082010130-me.jpg\" alt=\"02082010130\" \/><\/a><figcaption><strong>02082010130<\/strong><\/figcaption><\/figure>\n<p>Me llamaron la atenci\u00f3n dos cosas en la iglesia. La primera de ellas fue una curiosa representaci\u00f3n de almas en el purgatorio. Me llam\u00f3 la atenci\u00f3n porque, con el fr\u00edo que hac\u00eda, bien a gusto hubi\u00e9ramos estado entrando un poco en calor en esas llamas tan apetecibles en ese momento:<\/p>\n<figure class=\"wp-block-piwigo-gallery-single-image piwigo-single-image\"><a href=\"https:\/\/www.eniac2000.com\/piwigo\/picture.php?\/4784\" target=\"_blank\" rel=\"noopener noreferrer\"><img decoding=\"async\" src=\"https:\/\/www.eniac2000.com\/piwigo\/_data\/i\/galleries\/albums\/2010-via-de-la-plata\/dia3\/S8004682-me.JPG\" alt=\"S8004682\" \/><\/a><figcaption><strong>S8004682<\/strong><\/figcaption><\/figure>\n<p>La segunda de ellas fue la curiosa sucesi\u00f3n de m\u00e9nsulas de la nave principal. Mejor ver la imagen a todo su tama\u00f1o para apreciarlo mejor:<\/p>\n<figure class=\"wp-block-piwigo-gallery-single-image piwigo-single-image\"><a href=\"https:\/\/www.eniac2000.com\/piwigo\/picture.php?\/4782\" target=\"_blank\" rel=\"noopener noreferrer\"><img decoding=\"async\" src=\"https:\/\/www.eniac2000.com\/piwigo\/_data\/i\/galleries\/albums\/2010-via-de-la-plata\/dia3\/S8004680-me.JPG\" alt=\"S8004680\" \/><\/a><figcaption><strong>S8004680<\/strong><\/figcaption><\/figure>\n<p>Retomamos el camino una vez saciados, para interrumpirlo justo a la salida del pueblo. El motivo para ello no era balad\u00ed: nos encontramos con el impresionante santuario de N\u00aa S\u00aa de los Remedios, patrona de la comarca de Sanabria. Val\u00eda la pena detenerse un momento para contemplarlo tranquilamente. Eran las 9:15h de la ma\u00f1ana.<\/p>\n<figure class=\"wp-block-piwigo-gallery-single-image piwigo-single-image\"><a href=\"https:\/\/www.eniac2000.com\/piwigo\/picture.php?\/4787\" target=\"_blank\" rel=\"noopener noreferrer\"><img decoding=\"async\" src=\"https:\/\/www.eniac2000.com\/piwigo\/_data\/i\/galleries\/albums\/2010-via-de-la-plata\/dia3\/S8004685-me.JPG\" alt=\"S8004685\" \/><\/a><figcaption><strong>S8004685<\/strong><\/figcaption><\/figure>\n<p>No transcurri\u00f3 ni demasiado tiempo ni distancia antes de la siguiente parada. La realizamos a las 9:45h en las estaciones de servicio existentes junto al Alto de Castro, junto a Puebla de Sanabria. Estas estaciones son bien conocidas por los viajeros en autob\u00fas a Galicia, ya que son punto de parada obligado junto a Puebla de Sanabria. Tambi\u00e9n son conocidas porque una de ellas tiene junto a su entrada una cabina telef\u00f3nica brit\u00e1nica, que hace las delicias de los turistas, pese a su lamentable estado de conservaci\u00f3n:<\/p>\n<figure class=\"wp-block-piwigo-gallery-single-image piwigo-single-image\"><a href=\"https:\/\/www.eniac2000.com\/piwigo\/picture.php?\/4791\" target=\"_blank\" rel=\"noopener noreferrer\"><img decoding=\"async\" src=\"https:\/\/www.eniac2000.com\/piwigo\/_data\/i\/galleries\/albums\/2010-via-de-la-plata\/dia3\/S8004689-me.JPG\" alt=\"S8004689\" \/><\/a><figcaption><strong>S8004689<\/strong><\/figcaption><\/figure>\n<p>En esta parada aprovechamos para avituallarnos con el bocadillo y la naranja con la que nos hab\u00edan agasajado en el hostal en el que est\u00e1bamos parando en Puebla de Sanabria. Un detalle que tienen con los peregrinos, y que es enormemente de agradecer. La pena es que una de las bolsas en las que estaban envueltos era una bolsa de charcuter\u00eda, que desprend\u00eda un desagradable olor a carne putrefacta, y que le toc\u00f3 a Pablo sufrir.<\/p>\n<p>Antes de partir de nuevo, aprovechamos para tomar algunas tomas de Puebla de Sanabria desde el Alto, en una zona de robles.<\/p>\n<figure class=\"wp-block-piwigo-gallery-single-image piwigo-single-image\"><a href=\"https:\/\/www.eniac2000.com\/piwigo\/picture.php?\/4793\" target=\"_blank\" rel=\"noopener noreferrer\"><img decoding=\"async\" src=\"https:\/\/www.eniac2000.com\/piwigo\/_data\/i\/galleries\/albums\/2010-via-de-la-plata\/dia3\/S8004691-me.JPG\" alt=\"S8004691\" \/><\/a><figcaption><strong>S8004691<\/strong><\/figcaption><\/figure>\n<p>Sobre las 10:15h volvimos a dar pedales. La temperatura era m\u00e1s agradable, y por no variar, seguimos rodando por la N-525. El perfil de la etapa tampoco deparaba grandes alteraciones: segu\u00eda siendo pr\u00e1cticamente plano, una vez pasado algunos toboganes cercanos a Puebla de Sanabria. Pero sab\u00edamos -era bastante obvio- que el plato fuerte de la jornada a\u00fan no hab\u00eda llegado. Y es que era dif\u00edcil de olvidar, ya que se alzaba ante nosotros desde el comienzo de la etapa, si bien a partir de Puebla era realmente evidente: la subida del Padornelo. La entrada a Galicia. Una subida hasta 1400 m. de altitud, 400 de ellos desde el \u00faltimo pueblo <em>en llano<\/em>, Requejo. Todo ello en 12 kil\u00f3metros de asfalto.<\/p>\n<p>En Requejo, precisamente, hicimos la \u00faltima parada antes de afrontar la subida. Apenas lo justo para abastecernos de agua y charlar un poco con un lugare\u00f1o de avanzada edad que nos animaba dici\u00e9ndonos que era duro, pero no para tanto, ya que \u00e9l lo sub\u00eda a diario en bicicleta pese a su edad. Y con esos \u00e1nimos, afrontamos la subida. Fue larga y calurosa. El frescor que hab\u00edamos llevado toda la ma\u00f1ana nos hab\u00eda abandonado, y las temperaturas subieron hasta los 29\u00baC antes del mediod\u00eda. Pero no la hicimos especialmente dura. Nos limitamos a coger un ritmo tranquilo y subir c\u00f3modamente. Eso s\u00ed, a\u00fan a un ritmo tranquilo, hab\u00eda algunas rampas escalofriantes.<\/p>\n<p>Coronamos la cima del puerto apenas pasado el mediod\u00eda. Cima que, curiosamente, se hallaba bajo tierra, ya que \u00e9sta correspond\u00eda con el viejo t\u00fanel del Padornelo. Curiosamente en toda la subida s\u00f3lo nos pasaron dos veh\u00edculos. Un cami\u00f3n de reparto en el \u00fanico puente de la subida, y un viejo Mercedes en el interior del t\u00fanel. No se me ocurren dos lugares peores, la verdad.<\/p>\n<figure class=\"wp-block-piwigo-gallery-single-image piwigo-single-image\"><a href=\"https:\/\/www.eniac2000.com\/piwigo\/picture.php?\/4800\" target=\"_blank\" rel=\"noopener noreferrer\"><img decoding=\"async\" src=\"https:\/\/www.eniac2000.com\/piwigo\/_data\/i\/galleries\/albums\/2010-via-de-la-plata\/dia3\/S8004698-me.JPG\" alt=\"S8004698\" \/><\/a><figcaption><strong>S8004698<\/strong><\/figcaption><\/figure>\n<p>Tras reagruparnos en la cima del puerto, emprendimos el descenso hasta nuestro fin te\u00f3rico de etapa: el pueblo zamorano de Padornelo. Llegamos en un r\u00e1pido descenso. Mientras esper\u00e1bamos que Ana nos recogiera con el coche, aprovechamos para refrescarnos con el agua de un manantial que salia \u00a1helada! La verdad sea dicha, no hab\u00eda mucho m\u00e1s en el pueblo. Eran las 12:30h. Hab\u00edamos tardado una hora y media en hacer la subida.<\/p>\n<figure class=\"wp-block-piwigo-gallery-single-image piwigo-single-image\"><a href=\"https:\/\/www.eniac2000.com\/piwigo\/picture.php?\/4801\" target=\"_blank\" rel=\"noopener noreferrer\"><img decoding=\"async\" src=\"https:\/\/www.eniac2000.com\/piwigo\/_data\/i\/galleries\/albums\/2010-via-de-la-plata\/dia3\/S8004699-me.JPG\" alt=\"S8004699\" \/><\/a><figcaption><strong>S8004699<\/strong><\/figcaption><\/figure>\n<p>Cuando lleg\u00f3 Ana, \u00e9sta se percat\u00f3 de que hab\u00eda cometido un <em>peque\u00f1o <\/em>error: hab\u00eda olvidado en el hostal el portabicis, de tal manera que tendr\u00eda que volver a bajar para recogerlo y poder cargar las bicis en el coche. Dadas las circunstancias y que a\u00fan ten\u00edamos bastante ma\u00f1ana por delante, decidimos prolongar la etapa hasta Lubi\u00e1n, el \u00faltimo pueblo de Zamora antes de entrar en Galicia.<\/p>\n<p>Emprendimos el descenso por la inevitable N-525, aunque no tardamos mucho en abandonarla, ya que su trazado se pierde bajo la Autov\u00eda de las R\u00edas Bajas. Lamentablemente no abandonamos el asfalto, ya que tomamos la vieja carretera de Villacast\u00edn a Vigo, hoy en d\u00eda comarcal. Esta carretera nos llev\u00f3 en un vertiginoso descenso por bosques de robles, brezos y pinos junto a las poblaciones de Aciberos, Hedroso, y por \u00faltimo Lubi\u00e1n. Hubiera sido de desear el poder haber realizado el descenso entre Aciberos y Lubi\u00e1n por camino, pero sus condiciones trialeras, pese a su gran belleza, no lo hac\u00edan aconsejable para mi padre. Eran apenas las 13:15h y hab\u00edamos recorrido 58&#8217;4 kms. (seg\u00fan mi veloc\u00edmetro) desde el inicio de la etapa.<\/p>\n<p>Esperamos a que Ana llegara al pueblo, tiempo que aprovech\u00e9 para intentar que me sellaran las credenciales. Primero en la iglesia, en la parte baja del pueblo, sin \u00e9xito. Luego en el Ayuntamiento, en la parte alta. De nuevo sin \u00e9xito. Despu\u00e9s en el cuartel de la Guardia Civil, m\u00e1s arriba a\u00fan, y sin \u00e9xito para variar, y por \u00faltimo en el ambulatorio. Algo m\u00e1s abajo, y esta vez s\u00ed, con \u00e9xito.<\/p>\n<figure class=\"wp-block-piwigo-gallery-single-image piwigo-single-image\"><a href=\"https:\/\/www.eniac2000.com\/piwigo\/picture.php?\/4805\" target=\"_blank\" rel=\"noopener noreferrer\"><img decoding=\"async\" src=\"https:\/\/www.eniac2000.com\/piwigo\/_data\/i\/galleries\/albums\/2010-via-de-la-plata\/dia3\/S8004703-me.JPG\" alt=\"S8004703\" \/><\/a><figcaption><strong>S8004703<\/strong><\/figcaption><\/figure>\n<p>Ana lleg\u00f3 al filo de las tres de la tarde, maldiciendo los caminos de cabras a los que llamaban carreteras por esos lares. Almorzamos en un restaurante frecuentado por obreros, lo que suele ser una buena indicaci\u00f3n (especialmente por la relaci\u00f3n calidad\/precio). No nos equivocamos. De vuelta a Puebla de Sanabria, nos <em>homenajeamos <\/em>con una bien merecida siesta.<\/p>\n<p>El resto de la tarde lo empleamos haciendo turismo. Subimos hasta el lago de Sanabria, donde nos ba\u00f1amos. Una curiosa experiencia. Es la primera vez -que yo recuerde- que me ba\u00f1o en un lago.<\/p>\n<figure class=\"wp-block-piwigo-gallery-single-image piwigo-single-image\"><a href=\"https:\/\/www.eniac2000.com\/piwigo\/picture.php?\/4865\" target=\"_blank\" rel=\"noopener noreferrer\"><img decoding=\"async\" src=\"https:\/\/www.eniac2000.com\/piwigo\/_data\/i\/galleries\/albums\/2010-via-de-la-plata\/dia3\/pano-playa-arenales-vigo-lago-sanabria-me.jpg\" alt=\"pano-playa-arenales-vigo-lago-sanabria\" \/><\/a><figcaption><strong>pano-playa-arenales-vigo-lago-sanabria<\/strong><\/figcaption><\/figure>\n<p>Por \u00faltimo nos atrevimos con la subida a la laguna de los peces. Ah\u00ed ya no estaba el tiempo, ni el agua, como para atreverse a ba\u00f1arse.<\/p>\n<figure class=\"wp-block-piwigo-gallery-single-image piwigo-single-image\"><a href=\"https:\/\/www.eniac2000.com\/piwigo\/picture.php?\/4863\" target=\"_blank\" rel=\"noopener noreferrer\"><img decoding=\"async\" src=\"https:\/\/www.eniac2000.com\/piwigo\/_data\/i\/galleries\/albums\/2010-via-de-la-plata\/dia3\/pano-laguna-peces-me.jpg\" alt=\"pano-laguna-peces\" \/><\/a><figcaption><strong>pano-laguna-peces<\/strong><\/figcaption><\/figure>\n<p>Volvimos a Puebla de Sanabria ya cayendo la noche. Dado que nos lo hab\u00edamos ganado, esa noche tomamos una cena <em>contundente<\/em>: una sopa sanabresa que hubiera dado de comer a un regimiento.<\/p>\n<figure class=\"wp-block-piwigo-gallery-single-image piwigo-single-image\"><a href=\"https:\/\/www.eniac2000.com\/piwigo\/picture.php?\/4774\" target=\"_blank\" rel=\"noopener noreferrer\"><img decoding=\"async\" src=\"https:\/\/www.eniac2000.com\/piwigo\/_data\/i\/galleries\/albums\/2010-via-de-la-plata\/dia3\/02082010160-me.jpg\" alt=\"02082010160\" \/><\/a><figcaption><strong>02082010160<\/strong><\/figcaption><\/figure>\n<p>El recorrido de la etapa en Google Maps (registrado con el m\u00f3vil de Pablo), fue el siguiente:<\/p>\n<p><iframe loading=\"lazy\" width=\"425\" height=\"350\" frameborder=\"0\" scrolling=\"no\" marginheight=\"0\" marginwidth=\"0\" src=\"https:\/\/maps.google.es\/maps\/ms?ie=UTF8&amp;hl=es&amp;t=h&amp;msa=0&amp;msid=107359855203283141524.000495bdb2ab476b73ea1&amp;ll=42.043174,-6.619263&amp;spn=0.707772,1.167297&amp;z=9&amp;output=embed\"><\/iframe><br \/><small>Ver <a href=\"https:\/\/maps.google.es\/maps\/ms?ie=UTF8&amp;hl=es&amp;t=h&amp;msa=0&amp;msid=107359855203283141524.000495bdb2ab476b73ea1&amp;ll=42.043174,-6.619263&amp;spn=0.707772,1.167297&amp;z=9&amp;source=embed\" style=\"color:#0000FF;text-align:left\">V\u00eda de la Plata. Etapa 3. Mombuey &#8211; Lubi\u00e1n (02\/08\/2010)<\/a> en un mapa m\u00e1s grande<\/small><\/p>\n<p><strong>Datos de la etapa:<\/strong><\/p>\n<ul>\n<li><strong>Distancia (seg\u00fan la gu\u00eda):<\/strong> 56,6 + 7,6 km.<\/li>\n<li><strong>Distancia (seg\u00fan mi veloc\u00edmetro):<\/strong> 58,409 km<\/li>\n<li><strong>Tiempo de etapa:<\/strong> 4h 2m 58s<\/li>\n<li><strong>Tiempo desde el inicio de la etapa:<\/strong> 5h 26m 14s<\/li>\n<li><strong>Pulsaciones medias:<\/strong> 106 pulsaciones\/m<\/li>\n<li><strong>Pulsaciones m\u00e1ximas:<\/strong> 161<\/li>\n<li><strong>Consumo medio de calor\u00edas:<\/strong> 690 kcal\/h<\/li>\n<li><strong>Consumo m\u00e1ximo de calor\u00edas:<\/strong> 1240 kcal\/h<\/li>\n<li><strong>Tiempo en zonas de pulsaciones:<\/strong> 1h 39m 31s<\/li>\n<li><strong>Consumo total de calor\u00edas:<\/strong> 3403 kcal<\/li>\n<\/ul>\n","protected":false},"excerpt":{"rendered":"<div class=\"seriesmeta\">Esta entrada es la parte 4 de 8 de la serie <a href=\"https:\/\/bitacora.eniac2000.com\/?series=camino-de-santiago-2010\" class=\"series-1831\" title=\"Camino de Santiago 2010\">Camino de Santiago 2010<\/a><\/div><p>La tercera etapa de la V\u00eda de la Plata, que<\/p>\n","protected":false},"author":1,"featured_media":0,"comment_status":"open","ping_status":"open","sticky":false,"template":"","format":"standard","meta":{"advanced_seo_description":"","jetpack_seo_html_title":"","jetpack_seo_noindex":false,"_jetpack_memberships_contains_paid_content":false,"footnotes":"","jetpack_publicize_message":"","jetpack_publicize_feature_enabled":true,"jetpack_social_post_already_shared":false,"jetpack_social_options":{"image_generator_settings":{"template":"highway","default_image_id":0,"font":"","enabled":false},"version":2}},"categories":[24,19],"tags":[953,955,1009,1098,1216,1314,1415],"series":[1831],"class_list":["post-2362","post","type-post","status-publish","format-standard","hentry","category-ciclismo","category-via-de-la-plata","tag-lago-de-sanabria","tag-laguna-de-los-peces","tag-lubian","tag-mombuey","tag-otero-de-sanabria","tag-puebla-de-sanabria","tag-requejo","series-camino-de-santiago-2010"],"jetpack_publicize_connections":[],"jetpack_featured_media_url":"","jetpack_sharing_enabled":true,"_links":{"self":[{"href":"https:\/\/bitacora.eniac2000.com\/index.php?rest_route=\/wp\/v2\/posts\/2362","targetHints":{"allow":["GET"]}}],"collection":[{"href":"https:\/\/bitacora.eniac2000.com\/index.php?rest_route=\/wp\/v2\/posts"}],"about":[{"href":"https:\/\/bitacora.eniac2000.com\/index.php?rest_route=\/wp\/v2\/types\/post"}],"author":[{"embeddable":true,"href":"https:\/\/bitacora.eniac2000.com\/index.php?rest_route=\/wp\/v2\/users\/1"}],"replies":[{"embeddable":true,"href":"https:\/\/bitacora.eniac2000.com\/index.php?rest_route=%2Fwp%2Fv2%2Fcomments&post=2362"}],"version-history":[{"count":1,"href":"https:\/\/bitacora.eniac2000.com\/index.php?rest_route=\/wp\/v2\/posts\/2362\/revisions"}],"predecessor-version":[{"id":10991,"href":"https:\/\/bitacora.eniac2000.com\/index.php?rest_route=\/wp\/v2\/posts\/2362\/revisions\/10991"}],"wp:attachment":[{"href":"https:\/\/bitacora.eniac2000.com\/index.php?rest_route=%2Fwp%2Fv2%2Fmedia&parent=2362"}],"wp:term":[{"taxonomy":"category","embeddable":true,"href":"https:\/\/bitacora.eniac2000.com\/index.php?rest_route=%2Fwp%2Fv2%2Fcategories&post=2362"},{"taxonomy":"post_tag","embeddable":true,"href":"https:\/\/bitacora.eniac2000.com\/index.php?rest_route=%2Fwp%2Fv2%2Ftags&post=2362"},{"taxonomy":"series","embeddable":true,"href":"https:\/\/bitacora.eniac2000.com\/index.php?rest_route=%2Fwp%2Fv2%2Fseries&post=2362"}],"curies":[{"name":"wp","href":"https:\/\/api.w.org\/{rel}","templated":true}]}}