{"id":2369,"date":"2010-12-05T20:17:20","date_gmt":"2010-12-05T19:17:20","guid":{"rendered":"http:\/\/bitacora.eniac2000.com\/?p=2369"},"modified":"2025-10-11T04:50:00","modified_gmt":"2025-10-11T02:50:00","slug":"via-de-la-plata-etapa-4-lubian-laza","status":"publish","type":"post","link":"https:\/\/bitacora.eniac2000.com\/?p=2369","title":{"rendered":"V\u00eda de la Plata. Etapa 4: Lubi\u00e1n &#8211; Laza"},"content":{"rendered":"<div class=\"seriesmeta\">Esta entrada es la parte 5 de 8 de la serie <a href=\"https:\/\/bitacora.eniac2000.com\/?series=camino-de-santiago-2010\" class=\"series-1831\" title=\"Camino de Santiago 2010\">Camino de Santiago 2010<\/a><\/div><p>Empezamos la cuarta etapa del Camino en Lubi\u00e1n, donde hab\u00edamos terminado la etapa anterior. Por segunda vez, y ya de manera definitiva, abandonamos Puebla de Sanabria en la madrugada, para recorrer en coche la distancia que nos separaba de nuestro comienzo de etapa. Resultaba enormemente llamativo comparar el escaso tiempo que nos llevaba salvar la distancia hasta el pueblo de Lubi\u00e1n con las largas horas que nos llev\u00f3 alcanzarlo dando pedales. La ma\u00f1ana, como no pod\u00eda ser menos, se presentaba fresca, muy fresca. No lleg\u00e1bamos a 13\u00baC en el pueblo. Y encima, ten\u00edamos que empezar, por romper la costumbre, en descenso. No estaba de m\u00e1s abrigarse un poco. En mi caso hab\u00eda llevado una chaquetilla ciclista de invierno, y mi padre llevaba su sempiterno impermeable, pero Pablo, por aquello de hacer una maleta lo m\u00e1s peque\u00f1a posible, no hab\u00eda llevado ninguna prenda de abrigo, por lo que tuve que prestarle una rebeca de algod\u00f3n que llevaba en el coche.<\/p>\n<figure class=\"wp-block-piwigo-gallery-single-image piwigo-single-image\"><a href=\"https:\/\/www.eniac2000.com\/piwigo\/picture.php?\/4877\" target=\"_blank\" rel=\"noopener noreferrer\"><img decoding=\"async\" src=\"https:\/\/www.eniac2000.com\/piwigo\/_data\/i\/galleries\/albums\/2010-via-de-la-plata\/dia4\/S8004768-me.JPG\" alt=\"S8004768\" \/><\/a><figcaption><strong>S8004768<\/strong><\/figcaption><\/figure>\n<p>As\u00ed que de esta guisa comenzamos la etapa. Arrancamos al filo de las 8:00h, y salimos de Lubi\u00e1n por la misma comarcal que nos hab\u00eda llevado a esta poblaci\u00f3n el d\u00eda anterior desde Padornelo, con un fr\u00edo bastante acusado. Las temperaturas no tardaron en bajar en las zonas de umbr\u00eda hasta los 10.5\u00baC, con una sensaci\u00f3n t\u00e9rmica mucho menor debido a ir en descenso. Al menos el d\u00eda era soleado, por lo que m\u00e1s tarde o m\u00e1s temprano el calor har\u00eda acto de presencia. Pero tambi\u00e9n es verdad que el hecho de que a esa hora estuviera despejado era precisamente lo que hac\u00eda que la temperatura fuera tan baja.<\/p>\n<p>El tiempo de descenso no lleg\u00f3 a los 5 minutos. Y era l\u00f3gico, ya que el primer <em>aperitivo <\/em>del d\u00eda consist\u00eda en la subida del puerto de La Canda, a unos 1280 m. de altitud. Algo menos conocido que su antecesor, el Padornelo, pero que constituye la verdadera entrada a Galicia, ya que se entra al t\u00fanel que constituye el punto culminante de la subida estando en Zamora, y se sale de \u00e9l en Orense. En suma, nos quedaba un ascenso de unos 290 m. (est\u00e1bamos a 1000 m. de altitud) en unos 5 kms. Una bonita manera de entrar en calor.<\/p>\n<p>Hicimos la primera parada -breve- del d\u00eda en un cruce de caminos que se encuentra justo antes de tropezar con la v\u00eda del tren. En este cruce pod\u00edamos tomar nuestra vieja amiga, la N-525, o bien seguir por la misma carretera que ven\u00edamos trayendo, que no deja de ser el antiguo trazado de esa misma nacional. Dado que tomar la N-525 supon\u00eda realizar un importante descenso -y eso no suele ser bueno cuando est\u00e1s <em>subiendo <\/em>un puerto-, optamos por seguir por la vieja nacional, que a buen seguro ser\u00eda m\u00e1s tranquila. Y as\u00ed, pasamos por debajo de la v\u00eda del tren, y continuamos nuestro ascenso. No ser\u00eda -ni mucho menos- la \u00faltima vez que nos cruz\u00e1ramos con la v\u00eda. Pero s\u00ed la una de las dos \u00fanicas veces que lo har\u00edamos <em>por debajo<\/em>.<\/p>\n<p>Al filo de las 8:30h realizamos la primera parada seria del d\u00eda. Est\u00e1bamos en mitad del ascenso hacia La Canda, a medio camino entre Chanos y Las Hedradas. Nos hab\u00edamos ganado un breve descanso, que aprovechamos para reponer fuerzas y contemplar el paisaje.<\/p>\n<figure class=\"wp-block-piwigo-gallery-single-image piwigo-single-image\"><a href=\"https:\/\/www.eniac2000.com\/piwigo\/picture.php?\/4878\" target=\"_blank\" rel=\"noopener noreferrer\"><img decoding=\"async\" src=\"https:\/\/www.eniac2000.com\/piwigo\/_data\/i\/galleries\/albums\/2010-via-de-la-plata\/dia4\/S8004769-me.JPG\" alt=\"S8004769\" \/><\/a><figcaption><strong>S8004769<\/strong><\/figcaption><\/figure>\n<p>Ten\u00edamos a\u00fan por delante un duro ascenso, por un monte que cada vez iba qued\u00e1ndose m\u00e1s pelado de vegetaci\u00f3n, en especial de esos grandes casta\u00f1os y robles que -muy a nuestro pesar en el descenso- nos hab\u00edan guarecido del sol de la ma\u00f1ana, para pasar a subir por montes desolados, en los que s\u00f3lo los tojos y los aerogeneradores se atrev\u00edan a levantar algo m\u00e1s de un palmo del suelo. Algo m\u00e1s, en el caso de los segundos. Y al otro lado del valle, se ve\u00edan sendas de herradura que trepaban trabajosas por los abruptos desniveles de la sierra. Se me ocurri\u00f3 comentar que con gusto los subir\u00eda, lo que hizo que mi padre me contemplara como el que tiene ante s\u00ed a un demente peligroso.<\/p>\n<p>Seguimos con nuestro ascenso hasta llegar al cruce de Las Hedradas. Cada vez era m\u00e1s claro que la vieja nacional sub\u00eda bastante m\u00e1s que la nueva y que -ni que decir tiene- la autov\u00eda. Empezaba a barruntar que la carretera que llev\u00e1bamos nos iba a hacer subir todo el puerto, sin tener ni siquiera el descanso de atravesarlo por el t\u00fanel de la nacional. \u00bfPero habr\u00eda alguna manera de conectar con la nueva nacional? Desde luego, hab\u00eda una viej\u00edsima carretera que descend\u00eda desde el cruce, pero al no tener indicaciones de ning\u00fan tipo, no pod\u00edamos saber si nos iba a llevar a la nacional, o m\u00e1s abajo en el valle, camino de fuera usted a saber qu\u00e9 olvidado trazado de monta\u00f1a. En mi venerable gu\u00eda Michel\u00edn, edici\u00f3n comprada en 1997 nada sal\u00eda de esta carretera. Y segu\u00edamos teniendo presente el viejo principio de que en ascenso el tomar un descenso no suele ser buena se\u00f1al. A\u00fan as\u00ed, nos arriesgamos, nos metimos en los \u00faltimos restos de frondoso bosque, emprendimos un trepidante descenso&#8230; que acab\u00f3 medio kil\u00f3metro despu\u00e9s en la nacional nueva. Perfecto. Nos hab\u00edamos ahorrado de golpe unas cuantas decenas de metros de subida, y un pu\u00f1ado de kil\u00f3metros. Pero tocaba seguir subiendo. Y esta vez el ascenso no era tan suave como por la vieja nacional. Al menos, segu\u00eda siendo tranquilo.<\/p>\n<p>A las nueve de la ma\u00f1ana llegu\u00e9 a la entrada del t\u00fanel, y al <em>non plus ultra<\/em> de Zamora. De ah\u00ed en adelante, todo iban a ser tierras gallegas. Con lo que ello conllevaba: paisaje quebrado, cont\u00ednuas subidas y bajadas, valle tras valle, cima tras cima. Y verde, mucho verde. O al menos, eso pensaba yo. Una vez reagrupados, cruzamos el t\u00fanel, con lo que culminamos la subida m\u00e1s importante del d\u00eda.<\/p>\n<p><iframe loading=\"lazy\" frameborder=\"0\" width=\"512\" height=\"288\" src=\"https:\/\/www.dailymotion.com\/embed\/video\/xfye6b\" allowfullscreen allow=\"autoplay; fullscreen; picture-in-picture\"><\/iframe><\/p>\n<p>Una vez pasado el t\u00fanel, donde nos cruzamos con el \u00fanico coche (que ya es mala suerte) en toda la subida, nos tocaba emprender un descenso largo -aunque para nada sinuoso- por la parte gallega del puerto. Pasamos veloces junto a las poblaciones de La Canda y Vilavella (donde nos sorprendi\u00f3 el an\u00f3malo top\u00f3nimo de \u00abA Mezquita\u00bb), para alcanzar sin grandes contratiempos O Pereiro, donde aprovechamos el primer bar que encontramos para realizar una nueva parada <em>t\u00e9cnica<\/em>, la primera ya en tierras gallegas. Parada que sirvi\u00f3 para echarnos al cuerpo algo caliente (<em>\u00abUn caf\u00e9, un chocolate, un caldo, lo que tenga\u00bb<\/em>), y gracias a la wifi sin cifrar del bar y del m\u00f3vil de mi padre, <em>radiar <\/em>nuestra <a href=\"http:\/\/bitacora.eniac2000.com\/?p=2165\">entrada en Galicia<\/a>.<\/p>\n<p>Saciadas nuestra hambre y sed de algo caliente, continuamos la etapa por la N-525, que no abandonar\u00edamos hasta la cercana La Gudi\u00f1a. El perfil de este tramo era lo que me calculaba una vez entramos en Galicia: breves subidas, peque\u00f1as bajadas, y alguna tachuela como el alto de O Ca\u00f1izo (donde incluso alcanzamos a ver lo que parec\u00eda ser un corzo), hasta el descenso a La Gudi\u00f1a, donde la V\u00eda de la Plata se bifurca en dos trazados: uno mas al sur, que pasa por Ver\u00edn, y otro m\u00e1s al norte, que lo hace por Laza. Nosotros hab\u00edamos optado por este \u00faltimo, algo m\u00e1s corto, que evitaba un gran tramo de carretera, aunque eso s\u00ed, algo m\u00e1s abrupto. As\u00ed que, tras tomar la foto de rigor en la bifurcaci\u00f3n de caminos, continuamos nuestra etapa, aunque sin poder sellar la credencial en La Gudi\u00f1a, al encontrarse cerrado el punto de informaci\u00f3n al peregrino, y no topar con el ayuntamiento, puesto de la Guardia Civil u oficina de turismo algunos.<\/p>\n<figure class=\"wp-block-piwigo-gallery-single-image piwigo-single-image\"><a href=\"https:\/\/www.eniac2000.com\/piwigo\/picture.php?\/4880\" target=\"_blank\" rel=\"noopener noreferrer\"><img decoding=\"async\" src=\"https:\/\/www.eniac2000.com\/piwigo\/_data\/i\/galleries\/albums\/2010-via-de-la-plata\/dia4\/S8004771-me.JPG\" alt=\"S8004771\" \/><\/a><figcaption><strong>S8004771<\/strong><\/figcaption><\/figure>\n<p>Salimos de La Gudi\u00f1a por una peque\u00f1a carretera comarcal que nos adentraba en la sorprendente Serra Seca de Orense: una sucesi\u00f3n de peque\u00f1os riscos completamente pelados, que no tendr\u00edan nada que envidiar a los montes de M\u00e1laga en lo referente a aridez, si no fuera porque en Orense llueve bastante m\u00e1s, e incluso en verano pervive una vegetaci\u00f3n arbustiva (formada principalmente por tojos y otras plantas particularmente <em>puntiagudas<\/em>) que le daba un tono verde pese a encontrarnos bien entrados en el verano.<\/p>\n<p>Pasamos por la Venta do Espi\u00f1o, en la que ser\u00eda la primera de una serie de peque\u00f1as poblaciones -Ventas- por las que habr\u00edamos de transitar en nuestro recorrido por la Sierra Seca: Venta Teresa, Venta Capela, Venta Bola\u00f1o&#8230; Justamente en la Venta Teresa pisamos tierra por primera vez en la jornada, algo que no hizo demasiada ilusi\u00f3n a mi padre, pero que a m\u00ed me alegr\u00f3 enormemente. El perfil no era a\u00fan demasiado exigente, ya que \u00edbamos por una de las crestas de la Sierra, lo que adem\u00e1s nos permiti\u00f3 observar algo que iba a ser una constante en la siguiente mitad de la etapa: segu\u00edamos b\u00e1sicamente el trazado del ferrocarril, pero mientras que \u00e9ste lo hac\u00eda salvando innumerables t\u00faneles a lo largo de la Sierra, nosotros lo hac\u00edamos <em>por encima<\/em> de \u00e9sta.<\/p>\n<p>Volvimos a retomar algo de asfalto, para volverlo a abandonar no mucho despu\u00e9s, y realizar el ascenso hasta un cerro que nos permiti\u00f3 contemplar por primera vez el impresionante embalse de As Portas, del que no pude menos que tomar una panor\u00e1mica:<\/p>\n<figure class=\"wp-block-piwigo-gallery-single-image piwigo-single-image\"><a href=\"https:\/\/www.eniac2000.com\/piwigo\/picture.php?\/4905\" target=\"_blank\" rel=\"noopener noreferrer\"><img decoding=\"async\" src=\"https:\/\/www.eniac2000.com\/piwigo\/_data\/i\/galleries\/albums\/2010-via-de-la-plata\/dia4\/pano-embalse-as-portas-peq-me.jpg\" alt=\"pano-embalse-as-portas-peq\" \/><\/a><figcaption><strong>pano-embalse-as-portas-peq<\/strong><\/figcaption><\/figure>\n<p>All\u00ed nos encontramos con una pareja de ciclistas -estos s\u00ed, con alforjas-, valencianos y veteranos en la V\u00eda de la Plata. Nos tiramos un rato de charla con ellos, y nos dieron algunos detalles de lo que nos esperaba por delante, incidiendo en dos aspectos esenciales: el descenso trialero de Campobecerros y la espectacular bajada a Laza. La cosa, que ya sobre el papel se ve\u00eda llamativa, se pon\u00eda a\u00fan m\u00e1s interesante.<\/p>\n<p>Continuamos en direcci\u00f3n a la Venta Capela, que atravesamos (aunque nos lo podr\u00edamos haber ahorrado), y seguimos por un tramo de asfalto que abandonamos no mucho despu\u00e9s. Era una t\u00f3nica que nos habr\u00eda de acompa\u00f1ar en casi toda la etapa, y que enervaba enormemente a mi padre: el Camino nos sacaba de asfalto para meternos por pistas, y volv\u00eda a \u00e9l poco despu\u00e9s. Por lo general, con el resultado de haberte metido entre pecho y espalda alguna que otra subida <em>interesante<\/em>. De estas \u00faltimas, fue especialmente interesante una subida por un tramo muy trialero, con abundante pizarra suelta y en franca pendiente, donde volvimos a tropezarnos con los ciclistas valencianos. La bajada, de nuevo hasta la carretera, hizo mis delicias, pero no demasiado las de mi padre. Pablo, mientras tanto, tambi\u00e9n parec\u00eda disfrutar del perfil quebrado.<\/p>\n<p>Llegamos a la Venta Bola\u00f1o justo al mediod\u00eda. Aprovechamos para hacer un nuevo descanso, en el que dimos cuenta del bocadillo y la naranja con los que tambi\u00e9n ese d\u00eda nos hab\u00edan obsequiado en el hostal de Puebla de Sanabria. Una lugare\u00f1a sali\u00f3 de su casa, y estuvimos d\u00e1ndole conversaci\u00f3n un rato. Imagino que la pobre mujer no tendr\u00eda demasiadas oportunidades de charlar con caras nuevas demasiado a menudo, en aquel lugar remoto y aislado.<\/p>\n<p>Salimos de la Venta Bola\u00f1o alternando de nuevo breves subidas y bajadas, pero manteniendo una t\u00f3nica de ascenso, no muy acusado, ya que segu\u00edamos la cresta de la sierra, aunque en determinadas ocasiones resultaban de una puntual dureza. A unos 3 kil\u00f3metros de la Venta, abandonamos la carretera por \u00faltima vez hasta Campobecerros. Y fue aqu\u00ed donde tuvimos la mayor pol\u00e9mica del d\u00eda. Si bien nuestro libro de ruta indicaba que ten\u00edamos que abandonar la carretera, y que as\u00ed aparec\u00eda indicado en las flechas amarillas que nos encontramos, tambi\u00e9n aparec\u00eda una indicaci\u00f3n tachada del Camino pintada sobre el asfalto. La subida era dura, pero la carretera, a diferencia de ocasiones anteriores, se apartaba enormemente del trazado del camino \u00bfNos llevar\u00edan ambas al mismo sitio, o la carretera nos conducir\u00eda a la quinta pu\u00f1eta? Con el fuerte descontento de mi padre, seguimos el camino.<\/p>\n<p>La subida fue bastante dura, por un terreno completamente pelado y abrasado por el sol. Un secarral en el que no se ve\u00edan ni lagartos, con terreno suelto y traicionero. Una virguer\u00eda, vaya. Con bonitas vistas, adem\u00e1s. Pero lo que hab\u00edamos subido no era nada comparado con el descenso hasta Campobecerros, que se mostraba en el fondo de un valle, a nuestra vista, pero al que no llegar\u00edamos sin tener que afrontar un descenso peligroso y sumamente t\u00e9cnico.<\/p>\n<p><iframe loading=\"lazy\" frameborder=\"0\" width=\"512\" height=\"288\" src=\"https:\/\/www.dailymotion.com\/embed\/video\/xfykhj\" allowfullscreen allow=\"autoplay; fullscreen; picture-in-picture\"><\/iframe><\/p>\n<p>Fueron 1300 metros de descenso por algo a medio camino entre cortafuegos y torrentera, con pizarra suelta, pe\u00f1ascos gordos como cocos de La Habana y roderas traicioneras. Y de guinda, un peregrino a pie con un enfado monumental por la trampa mortal para los tobillos que constitu\u00eda la bajada. Pablo y yo llegamos sin mayores problemas hasta el fin del camino&#8230; que coincid\u00eda con la carretera que hab\u00edamos abandonado minutos antes.<\/p>\n<figure class=\"wp-block-piwigo-gallery-single-image piwigo-single-image\"><a href=\"https:\/\/www.eniac2000.com\/piwigo\/picture.php?\/4900\" target=\"_blank\" rel=\"noopener noreferrer\"><img decoding=\"async\" src=\"https:\/\/www.eniac2000.com\/piwigo\/_data\/i\/galleries\/albums\/2010-via-de-la-plata\/dia4\/S8004791-me.JPG\" alt=\"S8004791\" \/><\/a><figcaption><strong>S8004791<\/strong><\/figcaption><\/figure>\n<p>Mi padre, cuando llegara, lo iba a hacer llevado por los demonios. As\u00ed que nos decidimos a esperarle tranquilamente. Quiz\u00e1s demasiado tranquilamente, teniendo en cuenta que ni \u00e1rboles hab\u00eda en ese secarral orensano.<\/p>\n<figure class=\"wp-block-piwigo-gallery-single-image piwigo-single-image\"><a href=\"https:\/\/www.eniac2000.com\/piwigo\/picture.php?\/4898\" target=\"_blank\" rel=\"noopener noreferrer\"><img decoding=\"async\" src=\"https:\/\/www.eniac2000.com\/piwigo\/_data\/i\/galleries\/albums\/2010-via-de-la-plata\/dia4\/S8004789-me.JPG\" alt=\"S8004789\" \/><\/a><figcaption><strong>S8004789<\/strong><\/figcaption><\/figure>\n<p>En efecto, lleg\u00f3 bramando en arameo, y jurando y perjurando que no iba a hacer ni un metro m\u00e1s de bici en camino en lo que quedaba de etapa. Pero su intenci\u00f3n se vio frustrada en cuanto entramos en Campobecerros. All\u00ed aprovechamos que nos encontramos con unas lugare\u00f1as para preguntarles el mejor trazado para llegar a Laza, incidiendo mi padre especialmente en que quer\u00eda hacerlo por asfalto. Aprovech\u00e9 la parada para apa\u00f1ar un peque\u00f1o problema que ten\u00eda en el freno trasero: uno de los hilos del cable de freno se hab\u00eda partido y enrollado en el interior de la funda, con lo que lo atascaba e imped\u00eda que el freno volviera a su posici\u00f3n de reposo tras accionarlo. Desenroll\u00e9 el hilo suelto hasta sacarlo de la funda, y lo cort\u00e9, solventando el inconveniente. Pablo, por su parte, notaba algunos problemas en el desviador trasero.<\/p>\n<p>En esas (y tras averiguar que una de las mujeres con la que convers\u00e1bamos era cuasi paisana, ya que llevaba d\u00e9cadas viviendo en C\u00f3rdoba, y se encontraba precisamente de vacaciones en su pueblo) est\u00e1bamos, cuando hizo aparici\u00f3n un miembro de protecci\u00f3n civil montado en bici de monta\u00f1a. Nos explic\u00f3 que para ese a\u00f1o Xacobeo hab\u00edan inaugurado un servicio de apoyo al peregrino con ciclistas de los alrededores, que recorr\u00edan el tramo asignado del Camino para socorrer a peregrinos en apuros o aconsejar a cualquiera que estuviera realizando el Camino (lo que, dicho sea de paso, me parece una excelente idea). El de protecci\u00f3n civil nos aconsej\u00f3 seguir el trazado del Camino, ya que no era para nada tan abrupto como lo que hab\u00edamos tra\u00eddo desde la Venta Bola\u00f1o, y sobre todo, porque la carretera que llevaba a Laza daba un rodeo de varias decenas de kil\u00f3metros.<\/p>\n<p>As\u00ed que, teniendo en cuenta que pasaba ya de la una de la tarde, y con la frustraci\u00f3n de mi padre, seguimos la carretera en direcci\u00f3n a Porto Camba con una fuerte subida inicial, necesaria para abandonar la hoya en la que se encontraba Campobecerros. Afrontamos una nueva bajada hasta Porto Camba, que cruzamos a las dos menos cuarto de la tarde, con ni un alma viviente en sus calles, y de nuevo, iniciamos una subida, la \u00faltima del d\u00eda.<\/p>\n<figure class=\"wp-block-piwigo-gallery-single-image piwigo-single-image\"><a href=\"https:\/\/www.eniac2000.com\/piwigo\/picture.php?\/4901\" target=\"_blank\" rel=\"noopener noreferrer\"><img decoding=\"async\" src=\"https:\/\/www.eniac2000.com\/piwigo\/_data\/i\/galleries\/albums\/2010-via-de-la-plata\/dia4\/S8004792-me.JPG\" alt=\"S8004792\" \/><\/a><figcaption><strong>S8004792<\/strong><\/figcaption><\/figure>\n<p>Abandonamos nuevamente el asfalto al llegar a una cruz de madera muy llamativa, emplazada en el desv\u00edo que la carretera realizaba hacia Cercedelo. All\u00ed hice una pausa mientras Pablo&#8230; <\/p>\n<figure class=\"wp-block-piwigo-gallery-single-image piwigo-single-image\"><a href=\"https:\/\/www.eniac2000.com\/piwigo\/picture.php?\/4902\" target=\"_blank\" rel=\"noopener noreferrer\"><img decoding=\"async\" src=\"https:\/\/www.eniac2000.com\/piwigo\/_data\/i\/galleries\/albums\/2010-via-de-la-plata\/dia4\/S8004793-me.JPG\" alt=\"S8004793\" \/><\/a><figcaption><strong>S8004793<\/strong><\/figcaption><\/figure>\n<p>&#8230;y mi padre llegaban a mi altura. La subida se hab\u00eda hecho dura, y a las dos de la tarde el sol, los kil\u00f3metros recorridos y la dureza de \u00e9stos se hac\u00edan notar.<br \/>\n<figure class=\"wp-block-piwigo-gallery-single-image piwigo-single-image\"><a href=\"https:\/\/www.eniac2000.com\/piwigo\/picture.php?\/4904\" target=\"_blank\" rel=\"noopener noreferrer\"><img decoding=\"async\" src=\"https:\/\/www.eniac2000.com\/piwigo\/_data\/i\/galleries\/albums\/2010-via-de-la-plata\/dia4\/S8004795-me.JPG\" alt=\"S8004795\" \/><\/a><figcaption><strong>S8004795<\/strong><\/figcaption><\/figure><\/p>\n<p>Reanudamos la subida, esta vez por pista, no sin que el ciclista de protecci\u00f3n civil nos pasara como una exhalaci\u00f3n. Y as\u00ed, superado el \u00faltimo risco de la jornada, afrontamos el espectacular descenso hacia Laza: 9 kil\u00f3metros de bajada, 5 de ellos por una pista que nos iba a llevar desde los altos de la Sierra Seca hasta la aldea de As Eiras, que bajaba al filo de cortados con ca\u00eddas de m\u00e1s de 300 metros hasta el fondo del valle, y con unas vistas espectaculares.<\/p>\n<p><iframe loading=\"lazy\" frameborder=\"0\" width=\"512\" height=\"288\" src=\"https:\/\/www.dailymotion.com\/embed\/video\/xfvj6f\" allowfullscreen allow=\"autoplay; fullscreen; picture-in-picture\"><\/iframe><\/p>\n<p>Iniciamos el descenso desde una loma pelada y azotada por todos los vientos del mundo, para ir pasando poco a poco a una vegetaci\u00f3n arbustiva, posteriormente a los bosques de con\u00edferas y, a medida que \u00edbamos descendiendo, irnos adentrando por \u00faltimo en el bosque gallego, constituido por robledales y casta\u00f1ares. Una aut\u00e9ntica delicia.<\/p>\n<p>A partir de As Eiras, afrontamos el resto del descenso por una carretera en fuerte desnivel que nos condujo a las cercan\u00edas de Laza, nuestro fin de etapa. Tras unos momentos de duda, abandonamos la carretera para tomar el \u00faltimo tramo trialero, de apenas una veintena de metros, para entrar en Laza por una agradable pista que segu\u00eda por el fondo del valle, que ya no se encontraba encajonado entre las estribaciones de la Sierra Seca, y entrar en el casco urbano del pueblo por una de sus calles principales. Eran las tres menos veinte de la tarde. Hab\u00edamos realizado el descenso de 9 kil\u00f3metros en cuarenta minutos.<\/p>\n<p>Una vez en Laza, buscamos el puesto de protecci\u00f3n civil y el ayuntamiento, donde hab\u00edamos quedado con Ana para que nos recogiera. En el puesto de protecci\u00f3n civil nos encontramos por tercera vez con el ciclista de apoyo, y nos sellaron las credenciales. De esta manera, dimos por concluida la etapa. Empaquetamos las bicis en el coche, y nos dirigimos hasta Ver\u00edn, donde ten\u00edamos reservado el hostal. Lo que sucedi\u00f3 en Ver\u00edn, y sus consecuencias, quedar\u00e1n para entradas posteriores de esta narraci\u00f3n.<\/p>\n<p>El recorrido de la etapa en Google Maps es el siguiente:<\/p>\n<p><iframe loading=\"lazy\" width=\"425\" height=\"350\" frameborder=\"0\" scrolling=\"no\" marginheight=\"0\" marginwidth=\"0\" src=\"https:\/\/maps.google.es\/maps\/ms?ie=UTF8&amp;hl=es&amp;t=h&amp;msa=0&amp;msid=107359855203283141524.000496a9a3ae6b304ee1e&amp;ll=42.067646,-7.198792&amp;spn=0.707499,1.167297&amp;z=9&amp;output=embed\"><\/iframe><br \/><small>Ver <a href=\"https:\/\/maps.google.es\/maps\/ms?ie=UTF8&amp;hl=es&amp;t=h&amp;msa=0&amp;msid=107359855203283141524.000496a9a3ae6b304ee1e&amp;ll=42.067646,-7.198792&amp;spn=0.707499,1.167297&amp;z=9&amp;source=embed\" style=\"color:#0000FF;text-align:left\">V\u00eda de la Plata. Etapa 4: Lubi\u00e1n &#8211; Laza (03\/08\/2010)<\/a> en un mapa m\u00e1s grande<\/small><\/p>\n<p><strong>Datos de la etapa:<\/strong><\/p>\n<ul>\n<li><strong>Distancia (seg\u00fan la gu\u00eda):<\/strong> 57&#8217;9 kms.<\/li>\n<li><strong>Distancia (seg\u00fan mi veloc\u00edmetro):<\/strong> 62&#8217;2 kms. (aproximada, ya que durante la grabaci\u00f3n de v\u00eddeo dejaba de funcionar)<\/li>\n<li><strong>Tiempo de etapa:<\/strong> 4h 30m (aproximadamente)<\/li>\n<li><strong>Tiempo desde el inicio de la etapa:<\/strong> 7h 14m 52s<\/li>\n<li><strong>Pulsaciones medias:<\/strong> 107 pulsaciones\/min<\/li>\n<li><strong>Pulsaciones m\u00e1ximas:<\/strong> 171<\/li>\n<li><strong>Consumo medio de calor\u00edas:<\/strong> 700 kcal\/h<\/li>\n<li><strong>Consumo m\u00e1ximo de calor\u00edas:<\/strong> 1340 kcal\/h<\/li>\n<li><strong>Tiempo en zona de pulsaciones:<\/strong> 2h 13m 42s<\/li>\n<li><strong>Consumo total de calor\u00edas:<\/strong> 5053 kcal<\/li>\n<\/ul>\n","protected":false},"excerpt":{"rendered":"<div class=\"seriesmeta\">Esta entrada es la parte 5 de 8 de la serie <a href=\"https:\/\/bitacora.eniac2000.com\/?series=camino-de-santiago-2010\" class=\"series-1831\" title=\"Camino de Santiago 2010\">Camino de Santiago 2010<\/a><\/div><p>Empezamos la cuarta etapa del Camino en Lubi\u00e1n, donde hab\u00edamos<\/p>\n","protected":false},"author":1,"featured_media":0,"comment_status":"open","ping_status":"open","sticky":false,"template":"","format":"standard","meta":{"advanced_seo_description":"","jetpack_seo_html_title":"","jetpack_seo_noindex":false,"_jetpack_memberships_contains_paid_content":false,"footnotes":"","jetpack_publicize_message":"","jetpack_publicize_feature_enabled":true,"jetpack_social_post_already_shared":false,"jetpack_social_options":{"image_generator_settings":{"template":"highway","default_image_id":0,"font":"","enabled":false},"version":2}},"categories":[2,24,19],"tags":[157,294,306,919,934,972,1009,1135,1314,1725,1704],"series":[1831],"class_list":["post-2369","post","type-post","status-publish","format-standard","hentry","category-camino-de-santiago","category-ciclismo","category-via-de-la-plata","tag-as-eiras","tag-camino-de-santiago","tag-campobecerros","tag-la-canda","tag-la-gudina","tag-laza","tag-lubian","tag-mtb","tag-puebla-de-sanabria","tag-verin","tag-via-de-la-plata","series-camino-de-santiago-2010"],"jetpack_publicize_connections":[],"jetpack_featured_media_url":"","jetpack_sharing_enabled":true,"_links":{"self":[{"href":"https:\/\/bitacora.eniac2000.com\/index.php?rest_route=\/wp\/v2\/posts\/2369","targetHints":{"allow":["GET"]}}],"collection":[{"href":"https:\/\/bitacora.eniac2000.com\/index.php?rest_route=\/wp\/v2\/posts"}],"about":[{"href":"https:\/\/bitacora.eniac2000.com\/index.php?rest_route=\/wp\/v2\/types\/post"}],"author":[{"embeddable":true,"href":"https:\/\/bitacora.eniac2000.com\/index.php?rest_route=\/wp\/v2\/users\/1"}],"replies":[{"embeddable":true,"href":"https:\/\/bitacora.eniac2000.com\/index.php?rest_route=%2Fwp%2Fv2%2Fcomments&post=2369"}],"version-history":[{"count":1,"href":"https:\/\/bitacora.eniac2000.com\/index.php?rest_route=\/wp\/v2\/posts\/2369\/revisions"}],"predecessor-version":[{"id":10992,"href":"https:\/\/bitacora.eniac2000.com\/index.php?rest_route=\/wp\/v2\/posts\/2369\/revisions\/10992"}],"wp:attachment":[{"href":"https:\/\/bitacora.eniac2000.com\/index.php?rest_route=%2Fwp%2Fv2%2Fmedia&parent=2369"}],"wp:term":[{"taxonomy":"category","embeddable":true,"href":"https:\/\/bitacora.eniac2000.com\/index.php?rest_route=%2Fwp%2Fv2%2Fcategories&post=2369"},{"taxonomy":"post_tag","embeddable":true,"href":"https:\/\/bitacora.eniac2000.com\/index.php?rest_route=%2Fwp%2Fv2%2Ftags&post=2369"},{"taxonomy":"series","embeddable":true,"href":"https:\/\/bitacora.eniac2000.com\/index.php?rest_route=%2Fwp%2Fv2%2Fseries&post=2369"}],"curies":[{"name":"wp","href":"https:\/\/api.w.org\/{rel}","templated":true}]}}