{"id":2400,"date":"2010-12-06T15:15:16","date_gmt":"2010-12-06T14:15:16","guid":{"rendered":"http:\/\/bitacora.eniac2000.com\/?p=2400"},"modified":"2025-10-11T04:50:05","modified_gmt":"2025-10-11T02:50:05","slug":"via-de-la-plata-etapa-5-laza-orense","status":"publish","type":"post","link":"https:\/\/bitacora.eniac2000.com\/?p=2400","title":{"rendered":"V\u00eda de la Plata. Etapa 5: Laza &#8211; Orense"},"content":{"rendered":"<div class=\"seriesmeta\">Esta entrada es la parte 6 de 8 de la serie <a href=\"https:\/\/bitacora.eniac2000.com\/?series=camino-de-santiago-2010\" class=\"series-1831\" title=\"Camino de Santiago 2010\">Camino de Santiago 2010<\/a><\/div><p>La cr\u00f3nica de esta etapa es la cr\u00f3nica de lo que pudo ser y no fue, dado que no pudimos llegar a efectuarla. Las razones de la suspensi\u00f3n de esta etapa arrancan precisamente en la finalizaci\u00f3n de la anterior. Recordemos que hab\u00edamos llegado a Laza a las tres menos veinte de la tarde del d\u00eda 3 de agosto. Cansados, recogimos las bicis y las empaquetamos en el Peugeot 206 que nos hac\u00eda de coche de apoyo, y pasadas las tres de la tarde, partimos hacia Ver\u00edn, la localidad donde ten\u00edamos reservado el hostal.<\/p>\n<p>Ver\u00edn es una poblaci\u00f3n que se encuentra enclavada en una zona conocida como la Depresi\u00f3n de Ver\u00edn, y que constituye una suerte de hoya, al estilo de la de \u00c9cija, en el fondo de la cual se encuentra el casco urbano. Y como \u00c9cija, sufre de una manera inusitada -al menos para las latitudes en las que se encuentra- el calor estival. Llegamos a nuestro hostal sobre las tres y media de la tarde, con un calor que ten\u00eda recogida a toda la poblaci\u00f3n, lo que contribu\u00eda a darle a las calles del pueblo un aspecto fantasmag\u00f3rico. Tras registrarnos en el hostal, intentamos averiguar un sitio donde comer, ya que nuestro hostal ten\u00eda ya cerrada la cocina. As\u00ed que por indicaciones del conserje del hostal, nos dirigimos a otro hostal cercano, donde -seg\u00fan \u00e9l- podr\u00edamos comer mejor que en su propio establecimiento. As\u00ed lo hicimos, para encontrarnos tambi\u00e9n con la cocina cerrada. Sin embargo, en este caso s\u00ed que se avinieron a abrir la cocina, y nos sirvieron el men\u00fa del d\u00eda.<\/p>\n<p>De primero Pablo, mi padre y yo tomamos un salpic\u00f3n de mariscos, mientras que Ana se decidi\u00f3 por una ensaladilla rusa. Los segundos platos fueron algo m\u00e1s variados, pero consistentes todo en carnes de la tierra. Cuando nos sirvieron los salpicones, notamos que ten\u00edan un aspecto de ser servidos de lata, pero dado que la etapa hab\u00eda sido larga y dura, hicieron nuestras delicias cual si hubieran sido frescos.<\/p>\n<p>Una vez terminamos de comer, nos dirigimos al hostal para ducharnos, hacer la colada, limpiar las bicis, y hacer algunos ajustes mec\u00e1nicos que \u00e9stas demandaban. Las habitaciones eran un tanto austeras, ya que apenas dispon\u00edan de un televisor, y pese al calor reinante, no ten\u00edan ni aire acondicionado ni ventilador alguno. Una vez duchados, y tras una breve siesta, realizamos la colada, y nos dirigimos a una estaci\u00f3n de servicio cercana para hacer una limpieza general de las bicis, previa a la labor mec\u00e1nica. Mientras Pablo y yo desmont\u00e1bamos cambios, engras\u00e1bamos y volv\u00edamos a montar, mi padre se dirig\u00edo a una tienda de bicis cercana para conseguir el tornillo de la tapa del cambio de platos, que hab\u00eda perdido con el traqueteo de la jornada. Volvi\u00f3 al cabo del rato con un cambio Shimado Deore que le regalaron, ya que precisamente la tapa se hab\u00eda partido y el due\u00f1o ya no la quer\u00eda. Fue entonces cuando mi padre empez\u00f3 a referir un cierto malestar: algo de mareo y flojera. Lo achacamos al principio a que hab\u00edamos estado mucho tiempo agachados trasteando con las bicis.<\/p>\n<p>Ana, por su parte, emple\u00f3 la tarde en pasear por el pueblo, visitar un mercadillo y realizar algunas compras. Investig\u00f3 un poco el pueblo, y volvi\u00f3 con algunas ideas para ocupar la tarde. Pero a la hora de la verdad, s\u00f3lo nos decidimos a salir al pueblo a la ca\u00edda del sol, ya que el fuerte calor y la paliza del d\u00eda no nos hac\u00edan apetecible recorrer el pueblo. Ya entrada la noche, tapeamos en una cafeter\u00eda del centro del pueblo, y fue ah\u00ed cuando mi padre empez\u00f3 a encontrarse realmente mal. Tuvimos que volver r\u00e1pidamente al hostal, donde empez\u00f3 a vomitar y a sufrir una fuerte descomposici\u00f3n intestinal, adem\u00e1s de importante malestar.<\/p>\n<p>Alarmados, acudimos a recepci\u00f3n a pedir alg\u00fan ventilador y el n\u00famero de alg\u00fan m\u00e9dico, pero no nos pudieron dar ninguna de las dos cosas. As\u00ed que, temiendo que sufriera un golpe de calor por el esfuerzo de la etapa, llam\u00e9 al 112. Al poco, una ambulancia nos llevaba al centro de salud del pueblo, donde diagnosticaron a mi padre una gastroenteritis, y le aconsejaron suspender la etapa del d\u00eda siguiente. Ante nuestras preguntas sobre la causa de la gastroenteritis, no nos supieron dar la causa: podr\u00eda haber sido causada por una intoxicaci\u00f3n alimentaria, el esfuerzo del d\u00eda, la hora tard\u00eda de almorzar, o una combinaci\u00f3n de todo ello. Lo que a\u00fan no sab\u00edamos (y que tardar\u00edamos cuatro d\u00edas en averiguar) es que la causa de todo era el dichoso salpic\u00f3n de mariscos. Yo mismo caer\u00eda enfermo el s\u00e1bado de esa semana -justo tras terminar el Camino-, con los mismos s\u00edntomas, y Pablo los empezar\u00eda a experimentar el lunes siguiente, en el aeropuerto de Madrid-Barajas, justo antes de tomar un avi\u00f3n a M\u00fanich.<\/p>\n<p>Una vez que la ambulacia nos hubo devuelto al hostal, con la recomendaci\u00f3n m\u00e9dica de hacer dieta blanda y suspender la etapa del d\u00eda siguiente, decidimos renunciar a ella, a\u00fan con la sugerencia de mi padre de que Pablo y yo realiz\u00e1ramos la etapa. Inmediatamente descart\u00e9 esta posibilidad, ya que no iba a estar tranquilo dejando a mi padre en lo peor de la enfermedad, e irme yo a dar pedales por ah\u00ed. As\u00ed que tomamos la determinaci\u00f3n de dirigirnos directamente el d\u00eda siguiente al hotel que ten\u00edamos reservado en Orense, en el que ser\u00eda mucho m\u00e1s c\u00f3modo estar convaleciente. Y as\u00ed lo hicimos. En cuanto mi padre estuvo en condiciones de hacer el viaje, a media ma\u00f1ana del d\u00eda 4 (si bien muy d\u00e9bil y bastante p\u00e1lido), tomamos el coche hasta nuestra siguiente parada: un hotel de cuatro estrellas en el Alto do Cumial, a las afueras de Orense. Hotel de cuatro estrellas que, por cierto, apenas costaba un poco m\u00e1s que la mediocre pensi\u00f3n en la que nos hab\u00edamos hospedado en Ver\u00edn.<\/p>\n<p>El viaje a Orense no tuvo grandes complicaciones, si bien llegar hasta el hotel nos fue un poco complicado, al encontrarse \u00e9ste a las afueras de Orense, en una peque\u00f1a aldea de la capital orensana. Sin embargo, ten\u00eda la curiosa cualidad de que se encontraba justo en el trazado de la V\u00eda de la Plata, lo que nos habr\u00eda resultado conveniente de haber efectuado la etapa, y lo que nos iba a facilitar sobremanera la log\u00edstica de la etapa siguiente. El hotel no ten\u00eda nada que ver con el antro que hab\u00edamos dejado en Ver\u00edn: moderno a la par que agradable est\u00e9ticamente, en una zona verde, con piscina, gimnasio, acceso wifi gratuito, y unas magn\u00edficas habitaciones. A partir de entonces mi padre empez\u00f3 a mejorar sensiblemente. Tanto fue as\u00ed que incluso nos animamos Ana, Pablo y yo a bajar a comer a Orense, ya que mi padre, con su dieta a base de pescado, yogur y bebidas isot\u00f3nicas, se encontraba bastante mejor. Y as\u00ed lo hicimos. Mi padre se qued\u00f3 tranquilamente en el hotel, y nosotros tres bajamos a Orense. Almorzamos en un conocido centro comercial del centro, y despu\u00e9s nos guarecimos del fuerte calor en la Catedral, donde aprovechamos para sellar nuestras credenciales de peregrino.<\/p>\n<figure class=\"wp-block-piwigo-gallery-single-image piwigo-single-image\"><a href=\"https:\/\/www.eniac2000.com\/piwigo\/picture.php?\/4931\" target=\"_blank\" rel=\"noopener noreferrer\"><img decoding=\"async\" src=\"https:\/\/www.eniac2000.com\/piwigo\/_data\/i\/galleries\/albums\/2010-via-de-la-plata\/dia5\/portico-catedral-orense-peq-me.jpg\" alt=\"portico-catedral-orense-peq\" \/><\/a><figcaption><strong>portico-catedral-orense-peq<\/strong><\/figcaption><\/figure>\n<p>Despu\u00e9s recorrimos el casco viejo de la ciudad, e incluso donde nos llegamos a acercar a las Burgas, las famosas fuentes termales de Orense. All\u00ed pudimos contemplar una escena curiosa: una pareja de ancianitos que se dedicaban a advertir a los incautos que met\u00edan la mano en la fuente termal de que \u00e9sta se encontraba muy caliente. Lo divertido del asunto es que lo hac\u00edan <em>despu\u00e9s<\/em> de que hubieran metido la mano. Nosotros, avisados, no ca\u00edmos en la trampa. Especialmente porque pod\u00eda verse humear el agua a pesar de que est\u00e1bamos en lo m\u00e1s duro de una calurosa tarde de agosto en Orense. Una familia de teutones, sin embargo, no estuvo tan atenta.<\/p>\n<figure class=\"wp-block-piwigo-gallery-single-image piwigo-single-image\"><a href=\"https:\/\/www.eniac2000.com\/piwigo\/picture.php?\/4926\" target=\"_blank\" rel=\"noopener noreferrer\"><img decoding=\"async\" src=\"https:\/\/www.eniac2000.com\/piwigo\/_data\/i\/galleries\/albums\/2010-via-de-la-plata\/dia5\/S8004816-me.JPG\" alt=\"S8004816\" \/><\/a><figcaption><strong>S8004816<\/strong><\/figcaption><\/figure>\n<p>Ante el sofocante calor, volvimos al hotel, para encontrarnos que mi padre se encontraba mucho mejor. De hecho, se hab\u00eda animado incluso a bajar a la piscina durante la tarde, aunque poco rato, ya que a\u00fan no pod\u00eda apartarse demasiado del cuarto de ba\u00f1o. Esa noche, en vista de su mejora, nos decidimos a bajar los cuatro a las <a href=\"http:\/\/www.termaschavasqueira.com\">Termas A Chavasqueira<\/a>, un afamado establecimiento termal de Orense. Consiste en unas termas de estilo japon\u00e9s contruidas por maestros japoneses con respeto a los rituales y t\u00e9cnicas propias del oficio, a finales de los a\u00f1os 90 en unas fuentes termales existentes junto al r\u00edo Mi\u00f1o, conocidas como Burgas del Obispo.<\/p>\n<figure id=\"attachment_2404\" aria-describedby=\"caption-attachment-2404\" style=\"width: 400px\" class=\"wp-caption aligncenter\"><a href=\"http:\/\/bitacora.eniac2000.com\/wp-content\/uploads\/2010\/12\/termasachavasqueira.jpg\"><img loading=\"lazy\" decoding=\"async\" src=\"http:\/\/bitacora.eniac2000.com\/wp-content\/uploads\/2010\/12\/termasachavasqueira-400x273.jpg\" alt=\"Termas A Chavasqueira (Imagen cortes\u00eda de CRTVG)\" title=\"Termas A Chavasqueira (Imagen cortes\u00eda de CRTVG)\" width=\"400\" height=\"273\" class=\"size-medium wp-image-2404\" \/><\/a><figcaption id=\"caption-attachment-2404\" class=\"wp-caption-text\">Termas A Chavasqueira (Imagen cortes\u00eda de CRTVG)<\/figcaption><\/figure>\n<p>Los ba\u00f1os en las termas nos sentaron magn\u00edficamente bien. Y la cerveza Estrella Galicia Edici\u00f3n 1906 que tom\u00e9 a la salida, a\u00fan mejor. Esa noche decidimos que Pablo y yo realizar\u00edamos la etapa del d\u00eda siguiente. Mi padre, pese a su evidente mejora, no estaba a\u00fan lo suficientemente recuperado como para acometer la etapa del d\u00eda siguiente. Con esta idea en mente, Pablo y yo nos preparamos para la siguiente etapa.<\/p>\n<p>En cuanto a la etapa que tendr\u00edamos que haber efectuado, el recorrido previsto era haber realizado los 55\u20194 km. que separan Laza de Orense. De acuerdo a la gu\u00eda de ruta, la dificultad de la etapa era alta (hasta Vilar de Barrio) y media (desde Vilar de Barrio hasta Orense). En Protecci\u00f3n Civil nos hab\u00edan advertido sobre la dificultad de la subida del alto de Tamicelas, que la gu\u00eda de etapa describe de la siguiente manera:<\/p>\n<blockquote><p>A partir de aqu\u00ed se inicia una fuerte subida por un camino, que m\u00e1s parece cortafuegos, con hermosas vistas de los valles. A la izquierda vemos la carretera que cruzamos al final de la cuesta, donde comienza una suave bajada hasta Alberguer\u00eda<\/p><\/blockquote>\n<p>Desde Alberguer\u00eda se transita durante un tiempo por una falsa llanura, que posteriormente realiza un descenso bastante fuerte hasta la llanura de la Limia. El primer pueblo al que se llega, y que marca el ecuador de la etapa, es Vilar de Barrio. Esta llanura ya no se abandona pr\u00e1cticamente hasta llegar a Orense, y se pasa por los pueblosd e Bodabela, Xunqueiran de Amb\u00eda y, por \u00faltimo, se llega al Alto de Cumial, antesala del descenso a Orense.<\/p>\n<p>El trazado de la etapa en Google Maps es el siguiente:<\/p>\n<p><iframe loading=\"lazy\" width=\"425\" height=\"350\" frameborder=\"0\" scrolling=\"no\" marginheight=\"0\" marginwidth=\"0\" src=\"https:\/\/maps.google.es\/maps\/ms?ie=UTF8&amp;hl=es&amp;t=h&amp;msa=0&amp;msid=107359855203283141524.000496be316c139408f45&amp;ll=42.195969,-7.668457&amp;spn=0.356092,0.583649&amp;z=10&amp;output=embed\"><\/iframe><br \/><small>Ver <a href=\"https:\/\/maps.google.es\/maps\/ms?ie=UTF8&amp;hl=es&amp;t=h&amp;msa=0&amp;msid=107359855203283141524.000496be316c139408f45&amp;ll=42.195969,-7.668457&amp;spn=0.356092,0.583649&amp;z=10&amp;source=embed\" style=\"color:#0000FF;text-align:left\">V\u00eda de la Plata. Etapa 5: Laza &#8211; Orense (suspendida)<\/a> en un mapa m\u00e1s grande<\/small><\/p>\n","protected":false},"excerpt":{"rendered":"<div class=\"seriesmeta\">Esta entrada es la parte 6 de 8 de la serie <a href=\"https:\/\/bitacora.eniac2000.com\/?series=camino-de-santiago-2010\" class=\"series-1831\" title=\"Camino de Santiago 2010\">Camino de Santiago 2010<\/a><\/div><p>La cr\u00f3nica de esta etapa es la cr\u00f3nica de lo<\/p>\n","protected":false},"author":1,"featured_media":0,"comment_status":"open","ping_status":"open","sticky":false,"template":"","format":"standard","meta":{"advanced_seo_description":"","jetpack_seo_html_title":"","jetpack_seo_noindex":false,"_jetpack_memberships_contains_paid_content":false,"footnotes":"","jetpack_publicize_message":"","jetpack_publicize_feature_enabled":true,"jetpack_social_post_already_shared":false,"jetpack_social_options":{"image_generator_settings":{"template":"highway","default_image_id":0,"font":"","enabled":false},"version":2}},"categories":[2,19],"tags":[94,281,377,715,972,1212,1613,1725],"series":[1831],"class_list":["post-2400","post","type-post","status-publish","format-standard","hentry","category-camino-de-santiago","category-via-de-la-plata","tag-alto-de-cumial","tag-calor","tag-catedral-de-orense","tag-gastroenteritis","tag-laza","tag-orense","tag-termas-a-chavasqueira","tag-verin","series-camino-de-santiago-2010"],"jetpack_publicize_connections":[],"jetpack_featured_media_url":"","jetpack_sharing_enabled":true,"_links":{"self":[{"href":"https:\/\/bitacora.eniac2000.com\/index.php?rest_route=\/wp\/v2\/posts\/2400","targetHints":{"allow":["GET"]}}],"collection":[{"href":"https:\/\/bitacora.eniac2000.com\/index.php?rest_route=\/wp\/v2\/posts"}],"about":[{"href":"https:\/\/bitacora.eniac2000.com\/index.php?rest_route=\/wp\/v2\/types\/post"}],"author":[{"embeddable":true,"href":"https:\/\/bitacora.eniac2000.com\/index.php?rest_route=\/wp\/v2\/users\/1"}],"replies":[{"embeddable":true,"href":"https:\/\/bitacora.eniac2000.com\/index.php?rest_route=%2Fwp%2Fv2%2Fcomments&post=2400"}],"version-history":[{"count":1,"href":"https:\/\/bitacora.eniac2000.com\/index.php?rest_route=\/wp\/v2\/posts\/2400\/revisions"}],"predecessor-version":[{"id":10993,"href":"https:\/\/bitacora.eniac2000.com\/index.php?rest_route=\/wp\/v2\/posts\/2400\/revisions\/10993"}],"wp:attachment":[{"href":"https:\/\/bitacora.eniac2000.com\/index.php?rest_route=%2Fwp%2Fv2%2Fmedia&parent=2400"}],"wp:term":[{"taxonomy":"category","embeddable":true,"href":"https:\/\/bitacora.eniac2000.com\/index.php?rest_route=%2Fwp%2Fv2%2Fcategories&post=2400"},{"taxonomy":"post_tag","embeddable":true,"href":"https:\/\/bitacora.eniac2000.com\/index.php?rest_route=%2Fwp%2Fv2%2Ftags&post=2400"},{"taxonomy":"series","embeddable":true,"href":"https:\/\/bitacora.eniac2000.com\/index.php?rest_route=%2Fwp%2Fv2%2Fseries&post=2400"}],"curies":[{"name":"wp","href":"https:\/\/api.w.org\/{rel}","templated":true}]}}