{"id":2501,"date":"2011-02-16T22:16:47","date_gmt":"2011-02-16T21:16:47","guid":{"rendered":"http:\/\/bitacora.eniac2000.com\/?p=2501"},"modified":"2025-10-05T17:12:53","modified_gmt":"2025-10-05T15:12:53","slug":"etapa-ciclista-vereda-de-la-canchuela-santa-maria-de-trassierra-cuesta-de-la-media-ladera-13ii2011","status":"publish","type":"post","link":"https:\/\/bitacora.eniac2000.com\/?p=2501","title":{"rendered":"Etapa ciclista: Vereda de la Canchuela &#8211; Santa Mar\u00eda de Trassierra &#8211; Cuesta de la Media Ladera (13\/II\/2011)"},"content":{"rendered":"<p>El pasado domingo 13 de febrero Man\u00e9 y yo volvimos a salir a dar pedales por la Sierra de C\u00f3rdoba. En esta ocasi\u00f3n variamos un poco el gui\u00f3n: dado que Man\u00e9 ten\u00eda ganas de explorar nuevos caminos por la vertiente m\u00e1s occidental de la sierra, y yo ten\u00eda ganas de volver a rodar por aquella zona, decidimos subir por la Vereda de la Canchuela hasta Trassierra y, en la medida de lo posible, enlazar con la zona de El Salado. Dicho y hecho: el plan que ten\u00eda en mente era subir por la Canchuela hasta el cortijo de Pedrajas, seguir hasta el embalse de la Jarosa, entrar en la pista de El Salado, para bajar a Trassierra. Desde all\u00ed, bajar hasta los ba\u00f1os de Popea, remontar el Bejarano, y enlazar con el Lagar de la Cruz por las Dos Columnas. Y finalmente, bajar a C\u00f3rdoba por Los Morales. Una aut\u00e9ntica kilometrada, de la que al final solamente har\u00edamos la mitad del plan. Pero no adelantemos acontecimientos.<\/p>\n<p>Salimos a las 9:00h, y bajamos hasta el Camping, para tomar la pista paralela al canal del Guadalmellato. Tuvimos que abandonarla a la altura de los cines de El Tablero, al hallarse la zona en obras. Fuimos por la circunvalaci\u00f3n hasta San Rafael de la Albaida, donde tomamos la pista de mantenimiento del canal durante un buen rato. Rato que aprovechamos para hablar de todo un poco, e ir haciendo algo de rodaje para afrontar en las mejores condiciones posibles el reto que ten\u00edamos por delante.<\/p>\n<p>Dejamos el canal poco despu\u00e9s de pasar junto a C\u00f3rdoba la Vieja, y justo antes de llegar a la urbanizaci\u00f3n de la Gorgojuela. All\u00ed arranca la vereda de la Canchuela. Y lo hace bien fuerte, intern\u00e1ndose directamente en la sierra, como para marcar un violento contraste con el llano camino que ven\u00edamos siguiendo hasta entonces. Las primeras rampas de la Canchuela son sencillamente brutales, y el rato que transcurre desde que sales del valle y entras poco a poco en la dehesa se hace sumamente duro. Al llegar a la primera zona arbolada hicimos una pausa para recuperar algo de fuelle. Una vez se llega a los \u00e1rboles el camino, si bien en ascenso, se hace algo m\u00e1s relajado. Y as\u00ed, poco a poco, fuimos subiendo por la vereda hasta alcanzar un poste con una calavera de vaca. No pudimos evitar detenernos para dejar constancia de tan inusual decoraci\u00f3n:<\/p>\n<figure class=\"wp-block-piwigo-gallery-single-image piwigo-single-image\"><a href=\"https:\/\/www.eniac2000.com\/piwigo\/picture.php?\/8841\" target=\"_blank\" rel=\"noopener noreferrer\"><img decoding=\"async\" src=\"https:\/\/www.eniac2000.com\/piwigo\/_data\/i\/galleries\/albums\/ciclismo\/2011-02-13-canchuela-trassierra-media_ladera\/S8005347-me.JPG\" alt=\"S8005347\" \/><\/a><figcaption><strong>S8005347<\/strong><\/figcaption><\/figure>\n<p>Tras pasar la calavera de vaca, seguimos por la vereda. Al principio, de nuevo en subida, interrumpida poco despu\u00e9s por una breve bajada hasta un arroyo&#8230; que marca el inicio de los 700 metros m\u00e1s duros de toda la subida, hasta el cortijo de Pedrajas. Una aut\u00e9ntica pared interrumpida por una cerca, que hace que, quieras o no, tengas que echar pie a tierra en al menos una ocasi\u00f3n. Alguna m\u00e1s, en mi caso&#8230;<\/p>\n<p>Superado el ascenso, y dejado atr\u00e1s el cortijo, hicimos una pausa para orientarnos. Hab\u00eda llevado mi libro de \u00ab<a href=\"http:\/\/www.airesdecordoba.com\/cordobalibros\/libros-sobre-cordoba\/20-andar-por-la-sierra-de-cordoba\">Andar por la Sierra de C\u00f3rdoba<\/a>\u00ab, una excelente gu\u00eda de los caminos y senderos existentes en la Sierra Morena cordobesa, y que durante a\u00f1os ha sido mi libro de cabecera para estas expediciones. De acuerdo a esta gu\u00eda, pod\u00edamos tomar el camino de la Jarosa para cruzar el arroyo Guadarrom\u00e1n aguas abajo del embalse de la Jarosa, y encontrarnos con el sendero GR48 en las cercan\u00edas del cortijo de La Porrada. Sin embargo, hab\u00edamos decidido seguir por La Canchuela durante algo m\u00e1s de tiempo, para girar a la izquierda en el enlace con la vereda del Llano de Mesoneros, y llegar al embalse aguas arriba. Algo m\u00e1s corto, pero m\u00e1s fiel al recorrido de la vereda. <\/p>\n<p>Seguimos adelante, siguiendo una amplia curva a la derecha que realiza el camino. Pronto vimos a nuestra izquierda un sendero que dejaba el camino, para internarse poco despu\u00e9s en la arboleda, valle abajo. Supusimos que se trataba del comienzo del camino de la Jarosa, y nos lo apuntamos para mejor ocasi\u00f3n. En realidad, como pude ver despu\u00e9s en los mapas, es un camino que lleva m\u00e1s directamente al vado del Guadarrom\u00e1n, un poco m\u00e1s abajo del embalse de la Jarosa. Nosotros seguimos, en un suave ascenso, por el camino, para iniciar poco despu\u00e9s un r\u00e1pido descenso hasta que alcanzamos dos grandes portelas. Empezaba a estar algo preocupado, ya que a esas alturas ten\u00edamos que haber visto a nuestra izquierda la bifurcaci\u00f3n que realiza la vereda de la Canchuela. Sin embargo, ah\u00ed no hab\u00eda nada, salvo peque\u00f1os senderos y vegetaci\u00f3n.<\/p>\n<p>Al pasar la portela nos encontramos con un grupo de ciclistas, y les preguntamos c\u00f3mo llegar al embalse. Nos dijeron que continu\u00e1ramos recto, hasta ver al cabo de un rato una puerta a la izquierda con un cartel anunciando una monter\u00eda. Por all\u00ed, subiendo un poco, podr\u00edamos encontrar un camino que nos llevar\u00eda hasta el embalse. Seguimos, pues, sus indicaciones, y continuamos avanzando en un suace ascenso. Sospechaba que nos est\u00e1bamos adentrando en la vereda del Llano de Mesoneros. Un rato despu\u00e9s llegamos a una zona m\u00e1s llana, y paramos junto a una portela que se abr\u00eda a la izquierda. Sospechaba que por ah\u00ed podr\u00edamos llegar hasta el embalse de la Jarosa. Preguntamos a unos caminantes, y si bien nos dijeron que en efecto por ah\u00ed saldr\u00edamos al embalse, nos recomendaron seguir un poco m\u00e1s adelante, para llegar al sitio que el grupo de ciclistas nos hab\u00edan indicado. Tras comernos unas barritas de cereales, decidimos hacer caso de las indicaciones, aunque daba la impresi\u00f3n de que est\u00e1bamos dando un enorme rodeo&#8230; como as\u00ed era en realidad.<\/p>\n<p>Continuamos el camino, en suave ascenso, hasta que llegamos a la cancela indicada que, adem\u00e1s, no ten\u00eda p\u00e9rdida, ya que se encontraba indicada de manera m\u00faltiple: por un lado, con las indicaciones de la <a href=\"http:\/\/www.turismodecordoba.org\/5rutas\/index.html\">Ruta Azul, de Paseos por la Sierra de C\u00f3rdoba<\/a>, hasta Puerto Artafi, y por otro, con indicaciones de Trassierra de la red de caminos de la Junta de Andaluc\u00eda. Estaba bastante claro. Pasamos la cancela, y afrontamos una dura, aunque breve, subida, para llegar a una bifurcaci\u00f3n. Seguimos el camino en descenso a mano derecha, desechando para otra ocasi\u00f3n la subida a mano izquierda. Emprendimos un r\u00e1pido descenso hasta desembocar en un camino, justo al lado de la fuente de la Marquesa.<\/p>\n<figure class=\"wp-block-piwigo-gallery-single-image piwigo-single-image\"><a href=\"https:\/\/www.eniac2000.com\/piwigo\/picture.php?\/8844\" target=\"_blank\" rel=\"noopener noreferrer\"><img decoding=\"async\" src=\"https:\/\/www.eniac2000.com\/piwigo\/_data\/i\/galleries\/albums\/ciclismo\/2011-02-13-canchuela-trassierra-media_ladera\/S8005350-me.JPG\" alt=\"S8005350\" \/><\/a><figcaption><strong>S8005350<\/strong><\/figcaption><\/figure>\n<p>La fuente de la Marquesa se trata, en realidad, de una de las tomas del acueducto Aqua Augusta, que abastec\u00eda de agua a la Corduba romana, primero, a la Qurtuba musulmana, despu\u00e9s, y por \u00faltimo a la C\u00f3rdoba cristiana. Una larga historia, vaya que s\u00ed. No est\u00e1bamos seguros, pero por el ruido del tr\u00e1fico calcul\u00e1bamos que deb\u00edamos de andar cerca del cruce de Trassierra, como as\u00ed era.<\/p>\n<p>Desde la fuente emprendimos un r\u00e1pido y movido descenso entre vegetaci\u00f3n muy cerrada hasta alcanzar el embalse de la Jarosa, en un peque\u00f1o valle que har\u00eda las delicias de los campistas. Nosotros, desde luego, est\u00e1bamos disfrutando sobremanera de la etapa. Una aut\u00e9ntica delicia, con grandes contrastes entre subidas, bajadas, trayectos por valles, duras subidas y emocionantes descensos, con todo el rango de vegetaci\u00f3n con el que obsequia la Sierra. Sencillamente precioso.<\/p>\n<p>Bordeamos el embalse de la Jarosa y, poco despu\u00e9s, desechamos un camino que surg\u00eda a nuestra derecha, por seguir los postes azules de la ruta de Puerto Artafi y las marcas blancas y amarillas de sendero de peque\u00f1o recorrido. A\u00fan no lo sab\u00edamos, pero est\u00e1bamos descartando un camino directo hasta Trassierra. En su lugar est\u00e1bamos retomando la vereda de la Canchuela, lo que nos llevar\u00eda a dar un rodeo de varios kil\u00f3metros. En ese momento nos volvimos a encontrar con el grupo ciclista con el que hab\u00edamos conversado en la portela. Sospechoso. O ellos o nosotros estaban andando en c\u00edrculos. Creo que no necesito aclarar qui\u00e9n.<\/p>\n<p>As\u00ed pues, seguimos avanzando por la vereda, primero en subida, y luego en llano, hasta llegar a un cruce. Se trataba del cruce del GR-48 con la vereda de la Canchuela. Pod\u00edamos seguir a la derecha hacia Trassierra, por el GR-48, o seguir avanzando hasta Puerto Artafi, por un lado, y por el Camino Viejo de Almod\u00f3var, por otro. Huelgo decir que giramos a la derecha. Llev\u00e1bamos unos 23 kil\u00f3metros, y seg\u00fan la indicaci\u00f3n, a\u00fan nos faltaban 4&#8217;5 kms. hasta Trassierra.<\/p>\n<figure id=\"attachment_2507\" aria-describedby=\"caption-attachment-2507\" style=\"width: 400px\" class=\"wp-caption aligncenter\"><a href=\"http:\/\/www.panoramio.com\/photo\/45910171\"><img loading=\"lazy\" decoding=\"async\" src=\"http:\/\/bitacora.eniac2000.com\/wp-content\/uploads\/2011\/02\/45910171-400x300.jpg\" alt=\"Cruce de caminos en la vereda de La Canchuela (Imagen cortes\u00eda de Ricardo SM)\" title=\"Cruce de caminos en la vereda de La Canchuela (Imagen cortes\u00eda de Ricardo SM)\" width=\"400\" height=\"300\" class=\"size-medium wp-image-2507\" \/><\/a><figcaption id=\"caption-attachment-2507\" class=\"wp-caption-text\">Cruce de caminos en la vereda de La Canchuela (Imagen cortes\u00eda de Ricardo SM)<\/figcaption><\/figure>\n<p>De nuevo en ascenso, nos adentramos en un frondoso bosque mediterr\u00e1neo, para llegar poco despu\u00e9s hasta una de las entradas del cortijo de Lo Vaca, marcada por una vistosa puerta. Seguimos sin problemas las marcas rojas y blancas del sendero GR-48, y con alternancia de subidas y bajadas, fuimos adentr\u00e1ndonos en lo que parec\u00eda ser El Salado. Poco despu\u00e9s tuvimos confirmaci\u00f3n de este extremo, cuando llegamos a la pista asfaltada de El Salado, justo en la zona en la que describe un giro de 90\u00ba. Ya no tuvimos m\u00e1s que seguir la pista hasta llegar a Santa Mar\u00eda de Trassierra. Llev\u00e1bamos 27 kil\u00f3metros largos de etapa. M\u00e1s que si hubi\u00e9ramos seguido el camino propuesto por la gu\u00eda.<\/p>\n<p>En Trassierra paramos a tomar algo de comer en un peque\u00f1o supermercado que se encuentra a la entrada del pueblo. All\u00ed nos encontramos con unos amigos de Man\u00e9, que tambi\u00e9n se encontraban dando pedales por la Sierra. Nos ofrecieron unirnos a ellos, como as\u00ed hicimos. No ten\u00edan muy claro por d\u00f3nde bajar a C\u00f3rdoba, pero a esas alturas poco importaba: iba a ser divertido. Al final, en plena marcha, decidieron volver por la Fuente del Elefante y el cortijo del Ca\u00f1o del Escarabita. Estaba encantado: hac\u00eda a\u00f1os que no pasaba por all\u00ed. Aunque, de esta manera, abandon\u00e1bamos el plan de etapa que ten\u00edamos previsto. No es que importara demasiado, ya que llev\u00e1bamos una interesante paliza en lo alto.<\/p>\n<p>Pasamos por la fuente del Elefante en un rodar bastante agradable, y sin mayor novedad llegamos hasta el cortijo del Ca\u00f1o, donde giramos a mano derecha para enfilar, por el Camino del Ca\u00f1o, hasta las casas del Rosal de las Escuelas. Y desde all\u00ed, una nueva sorpresa: \u00edbamos a atravesar el <em>bosque de Fangorn<\/em> hasta el cruce de Trassierra. Eso s\u00ed que era nuevo para m\u00ed. Hab\u00eda o\u00eddo hablar a Man\u00e9 de ese trayecto, pero no lo conoc\u00eda. Y tengo que reconocer que tiene el nombre bien puesto: una subida (desde ese lado) por bosque tupido, por un sendero muy cerrado, con abundantes curvas y contracurvas, con breves pero duras subidas, algunas de ellas apuntaladas por postes de madera, para evitar su derrumbe. Y a todo esto le segu\u00edan vertiginosos descensos por bosque cerrado en tramos trialeros a m\u00e1s no poder. Magn\u00edfico.<\/p>\n<p>As\u00ed, llegamos a la gasolinera del cruce de Trassierra pasada la una de la tarde. Y amenazando lluvia. El grupo al que acompa\u00f1\u00e1bamos hab\u00eda decidido bajar por la cuesta de Media Ladera, que desemboca en el cortijo La Gitana. Unas semanas antes le hab\u00eda propuesto a Man\u00e9 subir por ah\u00ed, pero lo hab\u00edamos descartado ya que ten\u00eda noticias de que las lluvias de los dos \u00faltimos a\u00f1os hab\u00edan arrasado el camino. Esto no disuadi\u00f3 a los amigos de Man\u00e9, que se equiparon con sus grebas de descenso. Viendo lo que se ve\u00eda encima, me prepar\u00e9 para lo peor.<\/p>\n<p>Me qued\u00e9 corto. La cuesta de la Media Ladera es un camino \u00e1rabe que se abre paso por el estrecho valle que se encuentra encajonado entre la carretera de la Albaida y la de San Jer\u00f3nimo. El comienzo de la bajada era una sucesi\u00f3n de piedra triturada y arrastrada por el agua. Enormemente divertido con una bicicleta de doble suspensi\u00f3n, pero un poco m\u00e1s complicado para una simple. Aun as\u00ed, le ech\u00e9 valor y realic\u00e9 el descenso. Hasta el punto en el que el arroyo ha arrasado el camino. Era sencillamente impracticable, con tramos en los que el agua hab\u00eda arrastrado toda la cubierta de tierra, hasta horadar un par de metros de profundidad. No nos qued\u00f3 m\u00e1s remedio que echar pie a tierra, y bajar por una c\u00e1rcava encerrada entre matorrales y \u00e1rboles medio arrancados del terreno. Una vez pasado una enorme roca, el arroyo se desv\u00eda a la derecha, por lo que pudimos seguir por el camino. Un camino que aflojaba los empastes, y no hablo de manera metaf\u00f3rica. Uno de nuestros compa\u00f1eros observ\u00f3, al llegar al final del descenso, que los anclajes de la suspensi\u00f3n delantera de su bici se hab\u00edan desprendido de su sitio. Yo, por mi parte, consegu\u00ed llegar sin novedad hasta el final del camino. Fue ah\u00ed donde mis compa\u00f1eros se sorprendieron al darse cuenta de que hab\u00eda hecho la bajada con rastrales, en lugar de con pedales autom\u00e1ticos. \u00ab\u00bfY c\u00f3mo haces para sacar los pies si te vas al suelo?\u00bb, me preguntaron. \u00abSacarlos r\u00e1pidamente\u00bb, fue mi respuestas. Creo que no mejor\u00f3 la impresi\u00f3n que ten\u00edan de m\u00ed. <img src=\"https:\/\/bitacora.eniac2000.com\/wp-includes\/images\/smilies\/mrgreen.png\" alt=\":mrgreen:\" class=\"wp-smiley\" style=\"height: 1em; max-height: 1em;\" \/><\/p>\n<p>Desde ah\u00ed, la etapa estaba pr\u00e1cticamente terminada. Seguimos camino abajo hasta el canal, pasando junto al puente \u00e1rabe de los Nogales y el matadero. Desde el canal llegamos hasta la carretera de la Albaida, y volvimos a Santa Rosa por la circunvalaci\u00f3n. Y desde ah\u00ed, a casa. Llegamos a las 14:10h. Una bonita etapa, sin lugar a dudas. Esa tarde, cuando comprob\u00e9 el recorrido en la cartograf\u00eda y en Google Earth, v\u00ed que, como sospechaba, hab\u00edamos estado dando m\u00e1s vueltas que un trompo:<\/p>\n<p><iframe loading=\"lazy\" width=\"425\" height=\"350\" frameborder=\"0\" scrolling=\"no\" marginheight=\"0\" marginwidth=\"0\" src=\"https:\/\/maps.google.es\/maps\/ms?ie=UTF8&amp;hl=es&amp;t=h&amp;msa=0&amp;msid=202361253797459258527.00049c3de3ea9557732c4&amp;ll=37.902491,-4.871063&amp;spn=0.189631,0.291824&amp;z=11&amp;output=embed\"><\/iframe><br \/><small>Ver <a href=\"https:\/\/maps.google.es\/maps\/ms?ie=UTF8&amp;hl=es&amp;t=h&amp;msa=0&amp;msid=202361253797459258527.00049c3de3ea9557732c4&amp;ll=37.902491,-4.871063&amp;spn=0.189631,0.291824&amp;z=11&amp;source=embed\" style=\"color:#0000FF;text-align:left\">Vereda de la Canchuela &#8211; Trassierra &#8211; Vereda de la Media Ladera (13\/02\/2011)<\/a> en un mapa m\u00e1s grande<\/small><\/p>\n<p>Los datos de la etapa son los siguientes:<\/p>\n<ul>\n<li><strong>Distancia (seg\u00fan mi veloc\u00edmetro)<\/strong>: 42,351 km.<\/li>\n<li><strong>Tiempo de etapa:<\/strong> 3h 19m 55s<\/li>\n<li><strong>Tiempo desde el inicio de la etapa:<\/strong> 5h 10m 54s<\/li>\n<\/ul>\n","protected":false},"excerpt":{"rendered":"<p>El pasado domingo 13 de febrero Man\u00e9 y yo volvimos<\/p>\n","protected":false},"author":1,"featured_media":0,"comment_status":"open","ping_status":"open","sticky":false,"template":"","format":"standard","meta":{"advanced_seo_description":"","jetpack_seo_html_title":"","jetpack_seo_noindex":false,"_jetpack_memberships_contains_paid_content":false,"footnotes":"","jetpack_publicize_message":"","jetpack_publicize_feature_enabled":true,"jetpack_social_post_already_shared":false,"jetpack_social_options":{"image_generator_settings":{"template":"highway","default_image_id":0,"font":"","enabled":false},"version":2}},"categories":[24,8],"tags":[124,392,581,642,703,750,936,1055,1135,1325,1545,1665,1729],"series":[],"class_list":["post-2501","post","type-post","status-publish","format-standard","hentry","category-ciclismo","category-deporte","tag-aqua-augusta","tag-cordoba","tag-el-salado","tag-fangorn","tag-fuente-del-elefante","tag-gr-48","tag-la-jarosa","tag-media-ladera","tag-mtb","tag-puente-de-los-nogales","tag-sierra-morena","tag-trassierra","tag-vereda-de-la-canchuela"],"jetpack_publicize_connections":[],"jetpack_featured_media_url":"","jetpack_sharing_enabled":true,"_links":{"self":[{"href":"https:\/\/bitacora.eniac2000.com\/index.php?rest_route=\/wp\/v2\/posts\/2501","targetHints":{"allow":["GET"]}}],"collection":[{"href":"https:\/\/bitacora.eniac2000.com\/index.php?rest_route=\/wp\/v2\/posts"}],"about":[{"href":"https:\/\/bitacora.eniac2000.com\/index.php?rest_route=\/wp\/v2\/types\/post"}],"author":[{"embeddable":true,"href":"https:\/\/bitacora.eniac2000.com\/index.php?rest_route=\/wp\/v2\/users\/1"}],"replies":[{"embeddable":true,"href":"https:\/\/bitacora.eniac2000.com\/index.php?rest_route=%2Fwp%2Fv2%2Fcomments&post=2501"}],"version-history":[{"count":0,"href":"https:\/\/bitacora.eniac2000.com\/index.php?rest_route=\/wp\/v2\/posts\/2501\/revisions"}],"wp:attachment":[{"href":"https:\/\/bitacora.eniac2000.com\/index.php?rest_route=%2Fwp%2Fv2%2Fmedia&parent=2501"}],"wp:term":[{"taxonomy":"category","embeddable":true,"href":"https:\/\/bitacora.eniac2000.com\/index.php?rest_route=%2Fwp%2Fv2%2Fcategories&post=2501"},{"taxonomy":"post_tag","embeddable":true,"href":"https:\/\/bitacora.eniac2000.com\/index.php?rest_route=%2Fwp%2Fv2%2Ftags&post=2501"},{"taxonomy":"series","embeddable":true,"href":"https:\/\/bitacora.eniac2000.com\/index.php?rest_route=%2Fwp%2Fv2%2Fseries&post=2501"}],"curies":[{"name":"wp","href":"https:\/\/api.w.org\/{rel}","templated":true}]}}