{"id":2612,"date":"2011-03-20T22:56:23","date_gmt":"2011-03-20T21:56:23","guid":{"rendered":"http:\/\/bitacora.eniac2000.com\/?p=2612"},"modified":"2011-03-20T22:56:23","modified_gmt":"2011-03-20T21:56:23","slug":"boda-de-rafa-y-maria","status":"publish","type":"post","link":"https:\/\/bitacora.eniac2000.com\/?p=2612","title":{"rendered":"Boda de Rafa y Mar\u00eda"},"content":{"rendered":"<p>Ayer s\u00e1bado se casaron mi buen amigo Rafa y la que ya es su mujer, Mar\u00eda.<\/p>\n<figure id=\"attachment_2613\" aria-describedby=\"caption-attachment-2613\" style=\"width: 300px\" class=\"wp-caption aligncenter\"><a href=\"http:\/\/bitacora.eniac2000.com\/wp-content\/uploads\/2011\/03\/rafa-maria.jpg\"><img loading=\"lazy\" decoding=\"async\" src=\"http:\/\/bitacora.eniac2000.com\/wp-content\/uploads\/2011\/03\/rafa-maria-300x400.jpg\" alt=\"Rafa y Mar\u00eda en el baile de honor\" title=\"Rafa y Mar\u00eda en el baile de honor\" width=\"300\" height=\"400\" class=\"size-medium wp-image-2613\" \/><\/a><figcaption id=\"caption-attachment-2613\" class=\"wp-caption-text\">Rafa y Mar\u00eda en el baile de honor<\/figcaption><\/figure>\n<p>La boda se celebr\u00f3 en Santa Marina, y el convite en el C\u00edrculo, donde la pandilla de amigos lo dimos todo, con un espectacular canto coral de uno de los temas favoritos de Rafa. Con todos vds. el tema que interpretamos:<\/p>\n<p><iframe loading=\"lazy\" title=\"YouTube video player\" width=\"480\" height=\"390\" src=\"https:\/\/www.youtube.com\/embed\/bAsA00-5KoI\" frameborder=\"0\" allowfullscreen><\/iframe><\/p>\n<p>Felicidades, Mar\u00eda y Rafa. Os deseo toda una vida llena de felicidad.<\/p>\n","protected":false},"excerpt":{"rendered":"<p>Ayer s\u00e1bado se casaron mi buen amigo Rafa y la<\/p>\n","protected":false},"author":1,"featured_media":0,"comment_status":"open","ping_status":"open","sticky":false,"template":"","format":"standard","meta":{"advanced_seo_description":"","jetpack_seo_html_title":"","jetpack_seo_noindex":false,"_jetpack_memberships_contains_paid_content":false,"footnotes":"","jetpack_publicize_message":"","jetpack_publicize_feature_enabled":true,"jetpack_social_post_already_shared":false,"jetpack_social_options":{"image_generator_settings":{"template":"highway","default_image_id":0,"font":"","enabled":false},"version":2}},"categories":[20],"tags":[236,1033,1371],"series":[],"class_list":["post-2612","post","type-post","status-publish","format-standard","hentry","category-vida-corriente","tag-boda","tag-maria","tag-rafa"],"jetpack_publicize_connections":[],"jetpack_featured_media_url":"","jetpack_sharing_enabled":true,"_links":{"self":[{"href":"https:\/\/bitacora.eniac2000.com\/index.php?rest_route=\/wp\/v2\/posts\/2612","targetHints":{"allow":["GET"]}}],"collection":[{"href":"https:\/\/bitacora.eniac2000.com\/index.php?rest_route=\/wp\/v2\/posts"}],"about":[{"href":"https:\/\/bitacora.eniac2000.com\/index.php?rest_route=\/wp\/v2\/types\/post"}],"author":[{"embeddable":true,"href":"https:\/\/bitacora.eniac2000.com\/index.php?rest_route=\/wp\/v2\/users\/1"}],"replies":[{"embeddable":true,"href":"https:\/\/bitacora.eniac2000.com\/index.php?rest_route=%2Fwp%2Fv2%2Fcomments&post=2612"}],"version-history":[{"count":0,"href":"https:\/\/bitacora.eniac2000.com\/index.php?rest_route=\/wp\/v2\/posts\/2612\/revisions"}],"wp:attachment":[{"href":"https:\/\/bitacora.eniac2000.com\/index.php?rest_route=%2Fwp%2Fv2%2Fmedia&parent=2612"}],"wp:term":[{"taxonomy":"category","embeddable":true,"href":"https:\/\/bitacora.eniac2000.com\/index.php?rest_route=%2Fwp%2Fv2%2Fcategories&post=2612"},{"taxonomy":"post_tag","embeddable":true,"href":"https:\/\/bitacora.eniac2000.com\/index.php?rest_route=%2Fwp%2Fv2%2Ftags&post=2612"},{"taxonomy":"series","embeddable":true,"href":"https:\/\/bitacora.eniac2000.com\/index.php?rest_route=%2Fwp%2Fv2%2Fseries&post=2612"}],"curies":[{"name":"wp","href":"https:\/\/api.w.org\/{rel}","templated":true}]}}