{"id":2629,"date":"2011-04-10T17:07:46","date_gmt":"2011-04-10T16:07:46","guid":{"rendered":"http:\/\/bitacora.eniac2000.com\/?p=2629"},"modified":"2025-10-05T17:12:53","modified_gmt":"2025-10-05T15:12:53","slug":"etapa-ciclista-monte-cobre-castanar-de-valdejetas-puerto-artafi-fuente-del-elefante-cuesta-del-reventon-27032011","status":"publish","type":"post","link":"https:\/\/bitacora.eniac2000.com\/?p=2629","title":{"rendered":"Etapa ciclista: Monte Cobre &#8211; Casta\u00f1ar de Valdejetas &#8211; Puerto Artafi &#8211; Fuente del Elefante &#8211; Cuesta del Revent\u00f3n (27\/03\/2011)"},"content":{"rendered":"<p>El pasado 27 de marzo Javi Aljama, Enrique, Man\u00e9 y yo hicimos una gran etapa por la Sierra de C\u00f3rdoba. Una etapa que, por segunda vez consecutiva, iba a disputar sin haber dormido pr\u00e1cticamente nada la noche anterior. Y es que hab\u00eda tenido una intervenci\u00f3n nocturna en el trabajo por videoconferencia que se alarg\u00f3 hasta las cinco de la ma\u00f1ana, que apenas me permiti\u00f3 dormir una hora y tres cuartos antes del comienzo del Gran Premio de Australia de F\u00f3rmula 1, que se alarg\u00f3 hasta las nueve y media de la ma\u00f1ana. Apenas hab\u00eda cruzado Vettel la l\u00ednea de meta, cuando sal\u00eda yo por la puerta con las gafas enfundadas y el casco puesto. Y es que se me paraba a pensarlo, ca\u00eda redondo de sue\u00f1o.<\/p>\n<p>Empezamos la etapa un poco antes de las 9:45h, y nos dirigimos al canal del Guadalmellato, para enlazar con la vereda de Trassierra. \u00cdbamos a subir por Monte Cobre hasta el cruce de Trassierra. Empezamos la subida suaves; hab\u00eda calculado hora y media de subida hasta el cruce, pero tengo que admitir que era la segunda vez que sub\u00eda Monte Cobre desde la vereda: salvo en una de las Maratones MTB Sierra Morena, siempre hab\u00eda subido hasta el camino de la Casa de la Ventana por la carretera de la Albaida.<\/p>\n<p>Al llegar a la altura del Cortijo de la Gitana Javi y yo, que \u00edbamos en cabeza de palique, nos desviamos por una dura subida, que pronto tuvimos que desandar, ya que nos hab\u00edamos saltado el desv\u00edo que da comienzo al primer tramo de Monte Cobre. Empezamos la subida por un camino, seguido de un dur\u00edsimo sendero que nos acab\u00f3 llevando, a las 10:40h, junto al guardarra\u00edl que corta el paso de la subida, y que hay que salvar para continuar ascendiendo hasta la Casa de la Ventana, primero, a la Torre de las Siete Esquinas, despu\u00e9s, y por \u00faltimo, al Mirador de las Ni\u00f1as.<\/p>\n<p>Poco despu\u00e9s empezamos la subida hacia la Casa de la Ventana, acompa\u00f1ados por un grupo de ciclistas que hab\u00edan subido por la carretera de la Albaida. Salvamos la cerca que corta el paso cerca de la Casa, y continuamos ascendiendo. Pronto Enrique, lastrado por sus cubiertas de descenso, se fue quedando atr\u00e1s, mientras Man\u00e9 y Javi se iban un poco en cabeza. Superamos el olivar que antecede a la Torre, y nos reagrupamos en \u00e9sta. Pudimos descansar un poco, mientras contempl\u00e1bamos una magn\u00edfica vista del Valle del Guadalquivir.<\/p>\n<figure class=\"wp-block-piwigo-gallery-single-image piwigo-single-image\"><a href=\"https:\/\/www.eniac2000.com\/piwigo\/picture.php?\/8889\" target=\"_blank\" rel=\"noopener noreferrer\"><img decoding=\"async\" src=\"https:\/\/www.eniac2000.com\/piwigo\/_data\/i\/galleries\/albums\/ciclismo\/2011-03-27-pto-artafi\/IMG_3663-me.JPG\" alt=\"IMG 3663\" \/><\/a><figcaption><strong>IMG 3663<\/strong><\/figcaption><\/figure>\n<p>Antes de continuar, tuvimos un breve momento de duda sobre si seguir ascendiendo por el camino conocido, o seguirlo haciendo por un sendero que surg\u00eda hacia el oeste de la torre. Tentados estuvimos de tomarlo, pero el recuerdo de los acontecimientos de la semana anterior nos hicieron desistir, aunque dudamos bastante. Seguimos el ascenso hacia el Mirador de las Ni\u00f1as, donde de nuevo volvimos a separarnos. Tuve algunos problemas de cambio con la Ghost, y perd\u00ed comba con Man\u00e9 y Javi, que consiguieron subir del tir\u00f3n hasta el Mirador.<\/p>\n<p>Desde all\u00ed continuamos hasta la primera parada del d\u00eda, la gasolinera del Cruce de Trassierra. Eran las 11:30h de la ma\u00f1ana. Hab\u00edamos tardado algo menos de dos horas en subir. All\u00ed Enrique decidi\u00f3 no continuar con la etapa: ten\u00eda que estar pronto de vuelta en casa, y la etapa, de la que apenas hab\u00edamos hecho un tercio, promet\u00eda ser larga. As\u00ed que, reducido el grupo a tres integrantes, tomamos la decisi\u00f3n de ir hasta el punto m\u00e1s lejano propuesto: el casta\u00f1as de Valdejetas. Eso supon\u00eda que \u00edbamos a subir tres puertos de monta\u00f1a, y que ya hab\u00edamos superado el primero de ellos.<\/p>\n<p>Al filo del mediod\u00eda reemprendimos la marcha. Tomamos la carretera de Trassierra, para abandonarla poco despu\u00e9s, siguiendo las indicaciones de Puerto Artafi. Tomanos la vereda del Llano de Mesoneros, que nos hizo pasar junto a la fuente de la Marquesa, para llevarnos en un divertido descenso hasta el embalse de la Jarosa. Era ya terreno conocido para nosotros. Seguimos avanzando, siguiendo las indicaciones de Puerto Artafi, hasta que llegamos al cruce del GR-48 que, semanas atr\u00e1s, Man\u00e9 y yo hab\u00edamos seguido para ir a Santa Mar\u00eda de Trassierra. En este caso, continuamos de frente.<\/p>\n<figure class=\"wp-block-piwigo-gallery-single-image piwigo-single-image\"><a href=\"https:\/\/www.eniac2000.com\/piwigo\/picture.php?\/8892\" target=\"_blank\" rel=\"noopener noreferrer\"><img decoding=\"async\" src=\"https:\/\/www.eniac2000.com\/piwigo\/_data\/i\/galleries\/albums\/ciclismo\/2011-03-27-pto-artafi\/IMG_3666-me.JPG\" alt=\"IMG 3666\" \/><\/a><figcaption><strong>IMG 3666<\/strong><\/figcaption><\/figure>\n<p>Otro grupo de ciclistas, con bicis r\u00edgidas, nos preguntaron a d\u00f3nde iba el camino. Les respondimos que se trataba del GR-48, y que nosotros \u00edbamos siguiendo las indicaciones del Sendero Azul hasta el casta\u00f1ar. Era f\u00e1cil: s\u00f3lo ten\u00edan que ir siguiendo las marcas rojas y blancas, hasta encontrar a mano derecha el desv\u00edo para el casta\u00f1ar. Decidieron recorrerlo, por lo que nos dieron las gracias y siguieron avanzando.<\/p>\n<p>El GR-48 segu\u00eda en direcci\u00f3n noroeste, pasando por un magn\u00edfico tramo de dehesa, mezclada con bosque mediterr\u00e1neo. Desde el embalse hab\u00edamos ido en un suave ascenso, marcado por ocasionales subidas y bajadas, que hac\u00edan el rodar bastante divertido. Dos kil\u00f3metros y medio despu\u00e9s, llegamos a una intersecci\u00f3n del GR-48 con otro camino. Consultamos el GPS, y vimos que ten\u00edamos que abandonar el GR-48, y seguir a mano derecha para emprender la subida al casta\u00f1ar de Valdejetas. Sin embargo, no hab\u00eda rastro de indicaci\u00f3n del Sendero Azul. Espero que el tr\u00edo de las r\u00edgidas no hubieran seguido avanzando, esperando encontrarse el cartel azul, porque si no podr\u00edan haber acabado en Portugal.<\/p>\n<p>Faltaban diez minutos para la una de la tarde cuando empezamos el ascenso a Puerto Artafi por el casta\u00f1ar de Valdejetas. El entorno era un preciosidad, pese a que el casta\u00f1ar no se encontraba en su mejor \u00e9poca del a\u00f1o. Pasamos junto al Cortijo de Valdejetas que, como bien dijo Man\u00e9, m\u00e1s parec\u00eda un cortijo de campi\u00f1a que uno de sierra, y salimos de la finca no mucho tiempo despu\u00e9s. Hicimos la segunda parada de la jornada junto a la cancela de entrada a Valdejetas. Era la una y diez de la tarde. Hab\u00edamos cruzado el casta\u00f1ar en 20 minutos, a un ritmo bastante tranquilo, y disfrutando del paisaje.<\/p>\n<figure class=\"wp-block-piwigo-gallery-single-image piwigo-single-image\"><a href=\"https:\/\/www.eniac2000.com\/piwigo\/picture.php?\/8894\" target=\"_blank\" rel=\"noopener noreferrer\"><img decoding=\"async\" src=\"https:\/\/www.eniac2000.com\/piwigo\/_data\/i\/galleries\/albums\/ciclismo\/2011-03-27-pto-artafi\/IMG_3668-me.JPG\" alt=\"IMG 3668\" \/><\/a><figcaption><strong>IMG 3668<\/strong><\/figcaption><\/figure>\n<p>Nubes de tormenta avanzaban sobre nosotros, por lo que tuvimos que decidir c\u00f3mo finalizar la etapa. Determinamos llegar hasta la carretera de Trassierra, y volver a Trassierra por ella para, posteriormente, bajar a C\u00f3rdoba por la Cuesta del Revent\u00f3n. Dicho y hecho. Empezamos un breve descenso, seguido de una dura subida hasta Puerto Artafi, donde tuve que entregar la cuchara. Repuesto del esfuerzo, bajamos hasta la carretera, y volvimos r\u00e1pidamente a Trassierra y tomamos, sin detenernos, el camino hacia la Fuente del Elefante. A partir de este punto, Man\u00e9 empez\u00f3 a experimentar molestias en una de sus rodillas. Estaba claro que \u00edbamos a tener que terminar la etapa por la v\u00eda r\u00e1pida.<\/p>\n<p>Pasamos por la Fuente del Elefante pasadas las dos menos cuarto de la tarde. Seguimos hasta el Cortijo del Ca\u00f1o del Escarabita, y tomamos el camino que lleva hasta la Torre del Beato. Recordaba haber pasado por all\u00ed en la II Marat\u00f3n MTB Sierra Morena, pero me encontraba bastante despistado, especialmente cuando salimos a la carretera. En un momento cre\u00ed reconocer el entorno como -precisamente- el de la Torre del Beato, pero ni a Javi ni a Man\u00e9 parec\u00eda sonarles. Como luego pude comprobar en Google Earth, lo hab\u00eda reconocido bien.<\/p>\n<p>Desde la Torre tomamos la carretera en direcci\u00f3n a Las Ermitas. \u00cdbamos a afrontar el tercer y \u00faltimo puerto de la jornada. Y el primero por carretera. Aunque a esas alturas del d\u00eda no era demasiada ventaja. Aun as\u00ed, disfrutamos del veloz descenso por carretera hasta el comienzo de la cuesta del Revent\u00f3n. Terminamos la etapa con un trepidante descenso por la Cuesta del Revent\u00f3n, en el que, para variar, abus\u00e9 de los frenos de disco. <img src=\"https:\/\/bitacora.eniac2000.com\/wp-includes\/images\/smilies\/mrgreen.png\" alt=\":mrgreen:\" class=\"wp-smiley\" style=\"height: 1em; max-height: 1em;\" \/><\/p>\n<p>Dimos por finalizada la etapa al pie de la cuesta del Revent\u00f3n, cerca de la casa de Javi. Eran las dos y media de la tarde, y en ese momento el GPS, que estaba a punto de quedarse sin bater\u00eda tras casi cinco horas de etapa, indicaba que hab\u00edamos recorrido 40&#8217;3 kms. Man\u00e9 y yo, tras despedirnos de Javi, descendimos hasta el Brillante, y nos encaminamos a casa, a donde llegamos al filo de las tres de la tarde. Hab\u00edamos recorrido, en total, 45&#8217;56 kms. de etapa larga, divertida, y con un paisaje sumamente hermoso. Y por una vez, no volv\u00edamos cubierto de barro o ara\u00f1azos.<\/p>\n<p>El recorrido de la etapa en Google Maps es el siguiente:<\/p>\n<p><iframe loading=\"lazy\" width=\"425\" height=\"350\" frameborder=\"0\" scrolling=\"no\" marginheight=\"0\" marginwidth=\"0\" src=\"https:\/\/maps.google.es\/maps\/ms?ie=UTF8&amp;hl=es&amp;t=h&amp;msa=0&amp;msid=202361253797459258527.00049f76edf873e8cd1b8&amp;ll=37.916576,-4.866943&amp;spn=0.189595,0.291824&amp;z=11&amp;output=embed\"><\/iframe><br \/><small>Ver <a href=\"https:\/\/maps.google.es\/maps\/ms?ie=UTF8&amp;hl=es&amp;t=h&amp;msa=0&amp;msid=202361253797459258527.00049f76edf873e8cd1b8&amp;ll=37.916576,-4.866943&amp;spn=0.189595,0.291824&amp;z=11&amp;source=embed\" style=\"color:#0000FF;text-align:left\">2011\/03\/27 &#8211; Monte Cobre &#8211; Puerto Artafi &#8211; Cuesta del Revent\u00f3n<\/a> en un mapa m\u00e1s grande<\/small><\/p>\n<p>En cuanto a los datos de la etapa, por error no puse en marcha el puls\u00f3metro a la salida (me d\u00ed cuenta a la altura del Cortijo de la Gitana), y se interrumpi\u00f3 en la Fuente del Elefante, por lo que los datos card\u00edacos son s\u00f3lo parciales, correspondientes a ese segmento de la etapa. Los correspondientes al kilometraje s\u00ed son correctos:<\/p>\n<ul>\n<li><strong>Distancia (seg\u00fan el veloc\u00edmetro):<\/strong> 45&#8217;56 km.<\/li>\n<li><strong>Distancia (seg\u00fan el GPS):<\/strong> 40&#8217;3 km. (hasta la Cuesta del Revent\u00f3n)<\/li>\n<li><strong>Tiempo desde el inicio de la etapa:<\/strong> 4h 46m 40s (hasta la Cuesta del Revent\u00f3n)<\/li>\n<li><strong>Pulsaciones medias:<\/strong> 139 pulsaciones\/m<\/li>\n<li><strong>Pulsaciones m\u00e1ximas:<\/strong> 183<\/li>\n<li><strong>Consumo medio de calor\u00edas:<\/strong> 990 kcal\/h<\/li>\n<li><strong>Consumo m\u00e1ximo de calor\u00edas:<\/strong> 1420 kcal\/h<\/li>\n<li><strong>Tiempo en zonas de pulsaciones:<\/strong> 2h 7m 32s<\/li>\n<li><strong>Consumo total de calor\u00edas:<\/strong> 3363 kcal<\/li>\n<\/ul>\n","protected":false},"excerpt":{"rendered":"<p>El pasado 27 de marzo Javi Aljama, Enrique, Man\u00e9 y<\/p>\n","protected":false},"author":1,"featured_media":0,"comment_status":"open","ping_status":"open","sticky":false,"template":"","format":"standard","meta":{"advanced_seo_description":"","jetpack_seo_html_title":"","jetpack_seo_noindex":false,"_jetpack_memberships_contains_paid_content":false,"footnotes":"","jetpack_publicize_message":"","jetpack_publicize_feature_enabled":true,"jetpack_social_post_already_shared":false,"jetpack_social_options":{"image_generator_settings":{"template":"highway","default_image_id":0,"font":"","enabled":false},"version":2}},"categories":[24,8],"tags":[345,392,496,703,1135,1344,1650,1651,1665],"series":[],"class_list":["post-2629","post","type-post","status-publish","format-standard","hentry","category-ciclismo","category-deporte","tag-castanar-de-valdejetas","tag-cordoba","tag-cuesta-del-reventon","tag-fuente-del-elefante","tag-mtb","tag-puerto-artafi","tag-torre-de-las-siete-esquinas","tag-torre-del-beato","tag-trassierra"],"jetpack_publicize_connections":[],"jetpack_featured_media_url":"","jetpack_sharing_enabled":true,"_links":{"self":[{"href":"https:\/\/bitacora.eniac2000.com\/index.php?rest_route=\/wp\/v2\/posts\/2629","targetHints":{"allow":["GET"]}}],"collection":[{"href":"https:\/\/bitacora.eniac2000.com\/index.php?rest_route=\/wp\/v2\/posts"}],"about":[{"href":"https:\/\/bitacora.eniac2000.com\/index.php?rest_route=\/wp\/v2\/types\/post"}],"author":[{"embeddable":true,"href":"https:\/\/bitacora.eniac2000.com\/index.php?rest_route=\/wp\/v2\/users\/1"}],"replies":[{"embeddable":true,"href":"https:\/\/bitacora.eniac2000.com\/index.php?rest_route=%2Fwp%2Fv2%2Fcomments&post=2629"}],"version-history":[{"count":0,"href":"https:\/\/bitacora.eniac2000.com\/index.php?rest_route=\/wp\/v2\/posts\/2629\/revisions"}],"wp:attachment":[{"href":"https:\/\/bitacora.eniac2000.com\/index.php?rest_route=%2Fwp%2Fv2%2Fmedia&parent=2629"}],"wp:term":[{"taxonomy":"category","embeddable":true,"href":"https:\/\/bitacora.eniac2000.com\/index.php?rest_route=%2Fwp%2Fv2%2Fcategories&post=2629"},{"taxonomy":"post_tag","embeddable":true,"href":"https:\/\/bitacora.eniac2000.com\/index.php?rest_route=%2Fwp%2Fv2%2Ftags&post=2629"},{"taxonomy":"series","embeddable":true,"href":"https:\/\/bitacora.eniac2000.com\/index.php?rest_route=%2Fwp%2Fv2%2Fseries&post=2629"}],"curies":[{"name":"wp","href":"https:\/\/api.w.org\/{rel}","templated":true}]}}