{"id":2641,"date":"2011-04-12T21:11:16","date_gmt":"2011-04-12T20:11:16","guid":{"rendered":"http:\/\/bitacora.eniac2000.com\/?p=2641"},"modified":"2025-10-05T17:12:53","modified_gmt":"2025-10-05T15:12:53","slug":"etapa-ciclista-guillena-burguillos-castilblanco-de-los-arroyos-09042011","status":"publish","type":"post","link":"https:\/\/bitacora.eniac2000.com\/?p=2641","title":{"rendered":"Etapa ciclista: Guillena &#8211; Burguillos &#8211; Castilblanco de los Arroyos (09\/04\/2011)"},"content":{"rendered":"<p>El pasado s\u00e1bado 9 de abril salimos Rafa, Jes\u00fas, Miguel y yo a rodar por el entorno de Guillena y Castilblanco. Fue una etapa un tanto an\u00f3mala: sal\u00edamos un s\u00e1bado por la tarde, e \u00edbamos a realizar una subida a Castilblanco por un camino diferente: en vez de subir por la trialera del Camino de Santiago, nos \u00edbamos a desviar hasta Burguillos, para ascender desde all\u00ed a Castilblanco. Adem\u00e1s, era la primera etapa de Jes\u00fas en subida. En fin, lo que sobre el papel era simplemente una etapa diferente, puestos sobre la marcha acab\u00f3 convirti\u00e9ndose en un disparate como recuerdo pocos. Pero no adelantemos acontecimientos.<\/p>\n<p>Salimos pasadas las 18:00h del pol\u00edgono El Cerro de Guillena en direcci\u00f3n Burguillos, por la carretera que une ambas localidades. Con Rafa en cabeza, marcamos un ritmo bastante r\u00e1pido, sobre todo por quitarnos los siete kil\u00f3metros de asfalto que ten\u00edamos por delante lo antes posible. No llegaba a la media hora de etapa cuando nos plantamos en Burguillos. Algo que Jes\u00fas no dej\u00f3 de acusar, pese al excelente balance de su anterior etapa por Mairena y alrededores.<\/p>\n<p>Una vez en Burguillos, r\u00e1pidamente encontramos el camino que ascend\u00eda hacia Castilblanco, conocido como Camino de los Hoyos. Poco a poco empezamos a ascender, y a medida que lo hac\u00edamos, \u00edbamos dejando atr\u00e1s el paisaje t\u00edpico de campi\u00f1a, para ir entrando en un ambiente m\u00e1s de dehesa. El punto de cambio m\u00e1s acusado lo tuvimos al llegar a una zona habilitada para hacer perol, en la que se not\u00f3 claramente que entr\u00e1bamos en la sierra. Y por supuesto, pronto lo notamos en el perfil de la etapa. Llev\u00e1bamos recorridos 12 kms. de etapa, y ten\u00edamos por delante una subida de 9 kms. hasta Castilblanco.<\/p>\n<p>Empezamos el verdadero ascenso, donde tuvimos que afrontar rampas del 9%. Miguel y yo abr\u00edamos cabeza sin mayor problema, pero Rafa y Jes\u00fas empezaban a sufrir los rigores de la subida. Aun as\u00ed, se defend\u00edan bien. Para mi sorpresa, vadeamos varios arroyos de aguas cristalinas, alguno de ellos m\u00e1s profundo de lo que esperaba. Tras dos kil\u00f3metros de ascenso, afrontamos una dur\u00edsima rampa con un desnivel del 10,6% a lo largo de un kil\u00f3metro&#8230; que subimos para nada. Poco despu\u00e9s llegamos a una verja, y al consultar el GPS, v\u00ed que nos hab\u00edamos desviado del camino&#8230; justo al inicio de la subida. Toc\u00f3 descender hasta el lugar del error, donde encontramos una cerca de palos, que pasamos sin problema. Y tal y como me tem\u00eda, nos volvi\u00f3 a tocar ascender. Al principio tuvimos una breve bajada, salvamos un regato&#8230; y de nuevo ascenso, esta vez con rampas del 11.3%, y un firme bastante m\u00e1s quebrado. Aunque sobre el papel era una pared m\u00e1s dura, la verdad es que a m\u00ed se me hizo m\u00e1s asequible que la anterior.<\/p>\n<figure class=\"wp-block-piwigo-gallery-single-image piwigo-single-image\"><a href=\"https:\/\/www.eniac2000.com\/piwigo\/picture.php?\/8904\" target=\"_blank\" rel=\"noopener noreferrer\"><img decoding=\"async\" src=\"https:\/\/www.eniac2000.com\/piwigo\/_data\/i\/galleries\/albums\/ciclismo\/2011-04-09-burguillos-castilblanco\/S8000043-me.JPG\" alt=\"S8000043\" \/><\/a><figcaption><strong>S8000043<\/strong><\/figcaption><\/figure>\n<p>Llegamos a un peque\u00f1o collado, donde nos reagrupamos. En el collado, cerca del cual hab\u00eda una casa en ruinas, encontramos indicaciones sobre una ruta cicloturista de Castilblanco de los Arroyos. Est\u00e1bamos en el camino correcto, aunque el despiste anterior nos hab\u00eda costado recorrer un par de kil\u00f3metros de m\u00e1s. Pero al menos, ya hab\u00edamos subido lo peor del d\u00eda. Continuamos por el camino en direcci\u00f3n a Castilblanco, por un tramo de dehesa bastante despejado, magn\u00edfico para rodar por \u00e9l, aunque fuera en un ligero ascenso.<\/p>\n<p>Al poco de rodar por esta zona, salimos a un camino que bordeaba una finca con un muro de piedra. Empezamos una bajada bastante r\u00e1pida, pero algo peligrosa por los frecuentes tramos de grandes piedras que hab\u00edan utilizado para allanar el camino. Y as\u00ed, tras un breve descenso, volvimos a afrontar una nueva pared, con firme bastante irregular, que obligaba a afinar la t\u00e9cnica para no irse al suelo en el ascenso. Era la pen\u00faltima subida antes de llegar a Castilblanco. Una subida de kil\u00f3metro y medio con ramas del 8.5%.<\/p>\n<figure class=\"wp-block-piwigo-gallery-single-image piwigo-single-image\"><a href=\"https:\/\/www.eniac2000.com\/piwigo\/picture.php?\/8911\" target=\"_blank\" rel=\"noopener noreferrer\"><img decoding=\"async\" src=\"https:\/\/www.eniac2000.com\/piwigo\/_data\/i\/galleries\/albums\/ciclismo\/2011-04-09-burguillos-castilblanco\/S8000050-me.JPG\" alt=\"S8000050\" \/><\/a><figcaption><strong>S8000050<\/strong><\/figcaption><\/figure>\n<p>De nuevo agrupados, afrontamos el \u00faltimo valle antes de llegar a Castilblanco. Una bajada intensa, con una subida dura a continuaci\u00f3n. Al inicio de la subida Rafa tuvo el primer percance de la jornada: al salvar un peque\u00f1o vado relleno de grandes piedras, clav\u00f3 la horquilla delantera de la bici, y sali\u00f3 despedido. Pero eso no era sino un presagio de lo que \u00edbamos a sufrir m\u00e1s adelante.<\/p>\n<p>Superada la cuesta, alcanzamos la cota m\u00e1xima de la etapa: 370 m. sobre el nivel del mar. Hab\u00edamos ascendido desde los 70 m. en algo menos de 12 kms. No estaba mal para un rato. Bajamos hasta Castilblanco, e hicimos una peque\u00f1a parada para reponer fuerzas. Lo malo es que hab\u00edamos tardado en llegar al pueblo m\u00e1s de lo que ten\u00eda previsto. No en balde pasaban de 20:30h, y a\u00fan ten\u00edamos que llegar hasta la trialera del Camino de Santiago, y volver a Guillena. Y la puesta de sol estaba prevista a las 20:52h&#8230;<\/p>\n<p>Sin mucha dilaci\u00f3n, salimos de Castilblanco hacia la trialera. Pronto empezaron los problemas. Acusando el esfuerzo, Jes\u00fas empez\u00f3 a sufrir calambres en los cuadr\u00edceps, lo que hac\u00eda que casi no pudiera dar pedales, especialmente en ascenso. Se vio forzado a ir a un ritmo moderado. Y la noche se nos estaba echando encima. Bajamos lo m\u00e1s r\u00e1pido que Jes\u00fas pod\u00eda tolerar hasta el desv\u00edo del Camino de Santiago, pero no empezamos el descenso hasta las 20:52h. Justo a la puesta de sol. Lo que no era muy buena noticia, teniendo en cuenta que ten\u00edamos por delante 11 kms. de terreno complicado: primero un tramo de pista buena, luego un tramo con grandes roderas y piedra suelta, hasta llegar a unas portelas. Luego un tramo de piedra suelta, seguido de un descanso, al que le suced\u00eda otro tramo traicionero, con piedra suelta y roderas, un nuevo descanso, un tramo de pizarras, que desemboca en una dehesa, antes de salir a una r\u00e1pida bajada entre olivares. Bastante divertido, pero no para hacerlo de noche.<\/p>\n<p><iframe loading=\"lazy\" frameborder=\"0\" width=\"512\" height=\"288\" src=\"https:\/\/www.dailymotion.com\/embed\/video\/xi1vt4\" allowfullscreen allow=\"autoplay; fullscreen; picture-in-picture\"><\/iframe><\/p>\n<p>El primer tramo de descenso hasta las portelas no tuvo excesivos problemas, aunque Rafa se fue al suelo, y Miguel y Jes\u00fas se vieron obligados a bajar a un ritmo bastante prudente. La c\u00e1mara, por su parte, empezaba a acusar la falta de luz, lo que hizo que la grabaci\u00f3n adquiriera un asoeci bastante <em>\u00f3nirico<\/em>. A partir de las portelas, la falta de luz se hizo cada vez m\u00e1s acusada, lo que incrementaba la dificultad del descenso. Especialmente porque no hab\u00edamos llevado luces. Pronto nos encontramos gui\u00e1ndonos por el traicionero camino a la escasa luz de la luna creciente, intentando distinguir las partes m\u00e1s pulidas -y que reflejaban mejor la luz- indicio de que ese estrecho surco era el lugar indicado para transitar.<\/p>\n<p>Derrochando optimismo, intentaba animar a mis compa\u00f1eros dici\u00e9ndoles que en peores me las hab\u00eda visto. Y si bien eso era cierto al principio del descenso, a medida que ca\u00edan los minutos, y con ellos la luz del ocaso, se iba convirtiendo cada vez m\u00e1s en s\u00f3lo eso: un alarde de optimismo. Y para colmo, Rafa tambi\u00e9n empez\u00f3 a sufrir calambres en los cuadriceps. Y as\u00ed, lleg\u00f3 el momento en que nos quedamos completamente a oscuras, sin la posibilidad siquiera, dado lo abrupto del camino, de utilizar nuestros m\u00f3viles a modo de linternas, ya que no era factible bajar a oscuras con una sola mano. M\u00f3viles que, por otro lado, tampoco dispon\u00edan de cobertura en tan apartados lares.<\/p>\n<p>A\u00fan no s\u00e9 c\u00f3mo no nos abrimos la cabeza en la bajada. Incluso el tramo que m\u00e1s sudores fr\u00edos me provocaba, el de las pizarras -una ca\u00edda ah\u00ed pod\u00eda hacerte filetes- lo salvamos razonablemente bien, teniendo en cuenta que ah\u00ed ni siquiera se ve\u00eda marca de zona m\u00e1s pulida por el paso de la gente. Y una vez pasado este tramo, llegamos a lo que cre\u00eda que era el final de la pesadilla: la dehesa.<\/p>\n<p><iframe loading=\"lazy\" frameborder=\"0\" width=\"512\" height=\"288\" src=\"https:\/\/www.dailymotion.com\/embed\/video\/xi1zqx\" allowfullscreen allow=\"autoplay; fullscreen; picture-in-picture\"><\/iframe><\/p>\n<p>Vacas. Vacas bravas. Vacas bravas con terneritos. Sin saber c\u00f3mo, nos encontramos en mitad de un reba\u00f1o de vacas. Rafa -que en ese momento abr\u00eda camino- fue el primero que se las encontr\u00f3, al percibir un enorme bulto negro en mitad del camino, al que le brillaban dos cosas blancas en la cabeza. Era ya lo que faltaba. Algunas se apartaban -lo que era bueno- pero otras -las de los terneritos- no. As\u00ed que nos toc\u00f3 apartarnos a nosotros, lo que era bastante complicado, por el hecho de estar <em>en mitad<\/em> del reba\u00f1o: apartarse de una, claro, supon\u00eda acercarse a otras. Y eso sali\u00e9ndose del camino, sin ver tres en un burro. Aunque creo que m\u00e1s que tres, eran cuatro. Y no precisamente en un burro.<\/p>\n<p>Al final conseguimos escapar de las vacas, y salir de la dehesa. Llegamos sin muchos m\u00e1s percances a un campo de naranjos, antelasa de la bajada por olivares hasta el pol\u00edgono donde ten\u00edamos los coches. Lo peor ya hab\u00eda pasado, pero lo que ten\u00edamos por delante no era tampoco cosa sencilla: 4&#8217;5 kms. de pista entre olivos, r\u00e1pida y con abundantes roderas. Muy peligrosa para hacerla de noche. No nos qued\u00f3 m\u00e1s remedio que afrontarlo de la misma manera: bajar con cuidado, con alguien en cabeza cantando las irregularidades del terreno a medida que \u00edbamos avanzando. Miguel, que se hab\u00eda quedado descolgado, sufri\u00f3 algunas ca\u00eddas sin grandes consecuencias m\u00e1s all\u00e1 de la p\u00e9rdida del bid\u00f3n de agua. Jes\u00fas, por su parte, lleg\u00f3 completamente acambrado, de tal modo que tuve que ayudarle a hacer estiramientos cuando por fin alcanzamos el pol\u00edgono. Lo hicimos a las 22:15h. Hab\u00edamos tardado en descender una hora y media desde Castilblanco, algo que en condiciones normales no nos habr\u00eda llevado m\u00e1s de 40 minutos. Hab\u00eda sido una etapa disparatada como ninguna. Lo malo del asunto es que ya llevo unas cuantas semanas acumulando disparates sobre la bici. Y lo peor es que cada vez me gusta m\u00e1s hacer estas cosas. <img src=\"https:\/\/bitacora.eniac2000.com\/wp-includes\/images\/smilies\/mrgreen.png\" alt=\":mrgreen:\" class=\"wp-smiley\" style=\"height: 1em; max-height: 1em;\" \/><\/p>\n<p>El mapa de la etapa es el siguiente:<\/p>\n<p><iframe loading=\"lazy\" width=\"425\" height=\"350\" frameborder=\"0\" scrolling=\"no\" marginheight=\"0\" marginwidth=\"0\" src=\"https:\/\/maps.google.es\/maps\/ms?ie=UTF8&amp;hl=es&amp;t=h&amp;msa=0&amp;msid=202361253797459258527.0004a0be1332df6e66214&amp;ll=37.614231,-5.998535&amp;spn=0.190371,0.291824&amp;z=11&amp;output=embed\"><\/iframe><br \/><small>Ver <a href=\"https:\/\/maps.google.es\/maps\/ms?ie=UTF8&amp;hl=es&amp;t=h&amp;msa=0&amp;msid=202361253797459258527.0004a0be1332df6e66214&amp;ll=37.614231,-5.998535&amp;spn=0.190371,0.291824&amp;z=11&amp;source=embed\" style=\"color:#0000FF;text-align:left\">2011\/04\/09. Guillena &#8211; Burguillos &#8211; Castilblanco &#8211; Trialera del Camino de Santiago<\/a> en un mapa m\u00e1s grande<\/small><\/p>\n<p>Los datos de la etapa son los siguientes:<\/p>\n<ul>\n<li><strong>Distancia (seg\u00fan el veloc\u00edmetro):<\/strong> 36&#8217;424 km.<\/li>\n<li><strong>Distancia (seg\u00fan el GPS):<\/strong> 36&#8217;9 km<\/li>\n<li><strong>Tiempo de etapa:<\/strong> 2h 35m 11s<\/li>\n<li><strong>Tiempo desde el inicio de la etapa:<\/strong> 4h 2m 49s<\/li>\n<li><strong>Pulsaciones medias:<\/strong> 133 pulsaciones\/m<\/li>\n<li><strong>Pulsaciones m\u00e1ximas:<\/strong> 186<\/li>\n<li><strong>Consumo medio de calor\u00edas:<\/strong> 930 kcal\/h<\/li>\n<li><strong>Consumo m\u00e1ximo de calor\u00edas:<\/strong> 1440 kcal\/h<\/li>\n<li><strong>Tiempo en zonas de pulsaciones:<\/strong> 2h 31m 32s<\/li>\n<li><strong>Consumo total de calor\u00edas:<\/strong> 4153 kcal<\/li>\n<\/ul>\n","protected":false},"excerpt":{"rendered":"<p>El pasado s\u00e1bado 9 de abril salimos Rafa, Jes\u00fas, Miguel<\/p>\n","protected":false},"author":1,"featured_media":0,"comment_status":"open","ping_status":"open","sticky":false,"template":"","format":"standard","meta":{"advanced_seo_description":"","jetpack_seo_html_title":"","jetpack_seo_noindex":false,"_jetpack_memberships_contains_paid_content":false,"footnotes":"","jetpack_publicize_message":"","jetpack_publicize_feature_enabled":true,"jetpack_social_post_already_shared":false,"jetpack_social_options":{"image_generator_settings":{"template":"highway","default_image_id":0,"font":"","enabled":false},"version":2}},"categories":[24,8],"tags":[259,294,349,536,771,1135],"series":[],"class_list":["post-2641","post","type-post","status-publish","format-standard","hentry","category-ciclismo","category-deporte","tag-burguillos","tag-camino-de-santiago","tag-castilblanco-de-los-arroyos","tag-disparate","tag-guillena","tag-mtb"],"jetpack_publicize_connections":[],"jetpack_featured_media_url":"","jetpack_sharing_enabled":true,"_links":{"self":[{"href":"https:\/\/bitacora.eniac2000.com\/index.php?rest_route=\/wp\/v2\/posts\/2641","targetHints":{"allow":["GET"]}}],"collection":[{"href":"https:\/\/bitacora.eniac2000.com\/index.php?rest_route=\/wp\/v2\/posts"}],"about":[{"href":"https:\/\/bitacora.eniac2000.com\/index.php?rest_route=\/wp\/v2\/types\/post"}],"author":[{"embeddable":true,"href":"https:\/\/bitacora.eniac2000.com\/index.php?rest_route=\/wp\/v2\/users\/1"}],"replies":[{"embeddable":true,"href":"https:\/\/bitacora.eniac2000.com\/index.php?rest_route=%2Fwp%2Fv2%2Fcomments&post=2641"}],"version-history":[{"count":0,"href":"https:\/\/bitacora.eniac2000.com\/index.php?rest_route=\/wp\/v2\/posts\/2641\/revisions"}],"wp:attachment":[{"href":"https:\/\/bitacora.eniac2000.com\/index.php?rest_route=%2Fwp%2Fv2%2Fmedia&parent=2641"}],"wp:term":[{"taxonomy":"category","embeddable":true,"href":"https:\/\/bitacora.eniac2000.com\/index.php?rest_route=%2Fwp%2Fv2%2Fcategories&post=2641"},{"taxonomy":"post_tag","embeddable":true,"href":"https:\/\/bitacora.eniac2000.com\/index.php?rest_route=%2Fwp%2Fv2%2Ftags&post=2641"},{"taxonomy":"series","embeddable":true,"href":"https:\/\/bitacora.eniac2000.com\/index.php?rest_route=%2Fwp%2Fv2%2Fseries&post=2641"}],"curies":[{"name":"wp","href":"https:\/\/api.w.org\/{rel}","templated":true}]}}