{"id":2663,"date":"2011-05-02T16:36:47","date_gmt":"2011-05-02T15:36:47","guid":{"rendered":"http:\/\/bitacora.eniac2000.com\/?p=2663"},"modified":"2025-10-11T05:20:26","modified_gmt":"2025-10-11T03:20:26","slug":"vias-verdes-del-aceite-y-subbetica-2011-etapa-2-parque-natural-de-las-sierras-subbeticas","status":"publish","type":"post","link":"https:\/\/bitacora.eniac2000.com\/?p=2663","title":{"rendered":"V\u00edas verdes del Aceite y Subb\u00e9tica 2011: Etapa 2. Parque Natural de las Sierras Subb\u00e9ticas"},"content":{"rendered":"<div class=\"seriesmeta\">Esta entrada es la parte 2 de 3 de la serie <a href=\"https:\/\/bitacora.eniac2000.com\/?series=vias-verdes-del-aceite-y-subbetica-2011\" class=\"series-1840\" title=\"V\u00edas Verdes del Aceite y Subb\u00e9tica 2011\">V\u00edas Verdes del Aceite y Subb\u00e9tica 2011<\/a><\/div><p>La segunda etapa de nuesto viaje estuvo marcada por una tormentosa noche previa. Tormentosa en el sentido literal de la palabra, y en el metaf\u00f3rico: Por un lado, una enorme tormenta con aparato el\u00e9ctrico azot\u00f3 la zona durante la madrugada. Y por otro, estuve toda la noche <em>danzando<\/em> con el GPS, su estado de carga y el bloqueo que le hab\u00eda provocado la noche anterior. As\u00ed, cuando el despertador son\u00f3 a las 7:30h, y pudimos ver, por un lado, que la ma\u00f1ana estaba razonablemente despejada, por un lado, y que el GPS definitivamente no funcionaba, por otro, tuve al menos la tranquilidad de que \u00edbamos a poder disfrutar la etapa. En cuanto al GPS, hab\u00eda tomado la precauci\u00f3n de llevar el recorrido impreso en cartas del Ministerio de Fomento a escala 1:25.000, por lo que tendr\u00edamos c\u00f3mo guiarnos por las monta\u00f1as.<\/p>\n<p>Empezamos la etapa a las 9:27h, despu\u00e9s de desayunar en el apartamento con lo que hab\u00edamos comprado la noche anterior, y tras prepararnos unos bocadillos. Adem\u00e1s, en mi caso, tuve que cambiar la c\u00e1mara de la rueda delantera, pues hab\u00eda vuelto a pinchar una de las infames c\u00e1maras de l\u00e1tex Michelin que hab\u00eda comprado semanas antes. Inici\u00e1bamos, pues, la etapa con media hora de retraso con respecto al horario previsto. Salimos de Zuheros descendiendo hasta la carretera que comunica con Luque y Do\u00f1a Menc\u00eda, y giramos en direcci\u00f3n a la primera poblaci\u00f3n. Bordeamos el macizo monta\u00f1oso que separa ambas poblaciones con un sospechoso descenso por carretera, que no hac\u00eda presagiar nada bueno. En efecto, unos kil\u00f3metros despu\u00e9s tuvimos que afrontar un duro ascenso por carretera hasta Luque, de apenas kil\u00f3metro y medio, pero con rampas de hasta el 12%. No hab\u00edamos hecho sino salir de Zuheros y ya estaba con la lengua fuera&#8230;<\/p>\n<p>Llegamos a Luque, y nada m\u00e1s entrar, al llegar al campo de f\u00fatbol, abandonamos el pueblo por el Sendero de las Buitreras, que es como tambi\u00e9n se llama a la carretera de tierra que une Luque con Carcabuey. Est\u00e1bamos entrando en terrenos del Parque Natural. Y ten\u00edamos por delante el primer puerto de monta\u00f1a del d\u00eda: una subida de 7&#8217;5 kms, con una pendiente media del 4&#8217;8%, y m\u00e1ximas del 10&#8217;7%, en la que \u00edbamos a llegar hasta los 1017 metros de altitud. Tocaba tom\u00e1rselo con calma. O al menos, esa era la teoria.<\/p>\n<figure class=\"wp-block-piwigo-gallery-single-image piwigo-single-image\"><a href=\"https:\/\/www.eniac2000.com\/piwigo\/picture.php?\/9004\" target=\"_blank\" rel=\"noopener noreferrer\"><img decoding=\"async\" src=\"https:\/\/www.eniac2000.com\/piwigo\/_data\/i\/galleries\/albums\/ciclismo\/2011-04-18_20-via-verde-aceite-subbetica\/dia2\/S8000137-me.JPG\" alt=\"S8000137\" \/><\/a><figcaption><strong>S8000137<\/strong><\/figcaption><\/figure>\n<p>Poco a poco fuimos ascendiendo, dejando atr\u00e1s -y abajo- Luque, camino de Carcabuey. El paisaje por el que circul\u00e1bamos era espectacular. A nuestra derecha el impresionante macizo monta\u00f1oso de la Subb\u00e9tica, y a nuestra izquierda, el valle del r\u00edo Guadajoz. Y sobre nosotros&#8230; buitres. Era de esperar, dado el nombre del sitio, pero el hecho en s\u00ed dio para alguna que otra broma. <\/p>\n<figure class=\"wp-block-piwigo-gallery-single-image piwigo-single-image\"><a href=\"https:\/\/www.eniac2000.com\/piwigo\/picture.php?\/9070\" target=\"_blank\" rel=\"noopener noreferrer\"><img decoding=\"async\" src=\"https:\/\/www.eniac2000.com\/piwigo\/_data\/i\/galleries\/albums\/ciclismo\/2011-04-18_20-via-verde-aceite-subbetica\/dia2\/pano07-peq-me.jpg\" alt=\"pano07-peq\" \/><\/a><figcaption><strong>pano07-peq<\/strong><\/figcaption><\/figure>\n<p>A medida que ascend\u00edamos fuimos encontrando a nuestra derecha algunos pistas y senderos que conduc\u00edan al coraz\u00f3n de las monta\u00f1as. Nombres como la Fuente de la Zarza, la vereda Marchaniega aparec\u00edan ante nosotros, y nos tentaban a abandonar la ruta prevista. Pero por una vez, la cordura gan\u00f3 la partida, y nos mantuvimos en nuestro recorrido previsto. Aunque es preciso decir que la punga fue dura. <img src=\"https:\/\/bitacora.eniac2000.com\/wp-includes\/images\/smilies\/mrgreen.png\" alt=\":mrgreen:\" class=\"wp-smiley\" style=\"height: 1em; max-height: 1em;\" \/><\/p>\n<figure class=\"wp-block-piwigo-gallery-single-image piwigo-single-image\"><a href=\"https:\/\/www.eniac2000.com\/piwigo\/picture.php?\/9008\" target=\"_blank\" rel=\"noopener noreferrer\"><img decoding=\"async\" src=\"https:\/\/www.eniac2000.com\/piwigo\/_data\/i\/galleries\/albums\/ciclismo\/2011-04-18_20-via-verde-aceite-subbetica\/dia2\/S8000141-me.JPG\" alt=\"S8000141\" \/><\/a><figcaption><strong>S8000141<\/strong><\/figcaption><\/figure>\n<p>Seguimos nuestro ascenso. A medida que sub\u00edamos y las monta\u00f1as dejaban de actuar como parapeto, un viento cada vez m\u00e1s fuerte empez\u00f3 a azotarnos. Ademas del viento, pudimos ver c\u00f3mo nubes de tormenta aparec\u00edan sobre nosotros, amenazando con descargar de manera inminente. Lo que hab\u00eda sido una ma\u00f1ana despejada en Zuheros se estaba convirtiendo en el preludio de una tormenta en mitad de la sierra. Las perspectivas para el d\u00eda no eran nada buenas. Coronamos el puerto tras una hora larga de subida. Hicimos una peque\u00f1a pausa para recuperar fuerzas, y comimos algo de fruta -fuente de potasio- antes de emprender el descenso. No pod\u00edamos detenernos demasiado, toda vez que la tormenta parec\u00eda cernirse sobre nosotros, con la aparici\u00f3n incluso de algunas gotas de lluvia. Adem\u00e1s, ten\u00edamos ante nosotros un interesante descenso de casi 10 kil\u00f3metros hasta la carretera que conduce a Carcabuey, que no ten\u00edamos intenci\u00f3n de postponer demasiado. Despu\u00e9s de la sufrida subida que hab\u00edamos afrantado, nos merec\u00edamos un buen premio:<\/p>\n<p><iframe loading=\"lazy\" frameborder=\"0\" width=\"512\" height=\"288\" src=\"https:\/\/www.dailymotion.com\/embed\/video\/xihrv3\" allowfullscreen allow=\"autoplay; fullscreen; picture-in-picture\"><\/iframe><\/p>\n<p>La bajada fue tremenda. R\u00e1pida, por una buena pista, y con excepcionales vistas que llegaban hasta la lejana Priego de C\u00f3rdoba (pensamos, en un principio, que se trataba de Carcabuey, aunque parec\u00eda demasiado grande para serlo). Poco antes del final del descenso realizamos una parada en una llamativa fuente de agua, pensada para abastecer remolques de riego, donde comentamos el descenso, y contemplamos lo que ten\u00edamos por delante:<\/p>\n<figure class=\"wp-block-piwigo-gallery-single-image piwigo-single-image\"><a href=\"https:\/\/www.eniac2000.com\/piwigo\/picture.php?\/9071\" target=\"_blank\" rel=\"noopener noreferrer\"><img decoding=\"async\" src=\"https:\/\/www.eniac2000.com\/piwigo\/_data\/i\/galleries\/albums\/ciclismo\/2011-04-18_20-via-verde-aceite-subbetica\/dia2\/pano08-peq-me.jpg\" alt=\"pano08-peq\" \/><\/a><figcaption><strong>pano08-peq<\/strong><\/figcaption><\/figure>\n<p>A diferencia de la cara norte de la Subb\u00e9tica, que se mostraba con abundante vegetaci\u00f3n de monta\u00f1a, la cara sur aparec\u00eda completamente pelada, salvo por los olivos que se cultivan en la ladera de la monta\u00f1a. Apenas vegetaci\u00f3n arbustiva contribu\u00eda a dar color verdoso a las faldas de los montes, en cuya cima apenas se ve\u00eda el gris de la caliza. Promet\u00eda ser una subida dura.<\/p>\n<p>Acabamos el descenso hasta la carretera, que cruzamos para dirigirnos en direcci\u00f3n Carcabuey. Un kil\u00f3metro despu\u00e9s giramos a mano derecha, siguendo el trazado antiguo de la carretera. Ten\u00edamos por delante un falso llano de algo menos de tres kil\u00f3metros, antes de afrontar la segunda -y m\u00e1s dura- subida del d\u00eda. Y est\u00e1bamos en el punto m\u00e1s bajo de la etapa: apenas 537 metros de altitud. Con calma, recorrimos esos suaves kil\u00f3metros por asfalto, saboreando casi la subida que ten\u00edamos por delante. 5&#8217;5 kms. de ascenso, 17 curvas enlazadas por una pista entre olivares, que ascend\u00edan hasta 1029 metros de altitud, con unas rampas medias del 7&#8217;8%, y m\u00e1ximas del 14&#8217;2%.<\/p>\n<figure class=\"wp-block-piwigo-gallery-single-image piwigo-single-image\"><a href=\"https:\/\/www.eniac2000.com\/piwigo\/picture.php?\/9024\" target=\"_blank\" rel=\"noopener noreferrer\"><img decoding=\"async\" src=\"https:\/\/www.eniac2000.com\/piwigo\/_data\/i\/galleries\/albums\/ciclismo\/2011-04-18_20-via-verde-aceite-subbetica\/dia2\/S8000157-me.JPG\" alt=\"S8000157\" \/><\/a><figcaption><strong>S8000157<\/strong><\/figcaption><\/figure>\n<p>Nos quedamos durante unos instantes al pie de la carretera contemplando la subida. Hab\u00edamos llegado hasta all\u00ed, y no hab\u00eda vuelta atras. Bueno, en realidad s\u00ed la hab\u00eda, pero no era una alternativa mucho mejor que lo que ten\u00edamos por delante. As\u00ed que s\u00f3lo quedaba avanzar. Era justo mediod\u00eda cuando iniciamos el ascenso.<\/p>\n<figure class=\"wp-block-piwigo-gallery-single-image piwigo-single-image\"><a href=\"https:\/\/www.eniac2000.com\/piwigo\/picture.php?\/9025\" target=\"_blank\" rel=\"noopener noreferrer\"><img decoding=\"async\" src=\"https:\/\/www.eniac2000.com\/piwigo\/_data\/i\/galleries\/albums\/ciclismo\/2011-04-18_20-via-verde-aceite-subbetica\/dia2\/S8000158-me.JPG\" alt=\"S8000158\" \/><\/a><figcaption><strong>S8000158<\/strong><\/figcaption><\/figure>\n<p>Fue una subida dur\u00edsima. En las primeras rampas empezamos a sufrir un fuerte viento frontal que nos dificultaba -aun m\u00e1s- el ascenso. Pronto qued\u00f3 clara la necesidad de tirar de plato peque\u00f1o en la subida, que se nos hizo interminable. Man\u00e9 empez\u00f3 a manifestar problemas en su rodilla, y en mi caso, un fuerte dolor de espalda -la vieja lesi\u00f3n- empez\u00f3 a pasarme factura. Javi, por su parte, segu\u00eda con un ritmo bueno, aunque lleg\u00f3 a manifestar que si paraba le iba a resultar dif\u00edcil volver a arrancar. Aun as\u00ed, nos detuvimos un par de veces, a contemplar la tortura, y a reponer algo de fuerzas con barritas de cereales. Paradas cortas, en todo caso. Hubo algunos momentos en que pens\u00e9 que \u00edbamos a tener que arrastrar las bicis cuesta arriba, por los olivares. En un momento dado, Man\u00e9 y yo tuvimos que parar. Javi, con ritmo pausado, continu\u00f3 la subida. La espalda me estaba matando, y el est\u00f3mago de Man\u00e9 le estaba pasando factura. Una vez repuestos, continuamos con la subida. Poco a poco empezamos a dejar atr\u00e1s los olivares, y a entrar en una peque\u00f1a zona boscosa. La subida casi estaba terminando, y el viento volv\u00eda a azotarnos. Contra lo que pudiera parecer, fue algo que nos dio alas, ya que era se\u00f1al inequ\u00edvoca de que est\u00e1bamos llegando al final.<\/p>\n<figure class=\"wp-block-piwigo-gallery-single-image piwigo-single-image\"><a href=\"https:\/\/www.eniac2000.com\/piwigo\/picture.php?\/9028\" target=\"_blank\" rel=\"noopener noreferrer\"><img decoding=\"async\" src=\"https:\/\/www.eniac2000.com\/piwigo\/_data\/i\/galleries\/albums\/ciclismo\/2011-04-18_20-via-verde-aceite-subbetica\/dia2\/S8000161-me.JPG\" alt=\"S8000161\" \/><\/a><figcaption><strong>S8000161<\/strong><\/figcaption><\/figure>\n<p>Y finalmente, lo hicimos. Llegamos a la cancela que marca el fin de la subida un poco despu\u00e9s de que Javi coronara en cabeza la subida. Era la una de la tarde. Hab\u00edamos tardado una hora en recorrer 5&#8217;5 kms. Y nos hab\u00edamos ganado un buen merecido descanso. <\/p>\n<figure class=\"wp-block-piwigo-gallery-single-image piwigo-single-image\"><a href=\"https:\/\/www.eniac2000.com\/piwigo\/picture.php?\/9030\" target=\"_blank\" rel=\"noopener noreferrer\"><img decoding=\"async\" src=\"https:\/\/www.eniac2000.com\/piwigo\/_data\/i\/galleries\/albums\/ciclismo\/2011-04-18_20-via-verde-aceite-subbetica\/dia2\/S8000163-me.JPG\" alt=\"S8000163\" \/><\/a><figcaption><strong>S8000163<\/strong><\/figcaption><\/figure>\n<p>Tras descansar un poco, comernos los bocadillos, saciar nuestra sed, y poner a secar la ropa -Javi lleg\u00f3 a empapar el cortavientos, que era su tercera capa de ropa-, reanudamos la marcha. Seguimos hasta el cercano cortijo del Navazuelo, en cuya fuente repostamos agua. No en balde, yo hab\u00eda acabado en la subida con mi mochila de agua, y Javi y Man\u00e9 no se encontraban en mejor situaci\u00f3n. Desde la fuente tuvimos unos momentos de confusi\u00f3n, ya que no ten\u00edamos claro por d\u00f3nde continuaba nuestro itinerario. Me acerqu\u00e9 al cortijo a preguntar, y amablemente me indicaron que el camino pasaba por la misma puerta del cortijo, que se encontraba vallado. Aclarada la duda, seguimos nuestro camino, no sin antes tener que afrontar el ataque de los perros del cortijo, cruce entre mast\u00edn y oso pardo, por lo menos: al pasar cerca de ellos, salieron del cortijo en pos nuestro. Pasamos junto a ellos con cuidad, mientras nos dirig\u00edan feroces ladridos. Dos de ellos se abalanzaron sobre Javi y sobre m\u00ed, pero al poner pie a tierra un tanto ruidosamente (ya que casi choco con Javi), los perros retrocedieron asustados. Fue la nota c\u00f3mica de la jornada.<\/p>\n<p>Abandonamos el cortijo del Navazuelo por el camino de la Nava, que nos condujo poco despu\u00e9s a una peque\u00f1a meseta -La Nava- de incre\u00edble belleza: era un paraje completamente plano entre las monta\u00f1as, en donde crec\u00eda una hierba verde y menudeaban las encinas, que era surcada por diversos arroyos que nac\u00edan en las monta\u00f1as cercanas. <\/p>\n<figure class=\"wp-block-piwigo-gallery-single-image piwigo-single-image\"><a href=\"https:\/\/www.eniac2000.com\/piwigo\/picture.php?\/9072\" target=\"_blank\" rel=\"noopener noreferrer\"><img decoding=\"async\" src=\"https:\/\/www.eniac2000.com\/piwigo\/_data\/i\/galleries\/albums\/ciclismo\/2011-04-18_20-via-verde-aceite-subbetica\/dia2\/pano09-peq-me.jpg\" alt=\"pano09-peq\" \/><\/a><figcaption><strong>pano09-peq<\/strong><\/figcaption><\/figure>\n<p>Y era el para\u00edso de las ovejas. Todo el valle se encontraba lleno de ovejas, que pastaban, balaban, corr\u00edan y beb\u00edan sin cesar.<\/p>\n<figure class=\"wp-block-piwigo-gallery-single-image piwigo-single-image\"><a href=\"https:\/\/www.eniac2000.com\/piwigo\/picture.php?\/9073\" target=\"_blank\" rel=\"noopener noreferrer\"><img decoding=\"async\" src=\"https:\/\/www.eniac2000.com\/piwigo\/_data\/i\/galleries\/albums\/ciclismo\/2011-04-18_20-via-verde-aceite-subbetica\/dia2\/pano10-peq-me.jpg\" alt=\"pano10-peq\" \/><\/a><figcaption><strong>pano10-peq<\/strong><\/figcaption><\/figure>\n<p>De lo anteriormente dicho, especialmente balaban. Mucho. Pero mucho, mucho.<\/p>\n<p><iframe loading=\"lazy\" frameborder=\"0\" width=\"512\" height=\"288\" src=\"https:\/\/www.dailymotion.com\/embed\/video\/xiikem\" allowfullscreen allow=\"autoplay; fullscreen; picture-in-picture\"><\/iframe><\/p>\n<p>Enfrente nuestra se alzaba el impresionante pico de la Virgen de la Sierra. Las jornadas previas hab\u00edamos especulado sobre la posibilidad de complementar la etapa subiendo a la Virgen. En cuanto vimos esa mole p\u00e9trea alzarse sobre nosotros, descartamos r\u00e1pidamente tal posibilidad. Ya hab\u00edamos tenido suficiente pase por la picadora en lo que llev\u00e1bamos de d\u00eda. Adem\u00e1s el cielo, que durante un rato hab\u00eda mejorado, volv\u00eda a amenazar con dejar caer sobre nosotros una manta de agua. No quedaba sino dirigirse r\u00e1pidamente hacia el final de etapa: el descenso del ca\u00f1\u00f3n del Bail\u00f3n.<\/p>\n<p>Nace precisamente el <a href=\"http:\/\/es.wikipedia.org\/wiki\/R%C3%ADo_Bail%C3%B3n\">Bail\u00f3n<\/a> en la Nava, la zona donde nos encontr\u00e1bamos. Iba a ser, pues, nuestro compa\u00f1ero de etapa durante los kil\u00f3metros finales de nuestro recorrido. Giramos hacia el norte, siguiendo el sendero la Nava, junto a una valla de madera. Pasamos junto a otra granja de ovejas, y poco a poco nos fuimos internando de nuevo en las monta\u00f1as. Volvimos a girar al este, siguiendo el curso del Bail\u00f3n, y abandonamos el camino principal. <\/p>\n<figure class=\"wp-block-piwigo-gallery-single-image piwigo-single-image\"><a href=\"https:\/\/www.eniac2000.com\/piwigo\/picture.php?\/9075\" target=\"_blank\" rel=\"noopener noreferrer\"><img decoding=\"async\" src=\"https:\/\/www.eniac2000.com\/piwigo\/_data\/i\/galleries\/albums\/ciclismo\/2011-04-18_20-via-verde-aceite-subbetica\/dia2\/pano12-peq-me.jpg\" alt=\"pano12-peq\" \/><\/a><figcaption><strong>pano12-peq<\/strong><\/figcaption><\/figure>\n<p>Continuamos por un camino casi perdido en el valle del r\u00edo, donde empezamos a ver algunas formaciones k\u00e1rsticas, muy similares a las existentes en el Torcal de Antequera. Poco a poco nos \u00edbamos acercando m\u00e1s al macizo de caliza, y empezaba a haber dr\u00e1sticos cambios en el paisaje. El camino se hizo bastante m\u00e1s irregular, y a nuestra derecha volv\u00eda a haber un verdadero bosque. Bromeamos diciendo que eso s\u00ed que merec\u00eda el apelativo del bosque de Fangorn. Y pronto acab\u00f3 el respiro del valle. Volvi\u00f3 a tocarnos subir, y por supuesto, bajar. Empezaba la fiesta.<\/p>\n<p>Seguimos circulando por lo que posteriormente descubrir\u00eda que se trataba de la vereda Marchaniega (con la que ya nos hab\u00edamos cruzado en la subida desde Luque). Y en un tramo de bajada, al pasar sobre un lecho de piedras, lo not\u00e9. La rueda trasera rozaba con el freno. Al contemplarla, lo tuve claro: la llanta oscilaba. Hab\u00eda roto un radio. Paramos para confirmarlo, y as\u00ed era. Al menos s\u00f3lo hab\u00eda roto uno, pero era cuesti\u00f3n de tiempo romper alguno m\u00e1s, especialmente en una bajada tan abrupta como la que ten\u00edamos por delante. Estaba que se me llevaban los demonios, porque hab\u00eda llevado la bicicleta espec\u00edficamente al mec\u00e1nico para prevenir esa clase de cosas. Por suerte hab\u00eda sido previsor y en las alforjas llevaba radios de repuesto y las llaves necesarias para reemplazarlo. Pero las alforjas se encontraban en el apartamento. Me iba a tocar hacer el descenso del ca\u00f1on con un radio roto. Fantabuloso. No me qued\u00f3 m\u00e1s remedio que empezar a tener bastante m\u00e1s cuidado en todo el recorrido.<\/p>\n<p><iframe loading=\"lazy\" frameborder=\"0\" width=\"512\" height=\"288\" src=\"https:\/\/www.dailymotion.com\/embed\/video\/xiikl6\" allowfullscreen allow=\"autoplay; fullscreen; picture-in-picture\"><\/iframe><\/p>\n<p>Pasamos la zona de la Fuente Fr\u00eda, alternando subidas y bajadas hasta llegar a un peque\u00f1o cruce con indicadores. Cometimos el error de no mirar las indicaciones, y seguimos el camino principal, en fuerte ascenso. Un grave error que nos cost\u00f3 3 kil\u00f3metros de m\u00e1s, media hora larga de retraso, y el que nos empezara a llover en mitad del ca\u00f1\u00f3n. En efecto, seguimos avanzando por la vereda, pero separ\u00e1ndonos poco a poco del r\u00edo Bail\u00f3n. Cuando llegamos, un rato despu\u00e9s, a una nueva bifurcaci\u00f3n que sub\u00eda por la ladera del monte, tuve claro que nos hab\u00edamos equivocado. Nos detuvimos un rato para comprobarlo en el tel\u00e9fono de Man\u00e9 y en la carta topogr\u00e1fica. Era bastante claro. Nos dirig\u00edamos a la fuente de la Zarza, en \u00e1ngulo de 90\u00ba con respecto a nuestro recorrido. Nos hab\u00edamos salido del ca\u00f1\u00f3n. No nos qued\u00f3 m\u00e1s remedio que retroceder hasta el cruce, cuyas se\u00f1ales hab\u00edamos desde\u00f1ado mirar.<\/p>\n<p>Una vez corregido el error, retomamos el descenso por el ca\u00f1\u00f3n. Avanzamos por la abrupta ladera de un cerro, con vegetaci\u00f3n muy cerrada y un firme enormemente quebrado, formado por caliza erosionada, pero en la que al menos ve\u00edamos un claro sendero. Sendero, eso s\u00ed, m\u00e1s apto para ser recorrido a pie que en bici. Aunque eso, en nuestro caso, no ten\u00eda mucha importancia. <img src=\"https:\/\/bitacora.eniac2000.com\/wp-includes\/images\/smilies\/mrgreen.png\" alt=\":mrgreen:\" class=\"wp-smiley\" style=\"height: 1em; max-height: 1em;\" \/> O al menos no la habr\u00eda tenido para mi si no hubiera tenido ese radio roto, y la amenaza de ir rompiendo m\u00e1s.<\/p>\n<p>Tras un rato bastante complicado, llegamos a un peque\u00f1o claro, en el que mejor\u00f3 un poco el sendero. Era algo m\u00e1s abierto, y no ten\u00eda tanta caliza erosionada en medio. Posibilitaba volver a rodar de una manera algo m\u00e1s c\u00f3moda. Nos internamos de nuevo en el bosque, que nos depar\u00f3 algunos tramos excepcionales para el descenso.<\/p>\n<figure class=\"wp-block-piwigo-gallery-single-image piwigo-single-image\"><a href=\"https:\/\/www.eniac2000.com\/piwigo\/picture.php?\/9062\" target=\"_blank\" rel=\"noopener noreferrer\"><img decoding=\"async\" src=\"https:\/\/www.eniac2000.com\/piwigo\/_data\/i\/galleries\/albums\/ciclismo\/2011-04-18_20-via-verde-aceite-subbetica\/dia2\/S8000195-me.JPG\" alt=\"S8000195\" \/><\/a><figcaption><strong>S8000195<\/strong><\/figcaption><\/figure>\n<p>Y seguimos avanzando. Ya hab\u00eda quedado claro que est\u00e1bamos en la verdadera bajada del ca\u00f1\u00f3n, por lo que puse de nuevo a grabar la c\u00e1mara. Iba a ser un descenso espectacular, y quer\u00eda tener el momento. Por desgracia, apenas pude grabar el inicio. A\u00fan no lo sab\u00eda, pero en la bajada a Carcabuey casi hab\u00eda agotado el espacio de grabaci\u00f3n de la c\u00e1mara. Apenas dio para tres minutos -el inicio- de la bajada.<\/p>\n<p><iframe loading=\"lazy\" frameborder=\"0\" width=\"512\" height=\"288\" src=\"https:\/\/www.dailymotion.com\/embed\/video\/xifo2l\" allowfullscreen allow=\"autoplay; fullscreen; picture-in-picture\"><\/iframe><\/p>\n<p>En nuestro descenso pronto abandonamos definitivamente el bosque. Afrontamos una bajada en zig-zag hasta alcanzar el mism\u00edsimo curso del arroyo, cuya compa\u00f1\u00eda ya no abandonar\u00edamos hasta pr\u00e1cticamente el final de la bajada.<\/p>\n<figure class=\"wp-block-piwigo-gallery-single-image piwigo-single-image\"><a href=\"https:\/\/www.eniac2000.com\/piwigo\/picture.php?\/9066\" target=\"_blank\" rel=\"noopener noreferrer\"><img decoding=\"async\" src=\"https:\/\/www.eniac2000.com\/piwigo\/_data\/i\/galleries\/albums\/ciclismo\/2011-04-18_20-via-verde-aceite-subbetica\/dia2\/S8000199-me.JPG\" alt=\"S8000199\" \/><\/a><figcaption><strong>S8000199<\/strong><\/figcaption><\/figure>\n<p>Seguimos descendiendo por caliza viva. El sendero era enormemente estrecho en algunos tramos, con vegetaci\u00f3n -zarzas, para hacerlo m\u00e1s divertido- que se cerraba de manera amenazadora sobre nosotros. Tuvimos incluso que cruzar un par de veces el arroyo para poder seguir avanzado.<\/p>\n<figure class=\"wp-block-piwigo-gallery-single-image piwigo-single-image\"><a href=\"https:\/\/www.eniac2000.com\/piwigo\/picture.php?\/9068\" target=\"_blank\" rel=\"noopener noreferrer\"><img decoding=\"async\" src=\"https:\/\/www.eniac2000.com\/piwigo\/_data\/i\/galleries\/albums\/ciclismo\/2011-04-18_20-via-verde-aceite-subbetica\/dia2\/S8000201-me.JPG\" alt=\"S8000201\" \/><\/a><figcaption><strong>S8000201<\/strong><\/figcaption><\/figure>\n<p>Para nuestra desgracia, la lluvia hizo acto de presencia. Poco a poco, al principio, pero de manera persistente, por lo que nos vimos obligados a echar mano de los chubasqueros. La situaci\u00f3n, adem\u00e1s, empez\u00f3 a ponerse peligrosa. La caliza mojada empezaba a ser muy resbaladiza, y empezamos a sufrir varios sustos. En mi caso, adem\u00e1s, la situaci\u00f3n se ve\u00eda agravada por mi elecci\u00f3n de cubierta trasera: una cubierta Kenda Small Block Eight de multitaco fino: muy buena para rodar, pero nefasta en terrenos resbaladizos. Era como montar en bici sobre una pista de patinaje. Con todo el dolor de mi coraz\u00f3n, no me qued\u00f3 m\u00e1s remedio que echar pie a tierra. Los \u00faltimos kil\u00f3metros de la bajada no me iba a quedar m\u00e1s remedio que hacerlos a pie. Aunque no era una soluci\u00f3n mucho mejor. Mis zapatillas, con suela de goma, patinaban de manera igualmente exagerada. Estaba empezando a echar de menos mis botas de monta\u00f1a.<\/p>\n<p>Pasamos la cueva del Monje, y seguimos bajando. En algunos tramos en los que circul\u00e1bamos sobre tierra en vez de sobre caliza viva pod\u00eda permitirme rodar, pero \u00e9stos no eran constantes. El sendero acab\u00f3 por separarse del arroyo, para subir a un peque\u00f1o espol\u00f3n de roca que se asoma sobre Zuheros. Ya casi hab\u00edamos concluido nuestra etapa. A partir de este punto el sendero se ensanchaba, para bajar al pueblo de manera relativamente c\u00f3mo por una zona escalonada. Bajamos con sumo cuidado hasta el inicio de los escalones, y bajamos en zig-zag hasta un \u00e1rea de descanso. Hab\u00edamos finalizado la etapa, y lo hab\u00edamos hecho sin abrirnos la cabeza. Todav\u00eda quedaba volver al apartamento. En subida, c\u00f3mo no. Al fin y al cabo, segu\u00eda siendo Zuheros. Subimos por las calles del pueblo, y finalmente llegamos hasta la plaza del castillo. Eran las cinco menos cuarto de la tarde. Nos hab\u00edamos tirado siete horas y cuarto largas dando pedales desde que empezamos la etapa. Al consultar mi puls\u00f3metro me qued\u00e9 helado: indicaba que hab\u00eda quemado casi 7000 kilocalor\u00edas en la etapa, casi 2000 m\u00e1s que en las etapas m\u00e1s duras que hab\u00eda hecho hasta entonces.<\/p>\n<p>Una vez en el apartamento, guardamos las bicis, y pasamos por las respectivas sesiones de ducha y friegas con alcohol de romero. Dado que no dejaba de llover, esa tarde no lavamos la ropa, aunque en mi caso no me qued\u00f3 m\u00e1s remedio que hacer sesi\u00f3n mec\u00e1nica, para reemplazar el radio roto. El resto de la tarde lo empleamos en comentar la etapa, hablar de lo divino y lo humano, e incluso ver una procesi\u00f3n, ya que desde la terraza del edificio donde estaba el apartamento ten\u00edamos unas excelentes vistas de la plaza.<\/p>\n<p>Esa noche cenamos unas pizzas que hab\u00edamos comprado la jornada anterior, y dejamos preparado todo el equipaje para el d\u00eda siguiente. Pronto \u00edbamos a iniciar el final de nuestro viaje, con una etapa final que nos habr\u00eda de llevar hasta el cortijo de Man\u00e9, cerca de Aguilar de la Frontera. Pero eso ser\u00eda ya al d\u00eda siguiente. Por lo pronto, esa noche dormimos como benditos. El lo que tiene, el meterse entre pecho y espalda dos etapas como las que nos hab\u00edamos metido.<\/p>\n<p>El mapa de la etapa es el siguiente:<\/p>\n<p><iframe loading=\"lazy\" width=\"425\" height=\"350\" frameborder=\"0\" scrolling=\"no\" marginheight=\"0\" marginwidth=\"0\" src=\"https:\/\/maps.google.es\/maps\/ms?ie=UTF8&amp;hl=es&amp;t=h&amp;msa=0&amp;msid=202361253797459258527.0004a247c07cd2875767b&amp;ll=37.510271,-4.311447&amp;spn=0.190637,0.291824&amp;z=11&amp;output=embed\"><\/iframe><br \/><small>Ver <a href=\"https:\/\/maps.google.es\/maps\/ms?ie=UTF8&amp;hl=es&amp;t=h&amp;msa=0&amp;msid=202361253797459258527.0004a247c07cd2875767b&amp;ll=37.510271,-4.311447&amp;spn=0.190637,0.291824&amp;z=11&amp;source=embed\" style=\"color:#0000FF;text-align:left\">2011\/04\/19: Parque Natural de las Sierras Subb\u00e9ticas<\/a> en un mapa m\u00e1s grande<\/small><\/p>\n<p>Los datos de la etapa son los siguientes:<\/p>\n<ul>\n<li><strong>Distancia (seg\u00fan el veloc\u00edmetro):<\/strong> 49&#8217;056 km.<\/li>\n<li><strong>Distancia (seg\u00fan el GPS):<\/strong> 49&#8217;920 km.<\/li>\n<li><strong>Tiempo de etapa:<\/strong> 4h 40m 22s<\/li>\n<li><strong>Tiempo desde el inicio de la etapa:<\/strong> 7h 18m 26s<\/li>\n<li><strong>Pulsaciones medias:<\/strong> 138 pulsaciones\/m<\/li>\n<li><strong>Pulsaciones m\u00e1ximas:<\/strong> 172<\/li>\n<li><strong>Consumo medio de calor\u00edas:<\/strong> 980 kcal\/h<\/li>\n<li><strong>Consumo m\u00e1ximo de calor\u00edas:<\/strong> 1310 kcal\/h<\/li>\n<li><strong>Tiempo en zonas de pulsaciones:<\/strong> 5h 13m 12s<\/li>\n<li><strong>Consumo total de calor\u00edas:<\/strong> 6913 kcal<\/li>\n<\/ul>\n","protected":false},"excerpt":{"rendered":"<div class=\"seriesmeta\">Esta entrada es la parte 2 de 3 de la serie <a href=\"https:\/\/bitacora.eniac2000.com\/?series=vias-verdes-del-aceite-y-subbetica-2011\" class=\"series-1840\" title=\"V\u00edas Verdes del Aceite y Subb\u00e9tica 2011\">V\u00edas Verdes del Aceite y Subb\u00e9tica 2011<\/a><\/div><p>La segunda etapa de nuesto viaje estuvo marcada por una<\/p>\n","protected":false},"author":1,"featured_media":0,"comment_status":"open","ping_status":"open","sticky":false,"template":"","format":"standard","meta":{"advanced_seo_description":"","jetpack_seo_html_title":"","jetpack_seo_noindex":false,"_jetpack_memberships_contains_paid_content":false,"footnotes":"","jetpack_publicize_message":"","jetpack_publicize_feature_enabled":true,"jetpack_social_post_already_shared":false,"jetpack_social_options":{"image_generator_settings":{"template":"highway","default_image_id":0,"font":"","enabled":false},"version":2}},"categories":[24,8],"tags":[273,269,327,1018,1135,1237,1515,1516,1752,1823],"series":[1840],"class_list":["post-2663","post","type-post","status-publish","format-standard","hentry","category-ciclismo","category-deporte","tag-cabra","tag-canon-del-rio-bailon","tag-carcabuey","tag-luque","tag-mtb","tag-parque-natural-de-las-sierras-subbeticas","tag-sendero-de-la-nava","tag-sendero-de-las-buitreras","tag-virgen-de-la-sierra","tag-zuheros","series-vias-verdes-del-aceite-y-subbetica-2011"],"jetpack_publicize_connections":[],"jetpack_featured_media_url":"","jetpack_sharing_enabled":true,"_links":{"self":[{"href":"https:\/\/bitacora.eniac2000.com\/index.php?rest_route=\/wp\/v2\/posts\/2663","targetHints":{"allow":["GET"]}}],"collection":[{"href":"https:\/\/bitacora.eniac2000.com\/index.php?rest_route=\/wp\/v2\/posts"}],"about":[{"href":"https:\/\/bitacora.eniac2000.com\/index.php?rest_route=\/wp\/v2\/types\/post"}],"author":[{"embeddable":true,"href":"https:\/\/bitacora.eniac2000.com\/index.php?rest_route=\/wp\/v2\/users\/1"}],"replies":[{"embeddable":true,"href":"https:\/\/bitacora.eniac2000.com\/index.php?rest_route=%2Fwp%2Fv2%2Fcomments&post=2663"}],"version-history":[{"count":1,"href":"https:\/\/bitacora.eniac2000.com\/index.php?rest_route=\/wp\/v2\/posts\/2663\/revisions"}],"predecessor-version":[{"id":11056,"href":"https:\/\/bitacora.eniac2000.com\/index.php?rest_route=\/wp\/v2\/posts\/2663\/revisions\/11056"}],"wp:attachment":[{"href":"https:\/\/bitacora.eniac2000.com\/index.php?rest_route=%2Fwp%2Fv2%2Fmedia&parent=2663"}],"wp:term":[{"taxonomy":"category","embeddable":true,"href":"https:\/\/bitacora.eniac2000.com\/index.php?rest_route=%2Fwp%2Fv2%2Fcategories&post=2663"},{"taxonomy":"post_tag","embeddable":true,"href":"https:\/\/bitacora.eniac2000.com\/index.php?rest_route=%2Fwp%2Fv2%2Ftags&post=2663"},{"taxonomy":"series","embeddable":true,"href":"https:\/\/bitacora.eniac2000.com\/index.php?rest_route=%2Fwp%2Fv2%2Fseries&post=2663"}],"curies":[{"name":"wp","href":"https:\/\/api.w.org\/{rel}","templated":true}]}}