{"id":2717,"date":"2011-06-14T22:34:08","date_gmt":"2011-06-14T21:34:08","guid":{"rendered":"http:\/\/bitacora.eniac2000.com\/?p=2717"},"modified":"2011-06-14T22:34:08","modified_gmt":"2011-06-14T21:34:08","slug":"panoramica-de-sevilla-desde-el-cerro-de-santa-brigida","status":"publish","type":"post","link":"https:\/\/bitacora.eniac2000.com\/?p=2717","title":{"rendered":"Panor\u00e1mica de Sevilla desde el cerro de Santa Br\u00edgida"},"content":{"rendered":"<p>La semana pasada estuve dando pedales por la zona norte del Aljarafe, despu\u00e9s de unas semanas en el dique seco por una lesi\u00f3n de espalda. En la parte final de la etapa pude contemplar la siguiente vista de Sevilla desde el cerro de Santa Br\u00edgida, en las cercan\u00edas de Camas:<\/p>\n<figure id=\"attachment_2718\" aria-describedby=\"caption-attachment-2718\" style=\"width: 400px\" class=\"wp-caption aligncenter\"><a href=\"http:\/\/bitacora.eniac2000.com\/wp-content\/uploads\/2011\/06\/pano-sevilla-20110609.jpg\"><img loading=\"lazy\" decoding=\"async\" src=\"http:\/\/bitacora.eniac2000.com\/wp-content\/uploads\/2011\/06\/pano-sevilla-20110609-400x65.jpg\" alt=\"Panor\u00e1mica de Sevilla al atardecer\" title=\"Panor\u00e1mica de Sevilla al atardecer\" width=\"400\" height=\"65\" class=\"size-medium wp-image-2718\" \/><\/a><figcaption id=\"caption-attachment-2718\" class=\"wp-caption-text\">Panor\u00e1mica de Sevilla al atardecer<\/figcaption><\/figure>\n<p>En cuanto a la etapa en s\u00ed, fueron 21&#8217;11 kms. por los alrededores de Santiponce. Tom\u00e9 la v\u00eda verde de It\u00e1lica hasta el cruce con la Ca\u00f1ada Real de las Islas, que abandon\u00e9 para tomar la ca\u00f1ada de los Infiernos hasta Valencina de la Concepci\u00f3n. Desde ah\u00ed baj\u00e9 por la carretera de Santiponce hasta el cruce con la pista que bordea los cerros que se asoman a Sevilla. Sub\u00ed al de Santa Br\u00edgida, desde donde tom\u00e9 la foto, antes de volver a casa por la v\u00eda verde:<\/p>\n<p><iframe loading=\"lazy\" width=\"425\" height=\"350\" frameborder=\"0\" scrolling=\"no\" marginheight=\"0\" marginwidth=\"0\" src=\"https:\/\/maps.google.es\/maps\/ms?ie=UTF8&amp;hl=es&amp;t=h&amp;msa=0&amp;msid=202361253797459258527.0004a5b2c224a458112b6&amp;ll=37.430705,-6.060848&amp;spn=0.04771,0.072956&amp;z=13&amp;output=embed\"><\/iframe><br \/><small>Ver <a href=\"https:\/\/maps.google.es\/maps\/ms?ie=UTF8&amp;hl=es&amp;t=h&amp;msa=0&amp;msid=202361253797459258527.0004a5b2c224a458112b6&amp;ll=37.430705,-6.060848&amp;spn=0.04771,0.072956&amp;z=13&amp;source=embed\" style=\"color:#0000FF;text-align:left\">2011\/06\/09: Santiponce &#8211; Carambolos de Camas<\/a> en un mapa m\u00e1s grande<\/small><\/p>\n","protected":false},"excerpt":{"rendered":"<p>La semana pasada estuve dando pedales por la zona norte<\/p>\n","protected":false},"author":1,"featured_media":0,"comment_status":"open","ping_status":"open","sticky":false,"template":"","format":"standard","meta":{"advanced_seo_description":"","jetpack_seo_html_title":"","jetpack_seo_noindex":false,"_jetpack_memberships_contains_paid_content":false,"footnotes":"","jetpack_publicize_message":"","jetpack_publicize_feature_enabled":true,"jetpack_social_post_already_shared":false,"jetpack_social_options":{"image_generator_settings":{"template":"highway","default_image_id":0,"font":"","enabled":false},"version":2}},"categories":[24,8],"tags":[287,266,436,1135,1229,1500,1523,1697,1707],"series":[],"class_list":["post-2717","post","type-post","status-publish","format-standard","hentry","category-ciclismo","category-deporte","tag-camas","tag-canada-real-de-las-islas","tag-colada-de-los-infiernos","tag-mtb","tag-panoramica","tag-santiponce","tag-sevilla","tag-valencina-de-la-concepcion","tag-via-verde-de-italica"],"jetpack_publicize_connections":[],"jetpack_featured_media_url":"","jetpack_sharing_enabled":true,"_links":{"self":[{"href":"https:\/\/bitacora.eniac2000.com\/index.php?rest_route=\/wp\/v2\/posts\/2717","targetHints":{"allow":["GET"]}}],"collection":[{"href":"https:\/\/bitacora.eniac2000.com\/index.php?rest_route=\/wp\/v2\/posts"}],"about":[{"href":"https:\/\/bitacora.eniac2000.com\/index.php?rest_route=\/wp\/v2\/types\/post"}],"author":[{"embeddable":true,"href":"https:\/\/bitacora.eniac2000.com\/index.php?rest_route=\/wp\/v2\/users\/1"}],"replies":[{"embeddable":true,"href":"https:\/\/bitacora.eniac2000.com\/index.php?rest_route=%2Fwp%2Fv2%2Fcomments&post=2717"}],"version-history":[{"count":0,"href":"https:\/\/bitacora.eniac2000.com\/index.php?rest_route=\/wp\/v2\/posts\/2717\/revisions"}],"wp:attachment":[{"href":"https:\/\/bitacora.eniac2000.com\/index.php?rest_route=%2Fwp%2Fv2%2Fmedia&parent=2717"}],"wp:term":[{"taxonomy":"category","embeddable":true,"href":"https:\/\/bitacora.eniac2000.com\/index.php?rest_route=%2Fwp%2Fv2%2Fcategories&post=2717"},{"taxonomy":"post_tag","embeddable":true,"href":"https:\/\/bitacora.eniac2000.com\/index.php?rest_route=%2Fwp%2Fv2%2Ftags&post=2717"},{"taxonomy":"series","embeddable":true,"href":"https:\/\/bitacora.eniac2000.com\/index.php?rest_route=%2Fwp%2Fv2%2Fseries&post=2717"}],"curies":[{"name":"wp","href":"https:\/\/api.w.org\/{rel}","templated":true}]}}