{"id":2730,"date":"2011-06-23T20:16:37","date_gmt":"2011-06-23T19:16:37","guid":{"rendered":"http:\/\/bitacora.eniac2000.com\/?p=2730"},"modified":"2025-10-05T17:12:53","modified_gmt":"2025-10-05T15:12:53","slug":"etapa-ciclista-vereda-de-linares-12062011","status":"publish","type":"post","link":"https:\/\/bitacora.eniac2000.com\/?p=2730","title":{"rendered":"Etapa ciclista: Vereda de Linares (12\/06\/2011)"},"content":{"rendered":"<p>Como se ve que con la <a href=\"http:\/\/bitacora.eniac2000.com\/?p=2721\">etapa del 11 de junio<\/a> no nos hab\u00edamos quedado satisfechos, continuamos con la sesi\u00f3n doble del fin de semana haciendo una etapa el domingo 12. En esta ocasi\u00f3n salimos a rodar Javi, Man\u00e9 y yo. Y el recorrido escogido fue una etapa que ya hab\u00eda efectuado en solitario el pasado 15 de mayo: <a href=\"http:\/\/bitacora.eniac2000.com\/?p=2691\">la vereda de Linares<\/a>, ya que Man\u00e9 y Javi ten\u00edan inter\u00e9s en recorrerla.<\/p>\n<p>Empezamos la etapa a las 9:15h, lo que fue una interesante diferencia con la etapa del d\u00eda anterior, que iniciamos a las 7:00h. Tomamos el Vial Norte y pasamos por debajo de la joroba de Asland, y desde all\u00ed fuimos por carretera hasta la Campi\u00f1uela Baja. Como Javi ten\u00eda ganas de ver el Lago Azul (una antigua cantera abandonada), decidimos ir hasta la vereda de Alcolea por el Canal. Tras una peque\u00f1a visita al lago, seguimos avanzando por la vereda hasta llegar al cruce con la vereda de Linares.<\/p>\n<p>El recorrido hasta el arroyo Rabanales fue sumamente r\u00e1pido, y la bajada hasta \u00e9ste hizo las delicias de Man\u00e9 y Javi, aunque me emocion\u00e9 en un par de puntos, y la bici me hizo algunos extra\u00f1os, que por suerte pude controlar sin mayor problema.<\/p>\n<figure class=\"wp-block-piwigo-gallery-single-image piwigo-single-image\"><a href=\"https:\/\/www.eniac2000.com\/piwigo\/picture.php?\/9107\" target=\"_blank\" rel=\"noopener noreferrer\"><img decoding=\"async\" src=\"https:\/\/www.eniac2000.com\/piwigo\/galleries\/albums\/ciclismo\/2011-06-12-linares\/S8000333.JPG\" alt=\"S8000333\" \/><\/a><figcaption><strong>S8000333<\/strong><\/figcaption><\/figure>\n<p>Hicimos una peque\u00f1a pausa una vez pasamos el arroyo, aunque no demasiado larga, ya que el calor empezaba a apretar, y a\u00fan ten\u00edamos por delante la terror\u00edfica doble subida de la vereda, con unas rampas m\u00e1ximas del 18&#8217;8%. En esta ocasi\u00f3n hice la subida sin detenerme, al igual que Javi y Man\u00e9, pero hay que admitir que fue terror\u00edfica. Eso s\u00ed, constituy\u00f3 un magn\u00edfico aperitivo para la bajada que nos esperaba justo a continuaci\u00f3n:<\/p>\n<p><iframe loading=\"lazy\" frameborder=\"0\" width=\"512\" height=\"288\" src=\"https:\/\/www.dailymotion.com\/embed\/video\/xjbla7\" allowfullscreen allow=\"autoplay; fullscreen; picture-in-picture\"><\/iframe><\/p>\n<p>Hice la bajada a un mejor ritmo que la vez precedente, aunque acab\u00e9 metido dentro de un matorral que me provoc\u00f3 un hematoma en la frente, visible durante el resto de la semana. Pero vali\u00f3 la pena. <img src=\"https:\/\/bitacora.eniac2000.com\/wp-includes\/images\/smilies\/mrgreen.png\" alt=\":mrgreen:\" class=\"wp-smiley\" style=\"height: 1em; max-height: 1em;\" \/><\/p>\n<p>Hicimos una nueva pausa en la Virgen de Linares, donde estuvimos un rato de palique, tomando un refrigerio. Un merecido descanso despu\u00e9s de una intensa bajada. De nuevo en marcha, bajamos hasta la Carrera del Caballo por el Camino Moz\u00e1rabe. Desde all\u00ed enlazamos por carretera con la cantera abandonada de Pedroche, bajamos hasta el arroyo por el camino que bordea la cantera. En la bajada Javi sufri\u00f3 una ca\u00edda que, en condiciones normales no habr\u00eda tenido consecuencias, pero al qued\u00e1rsele trabado el pedal autom\u00e1tico en la cala, le provoc\u00f3 algunos rasgu\u00f1os y una erupci\u00f3n debida a haber ca\u00eddo sobre unas plantas espinosas:<\/p>\n<p><iframe loading=\"lazy\" frameborder=\"0\" width=\"512\" height=\"288\" src=\"https:\/\/www.dailymotion.com\/embed\/video\/xjbm9i\" allowfullscreen allow=\"autoplay; fullscreen; picture-in-picture\"><\/iframe><\/p>\n<p>Desde all\u00ed finalizamos la etapa volviendo al Naranjo por el Castillo del Maim\u00f3n. Nos separamos de Javi en la rotonda del Calasancio, y dimos por finalizada la etapa a las 11:50h, tras 21&#8217;7 kms. de etapa.<\/p>\n<p>El recorrido en Google Maps es el siguiente:<\/p>\n<p><iframe loading=\"lazy\" width=\"425\" height=\"350\" frameborder=\"0\" scrolling=\"no\" marginheight=\"0\" marginwidth=\"0\" src=\"https:\/\/maps.google.es\/maps\/ms?msa=0&amp;ie=UTF8&amp;t=h&amp;msid=202361253797459258527.0004a665d84735d21deb6&amp;ll=37.921993,-4.751244&amp;spn=0.09479,0.145912&amp;z=12&amp;output=embed\"><\/iframe><br \/><small>Ver <a href=\"https:\/\/maps.google.es\/maps\/ms?msa=0&amp;ie=UTF8&amp;t=h&amp;msid=202361253797459258527.0004a665d84735d21deb6&amp;ll=37.921993,-4.751244&amp;spn=0.09479,0.145912&amp;z=12&amp;source=embed\" style=\"color:#0000FF;text-align:left\">2011\/06\/12: Vereda de Linares<\/a> en un mapa m\u00e1s grande<\/small><\/p>\n<p>Y los datos de la etapa son estos:<\/p>\n<ul>\n<li><strong>Distancia (seg\u00fan el GPS):<\/strong> 21,7 km.<\/li>\n<li><strong>Tiempo desde el inicio de la etapa:<\/strong> 2h 1m 8s<\/li>\n<li><strong>Pulsaciones medias:<\/strong> 132 pulsaciones\/m<\/li>\n<li><strong>Pulsaciones m\u00e1ximas:<\/strong> 183<\/li>\n<li><strong>Consumo medio de calor\u00edas:<\/strong> 920 kcal\/h<\/li>\n<li><strong>Consumo m\u00e1ximo de calor\u00edas:<\/strong> 1420 kcal\/h<\/li>\n<li><strong>Tiempo en zonas de pulsaciones:<\/strong> 1h 15m 32s<\/li>\n<li><strong>Consumo total de calor\u00edas:<\/strong> 1804 kcal<\/li>\n<\/ul>\n","protected":false},"excerpt":{"rendered":"<p>Como se ve que con la etapa del 11 de<\/p>\n","protected":false},"author":1,"featured_media":0,"comment_status":"open","ping_status":"open","sticky":false,"template":"","format":"standard","meta":{"advanced_seo_description":"","jetpack_seo_html_title":"","jetpack_seo_noindex":false,"_jetpack_memberships_contains_paid_content":false,"footnotes":"","jetpack_publicize_message":"","jetpack_publicize_feature_enabled":true,"jetpack_social_post_already_shared":false,"jetpack_social_options":{"image_generator_settings":{"template":"highway","default_image_id":0,"font":"","enabled":false},"version":2}},"categories":[24,8],"tags":[149,297,392,1135,1734,1754],"series":[],"class_list":["post-2730","post","type-post","status-publish","format-standard","hentry","category-ciclismo","category-deporte","tag-arroyo-pedroche","tag-camino-mozarabe","tag-cordoba","tag-mtb","tag-vereda-de-linares","tag-virgen-de-linares"],"jetpack_publicize_connections":[],"jetpack_featured_media_url":"","jetpack_sharing_enabled":true,"_links":{"self":[{"href":"https:\/\/bitacora.eniac2000.com\/index.php?rest_route=\/wp\/v2\/posts\/2730","targetHints":{"allow":["GET"]}}],"collection":[{"href":"https:\/\/bitacora.eniac2000.com\/index.php?rest_route=\/wp\/v2\/posts"}],"about":[{"href":"https:\/\/bitacora.eniac2000.com\/index.php?rest_route=\/wp\/v2\/types\/post"}],"author":[{"embeddable":true,"href":"https:\/\/bitacora.eniac2000.com\/index.php?rest_route=\/wp\/v2\/users\/1"}],"replies":[{"embeddable":true,"href":"https:\/\/bitacora.eniac2000.com\/index.php?rest_route=%2Fwp%2Fv2%2Fcomments&post=2730"}],"version-history":[{"count":0,"href":"https:\/\/bitacora.eniac2000.com\/index.php?rest_route=\/wp\/v2\/posts\/2730\/revisions"}],"wp:attachment":[{"href":"https:\/\/bitacora.eniac2000.com\/index.php?rest_route=%2Fwp%2Fv2%2Fmedia&parent=2730"}],"wp:term":[{"taxonomy":"category","embeddable":true,"href":"https:\/\/bitacora.eniac2000.com\/index.php?rest_route=%2Fwp%2Fv2%2Fcategories&post=2730"},{"taxonomy":"post_tag","embeddable":true,"href":"https:\/\/bitacora.eniac2000.com\/index.php?rest_route=%2Fwp%2Fv2%2Ftags&post=2730"},{"taxonomy":"series","embeddable":true,"href":"https:\/\/bitacora.eniac2000.com\/index.php?rest_route=%2Fwp%2Fv2%2Fseries&post=2730"}],"curies":[{"name":"wp","href":"https:\/\/api.w.org\/{rel}","templated":true}]}}