{"id":2802,"date":"2011-07-28T12:07:07","date_gmt":"2011-07-28T11:07:07","guid":{"rendered":"http:\/\/bitacora.eniac2000.com\/?p=2802"},"modified":"2011-07-28T12:07:07","modified_gmt":"2011-07-28T11:07:07","slug":"puente-de-almofrey-pontevedra","status":"publish","type":"post","link":"https:\/\/bitacora.eniac2000.com\/?p=2802","title":{"rendered":"Puente de Almofrey, Pontevedra"},"content":{"rendered":"<p>Se ve que no aprendo. El a\u00f1o pasado, <a href=\"http:\/\/bitacora.eniac2000.com\/?p=2198\">aproximadamente por estas fechas<\/a>, trat\u00e9 de recorrer parte del GR-94 entre Vilarchan y Almofrey. Y como el que haya le\u00eddo el enlace anterior podr\u00e1 comprobar, en aquel momento me qued\u00e9 con las ganas. El caso es que comentando esto con la hermana de Ana y su marido -Mari y Fernando-, nos decidimos a coger el coche e ir para all\u00e1 hace algunas tardes. Y all\u00e1 que fuimos. Y por fin pude tomar la foto que llevaba m\u00e1s de un a\u00f1o con ganas de a\u00f1adir a mi colecci\u00f3n:<\/p>\n<figure id=\"attachment_2803\" aria-describedby=\"caption-attachment-2803\" style=\"width: 300px\" class=\"wp-caption aligncenter\"><a href=\"http:\/\/bitacora.eniac2000.com\/wp-content\/uploads\/2011\/07\/IMG_20110724_211837.jpg\"><img loading=\"lazy\" decoding=\"async\" src=\"http:\/\/bitacora.eniac2000.com\/wp-content\/uploads\/2011\/07\/IMG_20110724_211837-300x400.jpg\" alt=\"Puente de Almofrey, Pontevedra\" title=\"Puente de Almofrey, Pontevedra\" width=\"300\" height=\"400\" class=\"size-medium wp-image-2803\" \/><\/a><figcaption id=\"caption-attachment-2803\" class=\"wp-caption-text\">Puente de Almofrey, Pontevedra<\/figcaption><\/figure>\n<p>Ea, ya estaba. Una nueva muesca en la culata de mi fusil. O de mi c\u00e1mara. O de mi m\u00f3vil. Tanto da. La cosa, en condiciones normales, habr\u00eda quedado ah\u00ed. Pero no. Hablando del fiasco del a\u00f1o anterior, a Fernando se le despertaron las ganas de retomar el ciclismo, abandonado hace ya unos cuantos a\u00f1os. Y como yo no necesito gran cosa para apuntarme a un bombardeo, en un abrir y cerrar de ojos decidimos volver a intentar la dichosa etapa ciclista por el GR-94.<\/p>\n<p>Ten\u00edamos un peque\u00f1o problema, y era el de la falta de bicis: mis m\u00e1quinas se encuentran en C\u00f3rdoba y Sevilla, y Fernando tan s\u00f3lo dispon\u00eda de su vieja bicicleta de carreras. As\u00ed que tuvimos que echarle imaginaci\u00f3n al asunto, y desempolvar dos bicicletas de monta\u00f1a: la de Mari, que llevaba a\u00f1os criando polvo en un trastero, y la de su sobrina, en condiciones similares, con la diferencia en este caso de que nunca hab\u00eda sido estrenada. Recu\u00e9rdese este hecho porque a la postre es bastante importante.<\/p>\n<p>As\u00ed que, dicho y hecho, nos hicimos con las bicis: bicis de monta\u00f1a de mujer, de cuadro peque\u00f1o, factura bastante deficiente, y sin el m\u00e1s m\u00ednimo mantenimiento en a\u00f1os. Por la noche, a la vuelta de Almofrey, tratamos de ponerlas a punto: inflado de ruedas, engrasado de cadena y cambios, ajuste -misi\u00f3n imposible, claro- de altura de sill\u00edn y manillar, y centrado de frenos. No ten\u00edamos siquiera las mejores herramientas, pero s\u00ed que ten\u00edamos cerveza. Digo&#8230; ganas de salir a rodar.<\/p>\n<p>Y salimos. A la tarde siguiente, a la vuelta del acuario, y tras haber dejado a las f\u00e9minas en la playa. Los problemas empezaron pronto. No ten\u00edamos cascos adecuados. Yo tuve que usar el de Fernando, que me quedaba peque\u00f1o, y Fernando el de Mari, que tambi\u00e9n. Portabidones, ni pensarlo. S\u00f3lo la botella de agua del Camino de Santiago. Y d\u00f3nde llevar llaves y el mismo bid\u00f3n&#8230; Bueno, puestos a hacer el rid\u00edculo, cog\u00ed la peque\u00f1a mochila rosa de Helena, la hija de Mari y Fernando, para llevar las cosas. Total, no soy del pueblo y bien puedo permitirme hacer -m\u00e1s- el rid\u00edculo.<\/p>\n<p>Al empezar a rodar la cosa no mejor\u00f3 en absoluto. El cuadro de las bicis nos quedaba rid\u00edculamente peque\u00f1o, y pese a subir el subir sill\u00edn y el manillar el asunto no hab\u00eda mejorado. As\u00ed que s\u00f3lo pod\u00edamos pedalear abriendo bastante las rodillas al exterior. Situaci\u00f3n pel\u00edn inc\u00f3moda para subir por <a href=\"http:\/\/es.wikiloc.com\/wikiloc\/imgServer.do?id=15442\">cuestas empedradas<\/a>. Pero as\u00ed es la vida.<\/p>\n<p>El primer problema mec\u00e1nico lleg\u00f3 a poco menos de dos kil\u00f3metros del punto de salida. Not\u00e9 c\u00f3mo el pedal izquierdo de la bici de Nerea -que era la que yo llevaba- empezaba a salirse de la biela. Y es que la bici, comprada pero nunca estrenada, no hab\u00eda sido apretada concienzudamente en todos sus componentes, empezando por los pedales&#8230; y terminando por el sillin, que pronto empez\u00f3 a oscilar peligrosamente sobre la tija. Por suerte unos vecinos nos prestaron una llave grifa, y pude apretar ambos elementos.<\/p>\n<p>Seguimos rodando. Poco despu\u00e9s de la parada pasamos por el tramo empedrado, donde poco falt\u00f3 para que las bicis se descuajaringaran de las vibraciones. Bueno, en realidad no falt\u00f3 poco: lo hicieron. Justo al terminar el tramo, el otro pedal empez\u00f3 a aflojarse -tambi\u00e9n pod\u00eda haberlo previsto, apretarlo por si acaso en la parada anterior-, algo que no era excesivamente grave. El problema gordo lo tuvo Fernando: su sill\u00edn empez\u00f3 igualmente a bailar&#8230; y parti\u00f3 la cadena. <em>Game Over<\/em>.<\/p>\n<p>Volvimos andando a casa. Nuestra excursi\u00f3n se hab\u00eda saldado con unos 5 kil\u00f3metros de recorrido, del que s\u00f3lo la mitad hicimos <em>en bici<\/em>. El resto lo hicimos <em>junto <\/em>a la bici. Se ve que esta etapa est\u00e1 gafada o algo. Aunque siendo sinceros, lo raro hubiera sido que en esta ocasi\u00f3n no hubiera pasado algo de esto, o a\u00fan peor. Al menos, la recompensa del fin de etapa nos la tomamos igual: un par de birras, para empezar, y un Moriles S.V. de Alvear que hab\u00eda tra\u00eddo desde C\u00f3rdoba para una ocasi\u00f3n semejante.<\/p>\n","protected":false},"excerpt":{"rendered":"<p>Se ve que no aprendo. El a\u00f1o pasado, aproximadamente por<\/p>\n","protected":false},"author":1,"featured_media":0,"comment_status":"open","ping_status":"open","sticky":false,"template":"","format":"standard","meta":{"advanced_seo_description":"","jetpack_seo_html_title":"","jetpack_seo_noindex":false,"_jetpack_memberships_contains_paid_content":false,"footnotes":"","jetpack_publicize_message":"","jetpack_publicize_feature_enabled":true,"jetpack_social_post_already_shared":false,"jetpack_social_options":{"image_generator_settings":{"template":"highway","default_image_id":0,"font":"","enabled":false},"version":2}},"categories":[24,20],"tags":[87,687,1129,1135,1295],"series":[],"class_list":["post-2802","post","type-post","status-publish","format-standard","hentry","category-ciclismo","category-vida-corriente","tag-almofrey","tag-fotografia","tag-moriles","tag-mtb","tag-pontevedra"],"jetpack_publicize_connections":[],"jetpack_featured_media_url":"","jetpack_sharing_enabled":true,"_links":{"self":[{"href":"https:\/\/bitacora.eniac2000.com\/index.php?rest_route=\/wp\/v2\/posts\/2802","targetHints":{"allow":["GET"]}}],"collection":[{"href":"https:\/\/bitacora.eniac2000.com\/index.php?rest_route=\/wp\/v2\/posts"}],"about":[{"href":"https:\/\/bitacora.eniac2000.com\/index.php?rest_route=\/wp\/v2\/types\/post"}],"author":[{"embeddable":true,"href":"https:\/\/bitacora.eniac2000.com\/index.php?rest_route=\/wp\/v2\/users\/1"}],"replies":[{"embeddable":true,"href":"https:\/\/bitacora.eniac2000.com\/index.php?rest_route=%2Fwp%2Fv2%2Fcomments&post=2802"}],"version-history":[{"count":0,"href":"https:\/\/bitacora.eniac2000.com\/index.php?rest_route=\/wp\/v2\/posts\/2802\/revisions"}],"wp:attachment":[{"href":"https:\/\/bitacora.eniac2000.com\/index.php?rest_route=%2Fwp%2Fv2%2Fmedia&parent=2802"}],"wp:term":[{"taxonomy":"category","embeddable":true,"href":"https:\/\/bitacora.eniac2000.com\/index.php?rest_route=%2Fwp%2Fv2%2Fcategories&post=2802"},{"taxonomy":"post_tag","embeddable":true,"href":"https:\/\/bitacora.eniac2000.com\/index.php?rest_route=%2Fwp%2Fv2%2Ftags&post=2802"},{"taxonomy":"series","embeddable":true,"href":"https:\/\/bitacora.eniac2000.com\/index.php?rest_route=%2Fwp%2Fv2%2Fseries&post=2802"}],"curies":[{"name":"wp","href":"https:\/\/api.w.org\/{rel}","templated":true}]}}