{"id":2809,"date":"2011-08-09T12:15:25","date_gmt":"2011-08-09T11:15:25","guid":{"rendered":"http:\/\/bitacora.eniac2000.com\/?p=2809"},"modified":"2025-10-05T17:12:53","modified_gmt":"2025-10-05T15:12:53","slug":"etapa-ciclista-los-morales-las-jaras-cuesta-del-reventon-07082011","status":"publish","type":"post","link":"https:\/\/bitacora.eniac2000.com\/?p=2809","title":{"rendered":"Etapa ciclista: Los Morales &#8211; Las Jaras &#8211; Cuesta del Revent\u00f3n (07\/08\/2011)"},"content":{"rendered":"<p>El pasado domingo volv\u00ed a dar pedales con algunos amigos en C\u00f3rdoba. Era la primera salida despu\u00e9s de una pausa veraniega en la que el Camino de Santiago y el tostarse vuelva y vuelta en algunas playas gallegas me hab\u00edan mantenido alejado del maillot, la burra, y el suplicio de montarse a dar pedales en C\u00f3rdoba (o en Sevilla, tanto da) en pleno verano. Pero como uno es un enfermo de esto, lo primero que hice en cuanto volv\u00ed a casa tras mis vacaciones fue quedar para empezar a dar guerra por la Sierra.<\/p>\n<p>Todo promet\u00eda que iba a ser una etapa de las que hac\u00edan \u00e9poca: los <em>ciclotrastornados<\/em> que salimos as\u00ed llueve, truene o haga un sol que derrita el plomo, hab\u00edamos conseguido repescar para la guerra a viejos compa\u00f1eros de etapa&#8230; e incluso a\u00f1adir algunos nuevos, equipados incluso con aut\u00e9nticos carros blindados. Parec\u00eda incluso que nos \u00edbamos a juntar un grupo de 8 personas para salir a dar pedales. Pero tambi\u00e9n hab\u00edamos tenido que transigir en algunos aspectos. Y uno crucial era el de la hora: quedamos para salir el domingo a las 9:30h. No era algo demasiado grave: al fin y al cabo, en C\u00f3rdoba el verano estaba siendo bastante suave para lo que es costumbre. Otro de los aspectos fue el recorrido: recortamos las habituales etapas de m\u00e1s de 50 kms. hasta una etapa de menos de 25, y con tramos de carretera, y todo. Esto \u00faltimo no es algo que me viniera -personalmente- mal, despu\u00e9s de m\u00e1s de un mes sin rodar, por lo que estaba contento con ello.<\/p>\n<p>Pero poco a poco, la etapa empez\u00f3 a torcerse. La primera muestra de ello la tuvimos la misma noche del viernes, cuando a las doce y media de la noche las chicharras cantaban en toda una org\u00eda de chirridos m\u00e1s propia de la hora de la siesta que de otra cosa. El fin de semana se adivinaba duro en lo climatol\u00f3gico. Y en los d\u00edas posteriores no se puede decir que el clima se atemperara, sino m\u00e1s bien todo lo contrario.<\/p>\n<p>En realidad, la culpa es m\u00eda por ser optimista, pero no lo puedo evitar. A la hora de la verdad, el domingo a las 9:30h los que est\u00e1bamos listos para salir nos pod\u00edamos contar con los dedos de una mano&#8230; e incluso sobraban dos dedos: Javi Aljama, \u00c1ngel y yo. Siendo fiel a la verdad, tengo que admitir que es algo que no me sorprend\u00eda excesivamente. En realidad, s\u00f3lo me sorprend\u00eda la baja de Man\u00e9, pero pronto tuve conocimiento de que estaba librando otras guerras por ah\u00ed, ante lo que s\u00f3lo puedo descubrirme, y darle mi m\u00e1s completo apoyo. <img src=\"https:\/\/bitacora.eniac2000.com\/wp-includes\/images\/smilies\/mrgreen.png\" alt=\":mrgreen:\" class=\"wp-smiley\" style=\"height: 1em; max-height: 1em;\" \/><\/p>\n<p>Total, que a las 9:30h \u00c1ngel y yo arrancamos a rodar, con un calor bastante considerable, camino de los Morales. Nos encontramos con Javi en la rotonda de la calle Mayoral, y seguimos con el ascenso. Dado que nos hab\u00edamos quedado los de la vieja guardia, desechamos subir por asfalto, para hacerlo por Los Morales. Al fin y al cabo, llev\u00e1bamos bicis de monta\u00f1a, \u00bfno? \ud83d\ude42<\/p>\n<p>En estos primeros compases de la etapa me estaba encontrando fant\u00e1sticamente bien, pero andaba algo preocupado por esa molesta tendencia que tengo a tirar demasiado desde el inicio. Por desgracia, era algo que no mucho tiempo despu\u00e9s iba a pasarme factura. Hicimos una peque\u00f1a pausa para meter presi\u00f3n a la rueda trasera de \u00c1ngel, que estaba algo floja, y seguimos ascendiendo. Rondaban ya las diez de la ma\u00f1ana, y el calor era sencillamente brutal.<\/p>\n<p>Poco despu\u00e9s nos metimos en vereda, con la aut\u00e9ntica subida de Los Morales, y pronto empec\u00e9 a pasarlas canutas, entre el tremendo calor, y el maillot de manga larga que llevaba para evitar quemarme con el sol: hab\u00eda tenido que optar esa ma\u00f1ana entre pasar calor o quemarme. Hab\u00eda optado por lo primero, y no hab\u00eda tardado demasiado en empezar a lamentarlo, en mitad de esas espantosas rampas con hasta el 23% de inclinaci\u00f3n, en las que s\u00f3lo pod\u00edas respirar vaharadas de aire recalentado. Tuve que echar pie a tierra en unas cuantas ocasiones, antes de alcanzar la Fuente de los Piconeros.<\/p>\n<p>A partir de la fuente, y ante el tremendo calor, marcamos un ritmo tranquilo: plato peque\u00f1o y pi\u00f1\u00f3n grande, y a subir con calma. Al fin y al cabo, como dijo \u00c1ngel m\u00e1s de una vez, se trataba de pasarlo bien, no de echar los higadillos. Con todo, llegamos al Lagar a las 10:42, con un tiempo de subida de 72 minutos, en los que hab\u00edamos hecho tres pausas de unos 10 minutos de duraci\u00f3n en total. Para lo que estaba cayendo, no estaba mal.<\/p>\n<p>Sin detenernos, iniciamos el descenso por el GR-48 en direcci\u00f3n a Las Jaras. Una divertida bajada, que actu\u00f3 como un genial b\u00e1lsamos para olvidar el espanto de la subida anterior. Abandonamos el GR-48 justo antes de que gire hacia el este, en direcci\u00f3n Los Villares, y tomamos una pista -primero- y un sendero -despu\u00e9s- que llevan directamente hasta Las Jaras, donde llegamos al filo de las 11:00h&#8230; y donde aprovechamos para hacer una bien merecida parada para hincharnos a churros con chocolate. Bueno, con <em>batido<\/em> de chocolate y cola-cao, que la cosa no estaba como para meterse entre pecho y espalda un chocolatazo <em>caliente<\/em>.<\/p>\n<p>Tras esta pausa de media hora, reiniciamos nuestra etapa. Sobre el papel, hab\u00eda previsto realizar un tramo de la vereda de la Pasada del Pino hasta las cercan\u00edas del Club de Golf, y volver de nuevo casi hasta Las Jaras. Pero vista la hora que era, y teniendo en cuenta que \u00c1ngel ten\u00eda que estar de vuelta antes de las 13:00h para dirigirse a M\u00e1laga, optamos por recortar el recorrido, volviendo directamente al Lagar de la Cruz por carretera, con \u00c1ngel en cabeza, marcando un ritmo suave al principio, pero cada vez m\u00e1s intenso, muy a su estilo cuando afronta rampas largas. <\/p>\n<p>Por \u00faltimo, quedaba el enlace desde el Lagar hasta las Ermitas&#8230; que no pudimos menos que hacer por campo, bordeando la carretera CV-79.<\/p>\n<figure class=\"wp-block-piwigo-gallery-single-image piwigo-single-image\"><a href=\"https:\/\/www.eniac2000.com\/piwigo\/picture.php?\/9132\" target=\"_blank\" rel=\"noopener noreferrer\"><img decoding=\"async\" src=\"https:\/\/www.eniac2000.com\/piwigo\/_data\/i\/galleries\/albums\/ciclismo\/2011-08-07-jaras\/IMG_3711-me.JPG\" alt=\"IMG 3711\" \/><\/a><figcaption><strong>IMG 3711<\/strong><\/figcaption><\/figure>\n<p>&#8230;y donde tuvimos la segunda bajada divertida del d\u00eda, hasta las Ermitas, donde me hinch\u00e9 de tragar polvo:<\/p>\n<p><iframe loading=\"lazy\" frameborder=\"0\" width=\"512\" height=\"288\" src=\"https:\/\/www.dailymotion.com\/embed\/video\/xkflgh\" allowfullscreen allow=\"autoplay; fullscreen; picture-in-picture\"><\/iframe><\/p>\n<p>De nuevo sin pausa alguna -ya que no and\u00e1bamos especialmente sobrados de tiempo- emprendimos el tercer y \u00faltimo descenso de la etapa: la cuesta del Revent\u00f3n, que no tardamos mucho en ventilarnos, especialmente \u00c1ngel, que baja con unas dosis de <em>acarajosacadismo<\/em> enajenado que para s\u00ed quisiera <a href=\"https:\/\/www.youtube.com\/watch?v=TKgeCQGu_ug\">Ari Vatanen en plena subida al Pikes Peak<\/a>:<\/p>\n<p><iframe loading=\"lazy\" frameborder=\"0\" width=\"512\" height=\"288\" src=\"https:\/\/www.dailymotion.com\/embed\/video\/xkfm89\" allowfullscreen allow=\"autoplay; fullscreen; picture-in-picture\"><\/iframe><\/p>\n<p>Aunque, eso s\u00ed, paramos a hacernos una bonita foto:<\/p>\n<figure class=\"wp-block-piwigo-gallery-single-image piwigo-single-image\"><a href=\"https:\/\/www.eniac2000.com\/piwigo\/picture.php?\/9133\" target=\"_blank\" rel=\"noopener noreferrer\"><img decoding=\"async\" src=\"https:\/\/www.eniac2000.com\/piwigo\/_data\/i\/galleries\/albums\/ciclismo\/2011-08-07-jaras\/IMG_3712-me.JPG\" alt=\"IMG 3712\" \/><\/a><figcaption><strong>IMG 3712<\/strong><\/figcaption><\/figure>\n<p>Finalizamos el descenso a las 12:25h. A \u00c1ngel no le qued\u00f3 m\u00e1s remedio que salir corriendo a su casa, pero Javi y yo dimos por finalizada la etapa en su casa, donde nos esperaban birras, una excelente piscina, y un buen rato de palique.<\/p>\n<figure class=\"wp-block-piwigo-gallery-single-image piwigo-single-image\"><a href=\"https:\/\/www.eniac2000.com\/piwigo\/picture.php?\/9135\" target=\"_blank\" rel=\"noopener noreferrer\"><img decoding=\"async\" src=\"https:\/\/www.eniac2000.com\/piwigo\/_data\/i\/galleries\/albums\/ciclismo\/2011-08-07-jaras\/IMG_3714_2-me.JPG\" alt=\"IMG 3714 2\" \/><\/a><figcaption><strong>IMG 3714 2<\/strong><\/figcaption><\/figure>\n<p>El recorrido de la etapa en Google Maps es el siguiente:<\/p>\n<p><iframe loading=\"lazy\" width=\"425\" height=\"350\" frameborder=\"0\" scrolling=\"no\" marginheight=\"0\" marginwidth=\"0\" src=\"https:\/\/maps.google.es\/maps\/ms?msa=0&amp;ie=UTF8&amp;t=h&amp;msid=202361253797459258527.0004aa10a31cbdcae6a53&amp;ll=37.933908,-4.811325&amp;spn=0.094775,0.145912&amp;z=12&amp;output=embed\"><\/iframe><br \/><small>Ver <a href=\"https:\/\/maps.google.es\/maps\/ms?msa=0&amp;ie=UTF8&amp;t=h&amp;msid=202361253797459258527.0004aa10a31cbdcae6a53&amp;ll=37.933908,-4.811325&amp;spn=0.094775,0.145912&amp;z=12&amp;source=embed\" style=\"color:#0000FF;text-align:left\">2011\/08\/07: Los Morales &#8211; Las Jaras &#8211; El Revent\u00f3n<\/a> en un mapa m\u00e1s grande<\/small><\/p>\n<p>Los datos de la etapa son los siguientes:<\/p>\n<ul>\n<li><strong>Distancia (seg\u00fan el GPS):<\/strong> 21.3 km<\/li>\n<li><strong>Tiempo desde el inicio de la etapa:<\/strong> 3h 6m 29s<\/li>\n<\/ul>\n","protected":false},"excerpt":{"rendered":"<p>El pasado domingo volv\u00ed a dar pedales con algunos amigos<\/p>\n","protected":false},"author":1,"featured_media":0,"comment_status":"open","ping_status":"open","sticky":false,"template":"","format":"standard","meta":{"advanced_seo_description":"","jetpack_seo_html_title":"","jetpack_seo_noindex":false,"_jetpack_memberships_contains_paid_content":false,"footnotes":"","jetpack_publicize_message":"","jetpack_publicize_feature_enabled":true,"jetpack_social_post_already_shared":false,"jetpack_social_options":{"image_generator_settings":{"template":"highway","default_image_id":0,"font":"","enabled":false},"version":2}},"categories":[24,8],"tags":[392,496,950,964,965,1000,1135],"series":[],"class_list":["post-2809","post","type-post","status-publish","format-standard","hentry","category-ciclismo","category-deporte","tag-cordoba","tag-cuesta-del-reventon","tag-lagar-de-la-cruz","tag-las-ermitas","tag-las-jaras","tag-los-morales","tag-mtb"],"jetpack_publicize_connections":[],"jetpack_featured_media_url":"","jetpack_sharing_enabled":true,"_links":{"self":[{"href":"https:\/\/bitacora.eniac2000.com\/index.php?rest_route=\/wp\/v2\/posts\/2809","targetHints":{"allow":["GET"]}}],"collection":[{"href":"https:\/\/bitacora.eniac2000.com\/index.php?rest_route=\/wp\/v2\/posts"}],"about":[{"href":"https:\/\/bitacora.eniac2000.com\/index.php?rest_route=\/wp\/v2\/types\/post"}],"author":[{"embeddable":true,"href":"https:\/\/bitacora.eniac2000.com\/index.php?rest_route=\/wp\/v2\/users\/1"}],"replies":[{"embeddable":true,"href":"https:\/\/bitacora.eniac2000.com\/index.php?rest_route=%2Fwp%2Fv2%2Fcomments&post=2809"}],"version-history":[{"count":0,"href":"https:\/\/bitacora.eniac2000.com\/index.php?rest_route=\/wp\/v2\/posts\/2809\/revisions"}],"wp:attachment":[{"href":"https:\/\/bitacora.eniac2000.com\/index.php?rest_route=%2Fwp%2Fv2%2Fmedia&parent=2809"}],"wp:term":[{"taxonomy":"category","embeddable":true,"href":"https:\/\/bitacora.eniac2000.com\/index.php?rest_route=%2Fwp%2Fv2%2Fcategories&post=2809"},{"taxonomy":"post_tag","embeddable":true,"href":"https:\/\/bitacora.eniac2000.com\/index.php?rest_route=%2Fwp%2Fv2%2Ftags&post=2809"},{"taxonomy":"series","embeddable":true,"href":"https:\/\/bitacora.eniac2000.com\/index.php?rest_route=%2Fwp%2Fv2%2Fseries&post=2809"}],"curies":[{"name":"wp","href":"https:\/\/api.w.org\/{rel}","templated":true}]}}