{"id":2869,"date":"2011-11-07T22:57:30","date_gmt":"2011-11-07T21:57:30","guid":{"rendered":"http:\/\/bitacora.eniac2000.com\/?p=2869"},"modified":"2025-10-05T17:12:53","modified_gmt":"2025-10-05T15:12:53","slug":"etapa-ciclista-mairena-del-aljarafe-canada-de-la-barca-pinares-de-aznalcazar-23102011","status":"publish","type":"post","link":"https:\/\/bitacora.eniac2000.com\/?p=2869","title":{"rendered":"Etapa ciclista: Mairena del Aljarafe &#8211; Ca\u00f1ada de la Barca &#8211; Pinares de Aznalc\u00e1zar (23\/10\/2011)"},"content":{"rendered":"<p>Como comentaba en la <a href=\"http:\/\/bitacora.eniac2000.com\/?p=2866\">entrada anterior<\/a>, no iba a dejar pasar mucho tiempo antes de ir a rodar por la Ca\u00f1ada de la Barca. Para ser exactos, 8 d\u00edas despu\u00e9s est\u00e1bamos rodando por la Ca\u00f1ada, pero no adelantemos acontecimientos.<\/p>\n<p>El domingo 23 volvimos a salir a rodar los compa\u00f1eros del trabajo. En este caso, salimos a rodar Miguel, Rafa y yo. Ana decidi\u00f3 no venir ya que el d\u00eda amenazaba lluvia. Aun as\u00ed, nosotros decidimos arriesgarnos y salir. Incluso se nos uni\u00f3 \u00c1ngel, conocido de Miguel y que es cliente de nuestra empresa, y que es buen conocedor de la zona de la Ca\u00f1ada de la Barca.<\/p>\n<p>Empezamos la etapa reci\u00e9n pasadas las 9:00h. Salimos, como de costumbre, por el camino de la Venta del R\u00edo Pudio. Giramos a la izquierda por la Ca\u00f1ada Real de las Islas, justo tras pasar por el puente romano. Camino de Almensilla nos encontramos con \u00c1ngel, que no hab\u00eda salido de Mairena con nosotros. Tras los saludos de rigor, seguimos rodando, camino de Coria. En esta ocasi\u00f3n, tras pasar junto al cementerio, no seguimos por la Ca\u00f1ada, como en ocasiones anteriores, sino que giramos directamente a la derecha por un camino que surg\u00eda justo tras la zona de escombros y basura que afea la Ca\u00f1ada en esa zona. De esa manera, llegamos a la Vereda de Aznalc\u00e1zar sin tener que dar el rodeo que dimos en ocasiones anteriores. Sin muchas m\u00e1s novedades llegamos hasta el cruce con la Ca\u00f1ada de la Barca al filo de las 10:00h.<\/p>\n<figure class=\"wp-block-piwigo-gallery-single-image piwigo-single-image\"><a href=\"https:\/\/www.eniac2000.com\/piwigo\/picture.php?\/6247\" target=\"_blank\" rel=\"noopener noreferrer\"><img decoding=\"async\" src=\"https:\/\/www.eniac2000.com\/piwigo\/_data\/i\/galleries\/albums\/2015-03-via-plata-merida-zamora\/dia1\/IMAG0027-me.jpg\" alt=\"IMAG0027\" \/><\/a><figcaption><strong>IMAG0027<\/strong><\/figcaption><\/figure>\n<p>Esta vez s\u00ed que nos adentramos en terreno desconocido, al menos para m\u00ed. \u00c1ngel, por el contrario, conoc\u00eda bien la zona, y nos adelant\u00f3 lo que ya nos \u00edbamos a encontrar: trampas de arena, trampas de arena <em><a href=\"http:\/\/bitacora.eniac2000.com\/wp-content\/uploads\/2011\/11\/arena-everywhere.jpg\">everywhere<\/a><\/em>, algunas de ellas terror\u00edficas. Aun as\u00ed, merec\u00eda la pena rodar por la zona. A nuestra izquierda se alzaban los pinares de la Puebla del R\u00edo, y a la derecha campos de cultivo, en un impresionante contraste. Poco a poco notamos c\u00f3mo el tiempo empezaba a cambiar, y el cielo iba cubri\u00e9ndose poco a poco. Nubes de tormenta empezaban a asomar en el horizonte, tanto reales como metaf\u00f3ricas. Y es que no mucho tiempo despu\u00e9s en una zona completamente plana y recta, con pista buena y sin ninguna complejidad, me pegu\u00e9 el talegazo m\u00e1s grande que me he pegado en muchos a\u00f1os con la bici: tengo que admitir que iba algo distraido, mirando el paisaje y tal, y apenas apoyado en el manillar. Y en esas, al pasar por una peque\u00f1a hondonada de la pista, la rueda delantera se me hundi\u00f3 en el terreno. Se gir\u00f3 el manillar, y al no poder reaccionar, ca\u00ed a plomo en la pista, aterrizando con el hombro derecho, y golpe\u00e1ndome la mu\u00f1eca izquierda, el codo derecho, y la rodilla izquierda. Fue un golpe seco, duro, y tremendamente doloroso. Para colmo de males, ca\u00ed en el \u00fanico tramo de pista dura que hab\u00edamos tenido en kil\u00f3metros. Y encima, el pie derecho se me qued\u00f3 aprisionado en el rastral, con lo que no pod\u00eda levantarme. Una ca\u00edda tonta que tuvo bastantes consecuencias.<\/p>\n<p>Una vez me pude levantar, constat\u00e9 que ten\u00eda un fuerte golpe en el hombro derecho y en la mu\u00f1eca izquierda. Tem\u00eda m\u00e1s por esta \u00faltima, ya que una ca\u00edda bastante similar (pero a\u00fan m\u00e1s tonta) hace algunos a\u00f1os me provoc\u00f3 una fractura en la mu\u00f1eca derecha (escafoides) que me tuvo fastidiado unos cuantos meses. Tras constatar que no ten\u00eda nada roto (o al menos, lo suficientemente roto como para no pode continuar), nos volvimos a poner en marcha. Kil\u00f3metro y medio despu\u00e9s, justo cuando notamos que nos adentr\u00e1bamos de verdad en los pinares, realizamos una peque\u00f1a pausa de avituallamiento, que aprovech\u00e9 para hacer un nuevo informe de da\u00f1os: lo que m\u00e1s me molestaba era la mu\u00f1eca, pero not\u00e9 que ten\u00eda sangrando el codo derecho. Fant\u00e1stico. Por lo menos pod\u00eda mover el hombro, lo que era algo. O al menos, eso pensaba yo.<\/p>\n<p>Una vez finalizamos la pausa, nos adentramos m\u00e1s en los pinares. Con la arena, por supuesto, como nuestra inseparable compa\u00f1ero (bueno, inseparable, salvo en el tramo donde me hab\u00eda pegado el talegazo). En estas est\u00e1bamos, avanzando por los pinares, cuando empec\u00e9 a notar un extra\u00f1o sonido en la rueda trasera. Al observarla, y ver c\u00f3mo oscilaba, lo tuve bastante claro. En el talegazo hab\u00eda roto tambi\u00e9n alg\u00fan radio. Dos kil\u00f3metros despu\u00e9s llegamos a un cruce con el camino que bordea los pinares, en las cercan\u00edas del arroyo Majaberraque, y que comunica con el cordel de Triana a Villamanrique. All\u00ed hicimos una peque\u00f1a pausa, en la que pude constatar que hab\u00eda roto dos radios. Quiz\u00e1s era momento de tomar la pista y volver a casa, sobre todo teniendo en cuenta que el cielo cada vez m\u00e1s amenazaba lluvia. Pero tampoco era plan fastidiar a mis compa\u00f1eros, as\u00ed que decid\u00ed seguir adelante.<\/p>\n<p>Nuestro siguiente objetivo era cruzar el arroyo Majaberraque, y avanzar por los pinares hasta la Casa de Colmenar. Lo que sobre el plano era algo bastante f\u00e1cil (se trataba, simplemente, de seguir el itinerario que hab\u00edamos descargado de Wikiloc), sobre el terreno se convirti\u00f3 en algo sumamente complicado: el arroyo tiene un cauce bastante profundo, con paredes pr\u00e1cticamente verticales, imposibles de trepar arrastrando bicis. Por ello nos vimos obligados a salirnos del camino, bordeando el arroyo, hasta encontrar un vado practicable. Aun as\u00ed, cruzar el arroyo no fue cosa de coser y cantar.<\/p>\n<figure class=\"wp-block-piwigo-gallery-single-image piwigo-single-image\"><a href=\"https:\/\/www.eniac2000.com\/piwigo\/picture.php?\/6248\" target=\"_blank\" rel=\"noopener noreferrer\"><img decoding=\"async\" src=\"https:\/\/www.eniac2000.com\/piwigo\/_data\/i\/galleries\/albums\/2015-03-via-plata-merida-zamora\/dia1\/IMAG0028-me.jpg\" alt=\"IMAG0028\" \/><\/a><figcaption><strong>IMAG0028<\/strong><\/figcaption><\/figure>\n<p>Tras pasar el arroyo, salimos a una de las pistas de los pinares. Tomamos a nuestra izquierda una cancela, para seguir un sendero que se adentraba m\u00e1s a\u00fan en los pinares, camino de la Casa de Colmenar. El camino era en este caso arena pura, apenas apelmazada por agujas de pino, que hac\u00edan tremendamente complicado rodar. Y encima, el cielo cada vez se pon\u00eda m\u00e1s negro, y el aire nos tra\u00eda el olor de la tierra mojada. Estaba claro que la cosa iba a acabar en remoj\u00f3n, a menos que tuvi\u00e9ramos mucha suerte. <\/p>\n<figure class=\"wp-block-piwigo-gallery-single-image piwigo-single-image\"><a href=\"https:\/\/www.eniac2000.com\/piwigo\/picture.php?\/6251\" target=\"_blank\" rel=\"noopener noreferrer\"><img decoding=\"async\" src=\"https:\/\/www.eniac2000.com\/piwigo\/_data\/i\/galleries\/albums\/2015-03-via-plata-merida-zamora\/dia1\/IMAG0031-me.jpg\" alt=\"IMAG0031\" \/><\/a><figcaption><strong>IMAG0031<\/strong><\/figcaption><\/figure>\n<p>Kil\u00f3metro y medio despu\u00e9s de la cancela, salimos a un peque\u00f1o claro en el bosque, en el que destacaban cuatro enormes eucaliptos limoneros, de corteza completamente blanca. Est\u00e1bamos en la zona de la Casa del Colmenar. Y digo la zona porque de la casa no queda vestigio alguno a la vista.<\/p>\n<figure class=\"wp-block-piwigo-gallery-single-image piwigo-single-image\"><a href=\"https:\/\/www.eniac2000.com\/piwigo\/picture.php?\/6250\" target=\"_blank\" rel=\"noopener noreferrer\"><img decoding=\"async\" src=\"https:\/\/www.eniac2000.com\/piwigo\/_data\/i\/galleries\/albums\/2015-03-via-plata-merida-zamora\/dia1\/IMAG0030-me.jpg\" alt=\"IMAG0030\" \/><\/a><figcaption><strong>IMAG0030<\/strong><\/figcaption><\/figure>\n<p>Giramos a la izquierda junto a los eucaliptos, y tomamos uno de los caminos que se adentraban, en direcci\u00f3n oeste, de nuevo en los pinares. En este tramo el rodar era algo m\u00e1s asequible, ya que la omnipresente arena nos di\u00f3 un peque\u00f1o descanso. Seguimos el recorrido en el GPS, tomando los cruces siempre en direcci\u00f3n oeste, hasta que salimos de los pinares, y llegamos a una pista que lindaba con una zona bastante deforestada, formada apenas por matorral bajo. Ah\u00ed giramos a mano derecha, en direcci\u00f3n a la Casa de las Trescientas.<\/p>\n<p>Aprovechando que el firme era bastante m\u00e1s regular, Miguel aprovech\u00f3 para realizar un ataque subiendo bastante el ritmo. Como me ve\u00eda con fuerzas, y la mu\u00f1eca y el hombro no me molestaban excesivamente, decid\u00ed pegarme a su rueda, y aguantar todo lo posible. Y as\u00ed, a lo tonto, a lo tonto, nos despegamos de Rafa y de \u00c1ngel. Pasamos junto a la Casa, en la que se encontraba un grupo de cazadores, y as\u00ed, volvimos a entrar en los pinares, hasta llegar al cruce con el cordel de Triana a Villamanrique. Hab\u00edamos hecho un sprint de 3 kms. a una media de 20 km\/h por zonas de arena. Lo que no estaba nada mal.<\/p>\n<p>Hicimos un descanso de unos minutos, mientras llegaban Rafa y \u00c1ngel. Era mediod\u00eda, y est\u00e1bamos en el extremo m\u00e1s alejado de la etapa. Llev\u00e1bamos entre pecho y espalda 30 kms. de etapa. Por suerte \u00edbamos a hacer la vuelta por un camino algo m\u00e1s corto. Tomamos el cordel de vuelta, y pronto abandonamos la zona boscosa. Salimos a una zona completamente pelada, que suele ser una trampa de arena brutal, pero hab\u00edan ca\u00eddo algunas gotas, y el terreno estaba algo apelmazado, lo que nos permiti\u00f3 rodar de manera m\u00e1s c\u00f3moda. Llegamos al cruce con el camino que bordea los pinares, y nos dispusimos a afrontar la peque\u00f1a subida del Cordel por zona arenosa. \u00c1ngel hizo notar c\u00f3mo nos hab\u00eda respetado la lluvia hasta ese momento, y expres\u00f3 la esperanza de que no nos lloviera. Apenas 30 segundos despu\u00e9s, la lluvia empez\u00f3 a descargar.<\/p>\n<p>Afrontamos la subida por la pista de arena, esperando que en breve escampara. Esperanza futil. Cada vez llov\u00eda m\u00e1s fuerte, por lo que pronto no qued\u00f3 m\u00e1s remedio que detenernos, para sacar los impermeables. Al menos, \u00c1ngel y yo lo hicimos, ya que \u00e9ramos los que ten\u00edamos los impermeables guardados. Rafa lo llevaba puesto desde la salida, y Miguel le hab\u00eda echado valor, cosa que hubo de lamentar.<\/p>\n<p>Ya protegidos, seguimos subiendo y salimos de los pinares. El resto del camino era bastante conocido: pasar junto a la finca de cuatrovitas, la finca La Juliana y el aer\u00f3dromo. Apretamos el ritmo para no mojarnos demasiado, e intentar rodar por delante de la tormenta. Poco a poco lo fuimos consiguiendo, y pasamos de una lluvia intensa a una lluvia cada vez m\u00e1s fina. No dej\u00f3 de sorprendernos la enorme cantidad de gente que se encontraba haciendo perol y recorriendo el cordel en todoterreno y a caballo, hasta que recordamos que ese d\u00eda eran las fiestas patronales de Mairena. Fiestas, dicho sea de paso, algo pasadas por agua.<\/p>\n<p>La vuelta no tuvo ninguna novedad, salvo que nos separamos de \u00c1ngel una vez que pasamos junto a la Hacienda Monasterejo, antes del cruce con la carretera de Almensilla. A esas alturas ya pr\u00e1cticamente no llov\u00eda, pero no nos detuvimos a quitarnos los impermeables, lo que provoc\u00f3, junto con la salida del sol, que poco a poco empezara a cocerme en mi propia salsa. Y a todo eso, los dolores en hombro y mu\u00f1eca iban cada vez a m\u00e1s.<\/p>\n<p>Cuando pasamos por la carretera de Almensilla vimos que en la zona hab\u00eda ca\u00eddo un gran chaparr\u00f3n, ya que la carretera estaba chorreando. M\u00e1s adelante la tierra del camino estaba empapada; es m\u00e1s, al cruzar el puente romano sobre el r\u00edo Pudio, las conducciones de desag\u00fce de la zona estaban vertiendo agua a un nivel desmesurado. Hab\u00edamos tenido una suerte enorme, ya que todo indicaba que hab\u00eda ca\u00eddo un chaparr\u00f3n brutal que nos hab\u00eda respetado bastante. El final de la etapa fue bastante convencional. Cruzamos la parte vieja de Mairena, y dimos por finalizada la etapa junto a la cervecer\u00eda Macarena a las 13:15h, tras hacer un recorrido de 51&#8217;4 kms.<\/p>\n<p>Por mi parte, la etapa tuvo un ep\u00edlogo. Tres horas despu\u00e9s estaba montado en un tren camino de Madrid, con fuertes dolores en mu\u00f1eca y hombro, hasta arriba de analg\u00e9sicos. Una vez me hube enfriado, la verdadera dimensi\u00f3n de la ca\u00edda sali\u00f3 a la luz. Sin tiempo para ir al m\u00e9dico tuve que salir en viaje de negocios. Pas\u00e9 una noche espantosa en el hotel, y al d\u00eda siguiente no me qued\u00f3 m\u00e1s remedio que ir a una cl\u00ednica traumatol\u00f3gica. Por suerte no ten\u00eda nada m\u00e1s que una contusi\u00f3n en la mu\u00f1eca izquierda, pero en el hombro derecho ten\u00eda un derrame en la c\u00e1psula articular, que me oblig\u00f3 a tener el brazo derecho una semana en cabestrillo. Ha pasado una semana desde que me quit\u00e9 el cabestrillo, pero a\u00fan tengo molestias en el hombro derecho, que no me han permitido coger la bici desde entonces. \ud83d\ude41<\/p>\n<p>El recorrido de la etapa en Google Maps es el siguiente:<\/p>\n<p><iframe loading=\"lazy\" width=\"425\" height=\"350\" frameborder=\"0\" scrolling=\"no\" marginheight=\"0\" marginwidth=\"0\" src=\"https:\/\/maps.google.es\/maps\/ms?vpsrc=6&amp;ctz=-60&amp;ie=UTF8&amp;msa=0&amp;msid=202361253797459258527.0004b110691938a5f03d0&amp;t=h&amp;ll=37.299183,-6.135864&amp;spn=0.191175,0.291824&amp;z=11&amp;output=embed\"><\/iframe><br \/><small>Ver <a href=\"https:\/\/maps.google.es\/maps\/ms?vpsrc=6&amp;ctz=-60&amp;ie=UTF8&amp;msa=0&amp;msid=202361253797459258527.0004b110691938a5f03d0&amp;t=h&amp;ll=37.299183,-6.135864&amp;spn=0.191175,0.291824&amp;z=11&amp;source=embed\" style=\"color:#0000FF;text-align:left\">2011\/10\/23: Mairena del Aljarafe &#8211; Ca\u00f1ada de la Barca &#8211; Pinares de Aznalc\u00e1zar<\/a> en un mapa m\u00e1s grande<\/small><\/p>\n<p>Los datos de la etapa son los que siguen:<\/p>\n<ul>\n<li><strong>Distancia (seg\u00fan el veloc\u00edmetro):<\/strong> 51&#8217;503 km.<\/li>\n<li><strong>Distancia (seg\u00fan el GPS):<\/strong> 51&#8217;4 km.<\/li>\n<li><strong>Tiempo de etapa:<\/strong> 3h 10m 09s<\/li>\n<li><strong>Tiempo desde el inicio de la etapa:<\/strong> 4h 06m 46s<\/li>\n<li><strong>Velocidad media:<\/strong> 16&#8217;3 km\/h<\/li>\n<li><strong>Velocidad m\u00e1xima:<\/strong> 38&#8217;7 km\/h<\/li>\n<li><strong>Pulsaciones medias:<\/strong> 137 pulsaciones\/m<\/li>\n<li><strong>Pulsaciones m\u00e1ximas:<\/strong> 182<\/li>\n<li><strong>Consumo medio de calor\u00edas:<\/strong> 970 kcal\/h<\/li>\n<li><strong>Consumo m\u00e1ximo de calor\u00edas:<\/strong> 1410 kcal\/h<\/li>\n<li><strong>Tiempo en zonas de pulsaciones:<\/strong> 2h 52m 28s<\/li>\n<li><strong>Consumo total de calor\u00edas:<\/strong> 3970 kcal<\/li>\n<\/ul>\n","protected":false},"excerpt":{"rendered":"<p>Como comentaba en la entrada anterior, no iba a dejar<\/p>\n","protected":false},"author":1,"featured_media":0,"comment_status":"open","ping_status":"open","sticky":false,"template":"","format":"standard","meta":{"advanced_seo_description":"","jetpack_seo_html_title":"","jetpack_seo_noindex":false,"_jetpack_memberships_contains_paid_content":false,"footnotes":"","jetpack_publicize_message":"","jetpack_publicize_feature_enabled":true,"jetpack_social_post_already_shared":false,"jetpack_social_options":{"image_generator_settings":{"template":"highway","default_image_id":0,"font":"","enabled":false},"version":2}},"categories":[24,8],"tags":[263,266,457,461,1025,1135,1273,1274],"series":[],"class_list":["post-2869","post","type-post","status-publish","format-standard","hentry","category-ciclismo","category-deporte","tag-canada-de-la-barca","tag-canada-real-de-las-islas","tag-cordel-de-triana-a-villamanrique","tag-coria-del-rio","tag-mairena-del-aljarafe","tag-mtb","tag-pinares-de-aznalcazar","tag-pinares-de-la-puebla-del-rio"],"jetpack_publicize_connections":[],"jetpack_featured_media_url":"","jetpack_sharing_enabled":true,"_links":{"self":[{"href":"https:\/\/bitacora.eniac2000.com\/index.php?rest_route=\/wp\/v2\/posts\/2869","targetHints":{"allow":["GET"]}}],"collection":[{"href":"https:\/\/bitacora.eniac2000.com\/index.php?rest_route=\/wp\/v2\/posts"}],"about":[{"href":"https:\/\/bitacora.eniac2000.com\/index.php?rest_route=\/wp\/v2\/types\/post"}],"author":[{"embeddable":true,"href":"https:\/\/bitacora.eniac2000.com\/index.php?rest_route=\/wp\/v2\/users\/1"}],"replies":[{"embeddable":true,"href":"https:\/\/bitacora.eniac2000.com\/index.php?rest_route=%2Fwp%2Fv2%2Fcomments&post=2869"}],"version-history":[{"count":0,"href":"https:\/\/bitacora.eniac2000.com\/index.php?rest_route=\/wp\/v2\/posts\/2869\/revisions"}],"wp:attachment":[{"href":"https:\/\/bitacora.eniac2000.com\/index.php?rest_route=%2Fwp%2Fv2%2Fmedia&parent=2869"}],"wp:term":[{"taxonomy":"category","embeddable":true,"href":"https:\/\/bitacora.eniac2000.com\/index.php?rest_route=%2Fwp%2Fv2%2Fcategories&post=2869"},{"taxonomy":"post_tag","embeddable":true,"href":"https:\/\/bitacora.eniac2000.com\/index.php?rest_route=%2Fwp%2Fv2%2Ftags&post=2869"},{"taxonomy":"series","embeddable":true,"href":"https:\/\/bitacora.eniac2000.com\/index.php?rest_route=%2Fwp%2Fv2%2Fseries&post=2869"}],"curies":[{"name":"wp","href":"https:\/\/api.w.org\/{rel}","templated":true}]}}