{"id":2901,"date":"2011-11-30T19:17:44","date_gmt":"2011-11-30T18:17:44","guid":{"rendered":"http:\/\/bitacora.eniac2000.com\/?p=2901"},"modified":"2025-10-05T17:12:53","modified_gmt":"2025-10-05T15:12:53","slug":"palacio-de-la-merced-cordoba","status":"publish","type":"post","link":"https:\/\/bitacora.eniac2000.com\/?p=2901","title":{"rendered":"Palacio de la Merced, C\u00f3rdoba"},"content":{"rendered":"<p>El pasado s\u00e1bado estuve realizando una visita cultural -de la que hablar\u00e9 en otra entrada- parte de la cual transcurri\u00f3 en la sede de la Diputaci\u00f3n Provincial de C\u00f3rdoba, sita en el <a href=\"http:\/\/es.wikipedia.org\/wiki\/Palacio_de_la_merced\">Palacio de la Merced<\/a>. All\u00ed pude tomar la siguiente imagen:<\/p>\n<figure class=\"wp-block-piwigo-gallery-single-image piwigo-single-image\"><a href=\"https:\/\/www.eniac2000.com\/piwigo\/picture.php?\/5300\" target=\"_blank\" rel=\"noopener noreferrer\"><img decoding=\"async\" src=\"https:\/\/www.eniac2000.com\/piwigo\/_data\/i\/galleries\/albums\/2011-11-26-visita-yacimientos-romanos\/IMAG0071-me.jpg\" alt=\"IMAG0071\" \/><\/a><figcaption><strong>IMAG0071<\/strong><\/figcaption><\/figure>\n<p>\u00a1Espero que os guste!<\/p>\n","protected":false},"excerpt":{"rendered":"<p>El pasado s\u00e1bado estuve realizando una visita cultural -de la<\/p>\n","protected":false},"author":1,"featured_media":0,"comment_status":"open","ping_status":"open","sticky":false,"template":"","format":"standard","meta":{"advanced_seo_description":"","jetpack_seo_html_title":"","jetpack_seo_noindex":false,"_jetpack_memberships_contains_paid_content":false,"footnotes":"","jetpack_publicize_message":"","jetpack_publicize_feature_enabled":true,"jetpack_social_post_already_shared":false,"jetpack_social_options":{"image_generator_settings":{"template":"highway","default_image_id":0,"font":"","enabled":false},"version":2}},"categories":[20],"tags":[392,533,1224],"series":[],"class_list":["post-2901","post","type-post","status-publish","format-standard","hentry","category-vida-corriente","tag-cordoba","tag-diputacion","tag-palacio-de-la-merced"],"jetpack_publicize_connections":[],"jetpack_featured_media_url":"","jetpack_sharing_enabled":true,"_links":{"self":[{"href":"https:\/\/bitacora.eniac2000.com\/index.php?rest_route=\/wp\/v2\/posts\/2901","targetHints":{"allow":["GET"]}}],"collection":[{"href":"https:\/\/bitacora.eniac2000.com\/index.php?rest_route=\/wp\/v2\/posts"}],"about":[{"href":"https:\/\/bitacora.eniac2000.com\/index.php?rest_route=\/wp\/v2\/types\/post"}],"author":[{"embeddable":true,"href":"https:\/\/bitacora.eniac2000.com\/index.php?rest_route=\/wp\/v2\/users\/1"}],"replies":[{"embeddable":true,"href":"https:\/\/bitacora.eniac2000.com\/index.php?rest_route=%2Fwp%2Fv2%2Fcomments&post=2901"}],"version-history":[{"count":0,"href":"https:\/\/bitacora.eniac2000.com\/index.php?rest_route=\/wp\/v2\/posts\/2901\/revisions"}],"wp:attachment":[{"href":"https:\/\/bitacora.eniac2000.com\/index.php?rest_route=%2Fwp%2Fv2%2Fmedia&parent=2901"}],"wp:term":[{"taxonomy":"category","embeddable":true,"href":"https:\/\/bitacora.eniac2000.com\/index.php?rest_route=%2Fwp%2Fv2%2Fcategories&post=2901"},{"taxonomy":"post_tag","embeddable":true,"href":"https:\/\/bitacora.eniac2000.com\/index.php?rest_route=%2Fwp%2Fv2%2Ftags&post=2901"},{"taxonomy":"series","embeddable":true,"href":"https:\/\/bitacora.eniac2000.com\/index.php?rest_route=%2Fwp%2Fv2%2Fseries&post=2901"}],"curies":[{"name":"wp","href":"https:\/\/api.w.org\/{rel}","templated":true}]}}