{"id":2912,"date":"2011-12-17T19:28:04","date_gmt":"2011-12-17T18:28:04","guid":{"rendered":"http:\/\/bitacora.eniac2000.com\/?p=2912"},"modified":"2025-10-05T17:12:53","modified_gmt":"2025-10-05T15:12:53","slug":"etapa-ciclista-los-morales-fuentes-del-bejarano-montecobre-04122011","status":"publish","type":"post","link":"https:\/\/bitacora.eniac2000.com\/?p=2912","title":{"rendered":"Etapa ciclista: Los Morales &#8211; Fuentes del Bejarano &#8211; Montecobre (04\/12\/2011)"},"content":{"rendered":"<p>El pasado 4 de diciembre (cu\u00e1nto ha llovido ya, dicho sea de paso), sal\u00ed a rodar con mis amigos de C\u00f3rdoba. Esta vez tuvimos una nueva incorporaci\u00f3n al grupo: Inma, la hermana de \u00c1ngel. Por lo dem\u00e1s, completamos la partida Javi Balaguer, Man\u00e9, Carlos y yo. En esta ocasi\u00f3n, y por distintos avatares, los dem\u00e1s no pudieron acompa\u00f1arnos.<\/p>\n<p>Empezamos la etapa a las 9:35h, con una temperatura que no llegaba a los 10\u00baC, en una ma\u00f1ana clara y despejada. Empezamos con un bonito ascenso para abrir boca: la subida de Los Morales. Carlos llevaba en riguroso estreno su doble plato en la bici de descenso, lo que en la subida que ten\u00edamos por delante le iba a ser de una considerable ayuda. La subida por Los Morales iba a ser, como de costumbre, dura, exigente, y tremendamente fatigosa. Pero era algo que, por conocido, no nos iba a echar para atr\u00e1s, ni mucho menos. Como no ech\u00f3 para atr\u00e1s a Carlos, que subi\u00f3 como un campe\u00f3n con su bici de descenso, y a Inma y Javi, que pese al tiempo transcurrido sin salir en serio, demostraron un pundonor m\u00e1s que sobrado.<\/p>\n<p>Llegamos al Lagar de la Cruz al filo de las 11:00h, tras casi hora y media de subida. La ma\u00f1ana segu\u00eda siendo fr\u00eda, y nos encontramos con la sorpresa de que el cruce del Lagar estaba tomado por la Guardia Civil: esa misma ma\u00f1ana se disputaba una marcha de fondo a Las Ermitas. Hicimos una primera parada en el Lagar para reponer fuerzas. A\u00fan ten\u00edamos por delante un recorrido interesante: atravesar las Siete Fincas hasta las Fuentes del Bejarano, para posteriormente dirigirnos -si \u00edbamos con tiempo- hasta Santa Mar\u00eda de Trassierra, y volver a C\u00f3rdoba por el Bosque de Fangorn y Montecobre.<\/p>\n<p>Reanudamos la etapa a las 11:30h, a\u00fan con bastante fr\u00edo, pero acompa\u00f1ados por el sol. Hicimos un r\u00e1pido descenso por la pista asfaltada de las Siete Fincas, observando que segu\u00edamos las marcas rojas y blancas del GR-48, nuestro viejo amigo. Y precisamente por seguirlas, comet\u00ed un error en el recorrido previsto: nuestra intenci\u00f3n era llegar a las Fuentes del Bejarano por la senda que conduce a ellas directamente, girando a la izquierda por una de las calles de la urbanizaci\u00f3n. Sin embargo, al seguir estrictamente las marcas del GR-48, no tomamos el desv\u00edo a la izquierda, sino que seguimos por la pista principal, hasta que se transform\u00f3 en una pista de tierra. Cuando nos percatamos del error, tras una bajada trepidante, no era cosa volver atr\u00e1s. Y adem\u00e1s, era una buena manera de llegar al Bejarano por una pista que no hab\u00edamos recorrido.<\/p>\n<p>Seguimos pues, hacia delante, y acabamos llegando igualmente al Bejarano al filo del mediod\u00eda,tras un peque\u00f1o rodeo no previsto. \ud83d\ude42 Aunque en realidad las Fuentes del Bejarano hab\u00edan quedado fuera de nuestro recorrido, no vacilamos en ir expresamente hacia ellas. Total, estaban s\u00f3lo a un centenar escaso de metros. <img src=\"https:\/\/bitacora.eniac2000.com\/wp-includes\/images\/smilies\/mrgreen.png\" alt=\":mrgreen:\" class=\"wp-smiley\" style=\"height: 1em; max-height: 1em;\" \/><\/p>\n<figure class=\"wp-block-piwigo-gallery-single-image piwigo-single-image\"><a href=\"https:\/\/www.eniac2000.com\/piwigo\/picture.php?\/9343\" target=\"_blank\" rel=\"noopener noreferrer\"><img decoding=\"async\" src=\"https:\/\/www.eniac2000.com\/piwigo\/_data\/i\/galleries\/albums\/ciclismo\/2011-12-04-morales-bejarano-montecobre\/IMAG0083-me.jpg\" alt=\"IMAG0083\" \/><\/a><figcaption><strong>IMAG0083<\/strong><\/figcaption><\/figure>\n<p>Y es innegable que que el desv\u00edo merec\u00eda la pena: la zona se encontraba en pleno esplendor del oto\u00f1o. Lamentablemente, la ma\u00f1ana se nos estaba empezando a echar encima. Como en ocasiones anteriores, ten\u00edamos que volver apresuradamente a C\u00f3rdoba. En este caso, ten\u00edamos que estar de vuelta a las 13:30h, ya que Inma ten\u00eda que pasar por casa de su hermano antes de que \u00e9ste se fuera. A\u00fan as\u00ed, no pudimos dejar de realizar otro peque\u00f1o desv\u00edo por la vereda del Vado del Negro, hasta las cercan\u00edas del cortijo del Bejarano. Man\u00e9 nos hab\u00eda asegurado que merec\u00eda la pena hacerlo.<\/p>\n<figure class=\"wp-block-piwigo-gallery-single-image piwigo-single-image\"><a href=\"https:\/\/www.eniac2000.com\/piwigo\/picture.php?\/9350\" target=\"_blank\" rel=\"noopener noreferrer\"><img decoding=\"async\" src=\"https:\/\/www.eniac2000.com\/piwigo\/_data\/i\/galleries\/albums\/ciclismo\/2011-12-04-morales-bejarano-montecobre\/IMAG0090-me.jpg\" alt=\"IMAG0090\" \/><\/a><figcaption><strong>IMAG0090<\/strong><\/figcaption><\/figure>\n<p>Y tengo que reconocerlo: hab\u00eda acertado de pleno.<\/p>\n<figure class=\"wp-block-piwigo-gallery-single-image piwigo-single-image\"><a href=\"https:\/\/www.eniac2000.com\/piwigo\/picture.php?\/9352\" target=\"_blank\" rel=\"noopener noreferrer\"><img decoding=\"async\" src=\"https:\/\/www.eniac2000.com\/piwigo\/_data\/i\/galleries\/albums\/ciclismo\/2011-12-04-morales-bejarano-montecobre\/IMAG0092-me.jpg\" alt=\"IMAG0092\" \/><\/a><figcaption><strong>IMAG0092<\/strong><\/figcaption><\/figure>\n<p>Lamentablemente \u00edbamos con el tiempo algo justo, por lo que optamos por prescindir de la parada de Santa Mar\u00eda de Trassierra. En lugar de ello, bajamos directamente a la Fuente del Elefante, a donde llegamos a las 12:30h. Llev\u00e1bamos a esas alturas 15 kms. de recorrido.<\/p>\n<p><iframe loading=\"lazy\" frameborder=\"0\" width=\"512\" height=\"288\" src=\"https:\/\/www.dailymotion.com\/embed\/video\/xmsxfe\" allowfullscreen allow=\"autoplay; fullscreen; picture-in-picture\"><\/iframe><\/p>\n<p>La \u00faltima vez que hab\u00eda realizado esa bajada, romp\u00ed el tornillo que sujetaba los platos al eje del pedalier. Por suerte, <a href=\"http:\/\/bitacora.eniac2000.com\/?page_id=1944&#038;g2_itemId=2692\">lo descubr\u00ed al llegar a la fuente<\/a>, y no a media bajada.<\/p>\n<p>Dejamos atr\u00e1s r\u00e1pidamente la fuente, pasamos junto al Lagar del Ca\u00f1o del Escarabita, y avanzamos en direcci\u00f3n al Pinar de Torrehoria. La pista se encontraba llena de charcos embarrados, y all\u00ed Javi sufri\u00f3 un peque\u00f1o percance, afortunadamente sin consecuencias m\u00e1s all\u00e1 de un poco de barro. Una vez en la urbanizaci\u00f3n, descartamos atravesar el Bosque de Fangorn, y en su lugar optamos por tomar la pista que conduce hasta la entrada del Mirador de las Ni\u00f1as, y hacer la bajada directamente.<\/p>\n<p>A esas alturas de la etapa, Inma, Carlos y Javi empezaban a notar el peso de los kil\u00f3metros, especialmente los dos primeros. A\u00fan as\u00ed, segu\u00edan demostrando una entereza envidiable. Llegamos a la entrada del Mirador a las 13:00h, y sin soluci\u00f3n de continuidad nos dirigimos al comienzo de la bajada hasta la Torre de las Sietes Esquinas. No ten\u00edamos tiempo que perder. Hicimos ese tramo de la bajada en compa\u00f1\u00eda, pero nos dividimos para el siguiente: Javi y Man\u00e9 bajaron por Montecobre Express, y Carlos, Inma y yo por la bajada normal. En mi caso, esperaba poder grabar a Javi y Man\u00e9 realizando la bajada Express. Sin embargo, me hab\u00eda dejado encendida la c\u00e1mara en la bajada de la Fuente del Elefante, y hab\u00eda agotado la bater\u00eda. Por desgracia, s\u00f3lo lo descubr\u00ed al llegar a casa.<\/p>\n<p>Tras \u00abgrabar\u00bb a Man\u00e9 y Javi, realic\u00e9 un descenso fren\u00e9tico hasta el punto de encuentro. Demasiado fren\u00e9tico, ya que dej\u00e9 atr\u00e1s a Carlos e Inma. Y ambos, al no conocer bien la bajada, se despistaron en la Casa de la Ventana, y a punto estuvieron de perderse por los agrestes montes cordobeses. <img src=\"https:\/\/bitacora.eniac2000.com\/wp-includes\/images\/smilies\/mrgreen.png\" alt=\":mrgreen:\" class=\"wp-smiley\" style=\"height: 1em; max-height: 1em;\" \/> Afortunadamente pronto dieron con la bajada buena, y reanudamos la bajada, esta vez por carretera, camino de La Albaida.<\/p>\n<p>Regresamos a Santa Rosa a las 14:00h, algo m\u00e1s tarde de lo previsto. Carlos e Inma se dirigieron a casa de \u00c1ngel, mientras que Man\u00e9, Javi y yo fuimos a por otra clase de destino:<\/p>\n<figure class=\"wp-block-piwigo-gallery-single-image piwigo-single-image\"><a href=\"https:\/\/www.eniac2000.com\/piwigo\/picture.php?\/9353\" target=\"_blank\" rel=\"noopener noreferrer\"><img decoding=\"async\" src=\"https:\/\/www.eniac2000.com\/piwigo\/_data\/i\/galleries\/albums\/ciclismo\/2011-12-04-morales-bejarano-montecobre\/IMAG0093-me.jpg\" alt=\"IMAG0093\" \/><\/a><figcaption><strong>IMAG0093<\/strong><\/figcaption><\/figure>\n<p>Poco despu\u00e9s se nos uni\u00f3 Carlos, y cerveza mediante, dimos por terminada la etapa.<\/p>\n<p>Los datos de la etapa son los siguientes:<\/p>\n<ul>\n<li><strong>Distancia (seg\u00fan el veloc\u00edmetro):<\/strong> 30&#8217;65 km.<\/li>\n<li><strong>Distancia (seg\u00fan el GPS):<\/strong> 29&#8217;6 km.<\/li>\n<li><strong>Tiempo de etapa:<\/strong> 2h 31m 54s<\/li>\n<li><strong>Tiempo desde el inicio de la etapa:<\/strong> 4h 17m 44s<\/li>\n<li><strong>Velocidad media:<\/strong> 12&#8217;1 km\/h<\/li>\n<li><strong>Velocidad m\u00e1xima:<\/strong> 54&#8217;09 km\/h<\/li>\n<li><strong>Pulsaciones medias:<\/strong> 134 pulsaciones\/m<\/li>\n<li><strong>Pulsaciones m\u00e1ximas:<\/strong> 184<\/li>\n<li><strong>Consumo medio de calor\u00edas:<\/strong> 940 kcal\/h<\/li>\n<li><strong>Consumo m\u00e1ximo de calor\u00edas:<\/strong> 1420 kcal\/h<\/li>\n<li><strong>Tiempo en zonas de pulsaciones:<\/strong> 2h 22m 41s<\/li>\n<li><strong>Consumo total de calor\u00edas:<\/strong> 3852 kcal<\/li>\n<\/ul>\n<p>Y aqu\u00ed est\u00e1 el enlace al recorrido de la etapa: <a href=\"http:\/\/www.mtbafondo.es\/activity\/p\/390\/\">Los Morales &#8211; Fuentes del Bejarano &#8211; Montecobre<\/a><\/p>\n","protected":false},"excerpt":{"rendered":"<p>El pasado 4 de diciembre (cu\u00e1nto ha llovido ya, dicho<\/p>\n","protected":false},"author":1,"featured_media":0,"comment_status":"open","ping_status":"open","sticky":false,"template":"","format":"standard","meta":{"advanced_seo_description":"","jetpack_seo_html_title":"","jetpack_seo_noindex":false,"_jetpack_memberships_contains_paid_content":false,"footnotes":"","jetpack_publicize_message":"","jetpack_publicize_feature_enabled":true,"jetpack_social_post_already_shared":false,"jetpack_social_options":{"image_generator_settings":{"template":"highway","default_image_id":0,"font":"","enabled":false},"version":2}},"categories":[24,8],"tags":[215,392,703,950,1000,1086,1119,1135,1650],"series":[],"class_list":["post-2912","post","type-post","status-publish","format-standard","hentry","category-ciclismo","category-deporte","tag-bejarano","tag-cordoba","tag-fuente-del-elefante","tag-lagar-de-la-cruz","tag-los-morales","tag-mirador-de-las-ninas","tag-montecobre","tag-mtb","tag-torre-de-las-siete-esquinas"],"jetpack_publicize_connections":[],"jetpack_featured_media_url":"","jetpack_sharing_enabled":true,"_links":{"self":[{"href":"https:\/\/bitacora.eniac2000.com\/index.php?rest_route=\/wp\/v2\/posts\/2912","targetHints":{"allow":["GET"]}}],"collection":[{"href":"https:\/\/bitacora.eniac2000.com\/index.php?rest_route=\/wp\/v2\/posts"}],"about":[{"href":"https:\/\/bitacora.eniac2000.com\/index.php?rest_route=\/wp\/v2\/types\/post"}],"author":[{"embeddable":true,"href":"https:\/\/bitacora.eniac2000.com\/index.php?rest_route=\/wp\/v2\/users\/1"}],"replies":[{"embeddable":true,"href":"https:\/\/bitacora.eniac2000.com\/index.php?rest_route=%2Fwp%2Fv2%2Fcomments&post=2912"}],"version-history":[{"count":0,"href":"https:\/\/bitacora.eniac2000.com\/index.php?rest_route=\/wp\/v2\/posts\/2912\/revisions"}],"wp:attachment":[{"href":"https:\/\/bitacora.eniac2000.com\/index.php?rest_route=%2Fwp%2Fv2%2Fmedia&parent=2912"}],"wp:term":[{"taxonomy":"category","embeddable":true,"href":"https:\/\/bitacora.eniac2000.com\/index.php?rest_route=%2Fwp%2Fv2%2Fcategories&post=2912"},{"taxonomy":"post_tag","embeddable":true,"href":"https:\/\/bitacora.eniac2000.com\/index.php?rest_route=%2Fwp%2Fv2%2Ftags&post=2912"},{"taxonomy":"series","embeddable":true,"href":"https:\/\/bitacora.eniac2000.com\/index.php?rest_route=%2Fwp%2Fv2%2Fseries&post=2912"}],"curies":[{"name":"wp","href":"https:\/\/api.w.org\/{rel}","templated":true}]}}